{"id":1386,"date":"2010-10-11T15:20:38","date_gmt":"2010-10-11T13:20:38","guid":{"rendered":"http:\/\/ulliso.se\/blog\/?p=1386"},"modified":"2010-10-11T15:20:38","modified_gmt":"2010-10-11T13:20:38","slug":"mandag-8","status":"publish","type":"post","link":"https:\/\/ulliso.se\/blog\/?p=1386","title":{"rendered":"M\u00e5ndag"},"content":{"rendered":"<p>Ja, s\u00e5 var det m\u00e5ndag igen. Det rullar p\u00e5 hemskt fort, tycker jag.<\/p>\n<p>I helgen har jag jobbat p\u00e5 hotellet. I l\u00f6rdags hade jag lagom att g\u00f6ra, ig\u00e5r hade jag det desto stressigare. Jag har varit helt ensam med att st\u00e4da rum b\u00e5da dagarna, och det frestar p\u00e5. Oftast \u00e4r vi tv\u00e5 som jobbar ihop och d\u00e5 turas vi om s\u00e5 att man i vartannat rum b\u00e4ddar resp. st\u00e4dar toaletten. Nu fick jag g\u00f6ra <em>allt<\/em> sj\u00e4lv. R\u00e4knade ut att jag b\u00e4ddade 13 s\u00e4ngar ig\u00e5r, varav en hemsk v\u00e5ningss\u00e4ng. Jag fick ont i h\u00f6ger axel, s\u00e5 <em>det<\/em> plus en annan sak, gjorde att jag k\u00e4nde mig irriterad n\u00e4stan hela arbetsdagen ig\u00e5r.<\/p>\n<p>Ig\u00e5r bj\u00f6d Jonas f\u00f6r\u00e4ldrar p\u00e5 middag, vi lagade k\u00f6ttf\u00e4rsbr\u00f6d.<\/p>\n<p>I l\u00f6rdags eftermiddag \u00e5kte vi till <a href=\"http:\/\/www.javre.se\/\" target=\"_blank\">J\u00e4vre<\/a> och fyren d\u00e4r. P\u00e5 d\u00f6rren stod det att man kunde f\u00e5 l\u00e5na en nyckel i Ica-aff\u00e4ren s\u00e5 vi gick dit och l\u00e5nade den. (Ica-aff\u00e4ren heter f\u00f6rresten E-Fyren. Lite vitsigt namn de f\u00e5tt till d\u00e4r, dels ligger den ju vid fyren, men \u00e4ven intill E4). Vi gick upp i fyren. Jag gick dock inte hela v\u00e4gen upp, feg som jag \u00e4r. ;) Men Jonas gjorde det.<\/p>\n<p>H\u00e4r \u00e4r en av bilderna som jag tog. Mer bilder kommer senare.<\/p>\n<p><img loading=\"lazy\" class=\"alignnone\" title=\"Fyr\" src=\"http:\/\/farm5.static.flickr.com\/4145\/5071065951_c01a59a407.jpg\" alt=\"\" width=\"319\" height=\"500\" \/><\/p>\n<p>Jag har nu b\u00f6rjat skriva matdagbok p\u00e5 matdagboken.se (<em>tack f\u00f6r tipset, Anna<\/em>). Jag har skrivit 4 dagar i rad nu. De tre senaste dagarna har jag legat p\u00e5 minuskalorier. <em> <\/em>I fredags l\u00e5g jag dock f\u00f6rst p\u00e5 plus, men p\u00e5 kv\u00e4llen best\u00e4mde vi oss f\u00f6r att \u00e5ka till Statoil f\u00f6r att handla n\u00e5t godis, s\u00e5 d\u00e5 hamnade jag p\u00e5 minus. Idag har jag iallafall gott om kalorier kvar, s\u00e5 d\u00e5 ska jag f\u00f6rhoppningsvis inte hamna p\u00e5 minus. Jag har motionerat i totalt 1 timme idag ocks\u00e5.<\/p>\n<p>Jag \u00e4ter mer \u00e4n jag trodde, inte konstigt att jag k\u00e4nner mig tjock. Men med matdagboken ska det bli \u00e4ndring p\u00e5 detta hoppas jag.<\/p>\n","protected":false},"excerpt":{"rendered":"<p>Ja, s\u00e5 var det m\u00e5ndag igen. Det rullar p\u00e5 hemskt fort, tycker jag. I helgen har jag jobbat p\u00e5 hotellet. I l\u00f6rdags hade jag lagom att g\u00f6ra, ig\u00e5r hade jag det desto stressigare. Jag har varit helt ensam med att st\u00e4da rum b\u00e5da dagarna, och det frestar p\u00e5. Oftast \u00e4r vi tv\u00e5 som jobbar ihop [&hellip;]<\/p>\n","protected":false},"author":1,"featured_media":0,"comment_status":"open","ping_status":"open","sticky":false,"template":"","format":"standard","meta":{"ngg_post_thumbnail":0},"categories":[18,6],"tags":[],"_links":{"self":[{"href":"https:\/\/ulliso.se\/blog\/index.php?rest_route=\/wp\/v2\/posts\/1386"}],"collection":[{"href":"https:\/\/ulliso.se\/blog\/index.php?rest_route=\/wp\/v2\/posts"}],"about":[{"href":"https:\/\/ulliso.se\/blog\/index.php?rest_route=\/wp\/v2\/types\/post"}],"author":[{"embeddable":true,"href":"https:\/\/ulliso.se\/blog\/index.php?rest_route=\/wp\/v2\/users\/1"}],"replies":[{"embeddable":true,"href":"https:\/\/ulliso.se\/blog\/index.php?rest_route=%2Fwp%2Fv2%2Fcomments&post=1386"}],"version-history":[{"count":2,"href":"https:\/\/ulliso.se\/blog\/index.php?rest_route=\/wp\/v2\/posts\/1386\/revisions"}],"predecessor-version":[{"id":1388,"href":"https:\/\/ulliso.se\/blog\/index.php?rest_route=\/wp\/v2\/posts\/1386\/revisions\/1388"}],"wp:attachment":[{"href":"https:\/\/ulliso.se\/blog\/index.php?rest_route=%2Fwp%2Fv2%2Fmedia&parent=1386"}],"wp:term":[{"taxonomy":"category","embeddable":true,"href":"https:\/\/ulliso.se\/blog\/index.php?rest_route=%2Fwp%2Fv2%2Fcategories&post=1386"},{"taxonomy":"post_tag","embeddable":true,"href":"https:\/\/ulliso.se\/blog\/index.php?rest_route=%2Fwp%2Fv2%2Ftags&post=1386"}],"curies":[{"name":"wp","href":"https:\/\/api.w.org\/{rel}","templated":true}]}}