{"id":1488,"date":"2010-11-28T23:09:23","date_gmt":"2010-11-28T22:09:23","guid":{"rendered":"http:\/\/ulliso.se\/blog\/?p=1488"},"modified":"2010-12-15T22:44:09","modified_gmt":"2010-12-15T21:44:09","slug":"1a-advent","status":"publish","type":"post","link":"https:\/\/ulliso.se\/blog\/?p=1488","title":{"rendered":"1:a advent"},"content":{"rendered":"<p>Jag har jobbat p\u00e5 hotellet hela helgen. Idag hade jag f\u00f6rberett mig p\u00e5 att f\u00e5 jobba till kl. 17 eftersom hotellet hade ett skylts\u00f6ndags-arrangemang d\u00e4r man bl.a. fick pyssla, baka pepparkakor och fika. Men vid 14.30 s\u00e5 tyckte Annelie att jag slitit nog, s\u00e5 d\u00e5 fick jag g\u00e5 hem. :) Det tackade jag f\u00f6r, f\u00f6r d\u00e5 hann jag och Jonas g\u00e5 p\u00e5 julskyltningen tillsammans. H\u00e4r uppe \u00e4r det mycket mysigare \u00e4n hemma i s\u00f6der, tycker jag.<\/p>\n<p>Jag har f\u00f6r \u00f6vrigt pratat med tv\u00e5 k\u00e4ndisar i helgen, det var trevligt. ;) Jag \u00e4r inte s\u00e5 van att f\u00e5 se k\u00e4ndisar, s\u00e5 jag tycker det \u00e4r kul n\u00e4r jag v\u00e4l f\u00e5r se n\u00e5gon och d\u00e5 i synnerhet f\u00e5 prata med dem. :p S\u00e4rskilt n\u00e4r de \u00e4r s\u00e5 trevliga som dessa tv\u00e5 var. :)<\/p>\n<p><img loading=\"lazy\" class=\"alignnone\" title=\"Belysning\" src=\"http:\/\/farm5.static.flickr.com\/4110\/5215715534_efd50eb07b.jpg\" alt=\"\" width=\"500\" height=\"375\" \/><\/p>\n<p><img loading=\"lazy\" class=\"alignnone\" title=\"Storgatan\" src=\"http:\/\/farm6.static.flickr.com\/5003\/5215124909_391ea9dec9.jpg\" alt=\"\" width=\"500\" height=\"375\" \/><\/p>\n<p><img loading=\"lazy\" class=\"alignnone\" title=\"F\u00f6rsta ljuset\" src=\"http:\/\/farm6.static.flickr.com\/5121\/5215126377_4c93db4ec6.jpg\" alt=\"\" width=\"500\" height=\"375\" \/><\/p>\n<p>Fler bilder finns p\u00e5 min <a href=\"http:\/\/www.flickr.com\/photos\/ulliso73\/\" target=\"_blank\">FLICKR<\/a>. D\u00e4r finns t.ex. bilder fr\u00e5n fredagens godisfixande, d\u00e5 jag gjorde egen ischoklad. T\u00e4nkte g\u00f6ra mintkyssar ocks\u00e5, men jag misslyckades med alla tre satserna som jag gjorde. Mycket irriterande. :( \u00a0Kommande vecka ska jag prova att g\u00f6ra kalops f\u00f6r f\u00f6rsta g\u00e5ngen. S\u00e5g n\u00e4mligen att Ica Kvantum har billig h\u00f6grev nu i veckan.<\/p>\n","protected":false},"excerpt":{"rendered":"<p>Jag har jobbat p\u00e5 hotellet hela helgen. Idag hade jag f\u00f6rberett mig p\u00e5 att f\u00e5 jobba till kl. 17 eftersom hotellet hade ett skylts\u00f6ndags-arrangemang d\u00e4r man bl.a. fick pyssla, baka pepparkakor och fika. Men vid 14.30 s\u00e5 tyckte Annelie att jag slitit nog, s\u00e5 d\u00e5 fick jag g\u00e5 hem. :) Det tackade jag f\u00f6r, f\u00f6r [&hellip;]<\/p>\n","protected":false},"author":1,"featured_media":0,"comment_status":"open","ping_status":"open","sticky":false,"template":"","format":"standard","meta":{"ngg_post_thumbnail":0},"categories":[3,6],"tags":[],"_links":{"self":[{"href":"https:\/\/ulliso.se\/blog\/index.php?rest_route=\/wp\/v2\/posts\/1488"}],"collection":[{"href":"https:\/\/ulliso.se\/blog\/index.php?rest_route=\/wp\/v2\/posts"}],"about":[{"href":"https:\/\/ulliso.se\/blog\/index.php?rest_route=\/wp\/v2\/types\/post"}],"author":[{"embeddable":true,"href":"https:\/\/ulliso.se\/blog\/index.php?rest_route=\/wp\/v2\/users\/1"}],"replies":[{"embeddable":true,"href":"https:\/\/ulliso.se\/blog\/index.php?rest_route=%2Fwp%2Fv2%2Fcomments&post=1488"}],"version-history":[{"count":6,"href":"https:\/\/ulliso.se\/blog\/index.php?rest_route=\/wp\/v2\/posts\/1488\/revisions"}],"predecessor-version":[{"id":1563,"href":"https:\/\/ulliso.se\/blog\/index.php?rest_route=\/wp\/v2\/posts\/1488\/revisions\/1563"}],"wp:attachment":[{"href":"https:\/\/ulliso.se\/blog\/index.php?rest_route=%2Fwp%2Fv2%2Fmedia&parent=1488"}],"wp:term":[{"taxonomy":"category","embeddable":true,"href":"https:\/\/ulliso.se\/blog\/index.php?rest_route=%2Fwp%2Fv2%2Fcategories&post=1488"},{"taxonomy":"post_tag","embeddable":true,"href":"https:\/\/ulliso.se\/blog\/index.php?rest_route=%2Fwp%2Fv2%2Ftags&post=1488"}],"curies":[{"name":"wp","href":"https:\/\/api.w.org\/{rel}","templated":true}]}}