{"id":1551,"date":"2010-12-12T19:12:21","date_gmt":"2010-12-12T18:12:21","guid":{"rendered":"http:\/\/ulliso.se\/blog\/?p=1551"},"modified":"2010-12-15T22:41:13","modified_gmt":"2010-12-15T21:41:13","slug":"sondag-15","status":"publish","type":"post","link":"https:\/\/ulliso.se\/blog\/?p=1551","title":{"rendered":"S\u00f6ndag"},"content":{"rendered":"<p>I fredags bakade vi mjuk pepparkaka och lussebullar.<\/p>\n<p><img loading=\"lazy\" class=\"alignnone\" title=\"Mjuk pepparkaka\" src=\"http:\/\/farm6.static.flickr.com\/5165\/5254398801_21c67f649e.jpg\" alt=\"\" width=\"500\" height=\"375\" \/><\/p>\n<p><img loading=\"lazy\" class=\"alignnone\" title=\"Lussekatter\" src=\"http:\/\/farm6.static.flickr.com\/5007\/5254399335_7b68076a2b.jpg\" alt=\"\" width=\"500\" height=\"375\" \/><\/p>\n<p>V\u00e5r hyacint blommar \u00e4ntligen nu. Det tog tv\u00e5 veckor f\u00f6r den att g\u00f6ra det.<\/p>\n<p><img loading=\"lazy\" class=\"alignnone\" title=\"hyacint\" src=\"http:\/\/farm6.static.flickr.com\/5088\/5255011450_12224df8e3.jpg\" alt=\"\" width=\"500\" height=\"375\" \/><\/p>\n<p>H\u00e4r kommer tre bilder fr\u00e5n stan:<\/p>\n<p><img loading=\"lazy\" class=\"alignnone\" title=\"stan1\" src=\"http:\/\/farm6.static.flickr.com\/5244\/5255011246_0ed50800b0.jpg\" alt=\"\" width=\"500\" height=\"375\" \/><\/p>\n<p>Dessa tv\u00e5 h\u00e4r nedan \u00e4r tagna i morse, n\u00e4r jag var p\u00e5 v\u00e4g till jobbet.<\/p>\n<p><img loading=\"lazy\" class=\"alignnone\" title=\"stan2\" src=\"http:\/\/farm6.static.flickr.com\/5166\/5255011686_bd2151b48e.jpg\" alt=\"\" width=\"500\" height=\"375\" \/><\/p>\n<p><img loading=\"lazy\" class=\"alignnone\" title=\"stan3\" src=\"http:\/\/farm6.static.flickr.com\/5282\/5254400369_8edcd6028e.jpg\" alt=\"\" width=\"500\" height=\"375\" \/><br \/>\nJag avslutar med denna bild eftersom det ju \u00e4r tredje advent idag.<\/p>\n<p><img loading=\"lazy\" class=\"alignnone\" title=\"tredje advent\" src=\"http:\/\/farm6.static.flickr.com\/5168\/5254400559_89a84420c3.jpg\" alt=\"\" width=\"500\" height=\"375\" \/><\/p>\n<div id=\"_mcePaste\"><em><span style=\"color: #ff0000;\">N\u00e4r tredje ljuset brinner<\/span><\/em><\/div>\n<div id=\"_mcePaste\"><em><span style=\"color: #ff0000;\">vi juleklappar syr<\/span><\/em><\/div>\n<div id=\"_mcePaste\"><em><span style=\"color: #ff0000;\">och mamma bakar kakor<\/span><\/em><\/div>\n<div id=\"_mcePaste\"><em><span style=\"color: #ff0000;\">och har ett fasligt styr<\/span><\/em><\/div>\n","protected":false},"excerpt":{"rendered":"<p>I fredags bakade vi mjuk pepparkaka och lussebullar. V\u00e5r hyacint blommar \u00e4ntligen nu. Det tog tv\u00e5 veckor f\u00f6r den att g\u00f6ra det. H\u00e4r kommer tre bilder fr\u00e5n stan: Dessa tv\u00e5 h\u00e4r nedan \u00e4r tagna i morse, n\u00e4r jag var p\u00e5 v\u00e4g till jobbet. Jag avslutar med denna bild eftersom det ju \u00e4r tredje advent idag. [&hellip;]<\/p>\n","protected":false},"author":1,"featured_media":0,"comment_status":"open","ping_status":"open","sticky":false,"template":"","format":"standard","meta":{"ngg_post_thumbnail":0},"categories":[3,6],"tags":[],"_links":{"self":[{"href":"https:\/\/ulliso.se\/blog\/index.php?rest_route=\/wp\/v2\/posts\/1551"}],"collection":[{"href":"https:\/\/ulliso.se\/blog\/index.php?rest_route=\/wp\/v2\/posts"}],"about":[{"href":"https:\/\/ulliso.se\/blog\/index.php?rest_route=\/wp\/v2\/types\/post"}],"author":[{"embeddable":true,"href":"https:\/\/ulliso.se\/blog\/index.php?rest_route=\/wp\/v2\/users\/1"}],"replies":[{"embeddable":true,"href":"https:\/\/ulliso.se\/blog\/index.php?rest_route=%2Fwp%2Fv2%2Fcomments&post=1551"}],"version-history":[{"count":3,"href":"https:\/\/ulliso.se\/blog\/index.php?rest_route=\/wp\/v2\/posts\/1551\/revisions"}],"predecessor-version":[{"id":1560,"href":"https:\/\/ulliso.se\/blog\/index.php?rest_route=\/wp\/v2\/posts\/1551\/revisions\/1560"}],"wp:attachment":[{"href":"https:\/\/ulliso.se\/blog\/index.php?rest_route=%2Fwp%2Fv2%2Fmedia&parent=1551"}],"wp:term":[{"taxonomy":"category","embeddable":true,"href":"https:\/\/ulliso.se\/blog\/index.php?rest_route=%2Fwp%2Fv2%2Fcategories&post=1551"},{"taxonomy":"post_tag","embeddable":true,"href":"https:\/\/ulliso.se\/blog\/index.php?rest_route=%2Fwp%2Fv2%2Ftags&post=1551"}],"curies":[{"name":"wp","href":"https:\/\/api.w.org\/{rel}","templated":true}]}}