{"id":1564,"date":"2010-12-18T15:18:16","date_gmt":"2010-12-18T14:18:16","guid":{"rendered":"http:\/\/ulliso.se\/blog\/?p=1564"},"modified":"2010-12-18T15:19:05","modified_gmt":"2010-12-18T14:19:05","slug":"snart-jul","status":"publish","type":"post","link":"https:\/\/ulliso.se\/blog\/?p=1564","title":{"rendered":"Snart jul"},"content":{"rendered":"<p>H\u00e4r kommer n\u00e5gra vintriga och juliga bilder. :) Jag ska snart skriva ett inl\u00e4gg om granen som vi varit ute och huggit idag.<\/p>\n<p><img loading=\"lazy\" class=\"alignnone\" title=\"Sn\u00f6f\u00f6nster\" src=\"http:\/\/farm6.static.flickr.com\/5084\/5270665913_65ccb1e414.jpg\" alt=\"\" width=\"500\" height=\"375\" \/><br \/>\n<em>Det har sn\u00f6at oavbrutet i \u00f6ver 2 dygn. Tack s\u00e5 mycket, men <strong>det r\u00e4cker nu<\/strong>! <\/em><\/p>\n<p><em><\/em><br \/>\n<img loading=\"lazy\" class=\"alignnone\" title=\"Paket\" src=\"http:\/\/farm6.static.flickr.com\/5124\/5270665813_11559130d0.jpg\" alt=\"\" width=\"500\" height=\"375\" \/><br \/>\n<em>Paketinslagning p\u00e5g\u00e5r. <\/em><\/p>\n<p><em><img loading=\"lazy\" class=\"alignnone\" title=\"Vy\" src=\"http:\/\/farm6.static.flickr.com\/5007\/5270665723_b8daf4044a.jpg\" alt=\"\" width=\"500\" height=\"375\" \/><br \/>\n<\/em><em>Vy fr\u00e5n sjukhuset in mot centrum.<\/em><\/p>\n<p><em><img loading=\"lazy\" class=\"alignnone\" title=\"Vacker solnedg\u00e5ng\" src=\"http:\/\/farm6.static.flickr.com\/5246\/5271272244_288a5e3cdb.jpg\" alt=\"\" width=\"375\" height=\"500\" \/><br \/>\n<\/em><em>Vacker, men tidig solnedg\u00e5ng. <\/em><\/p>\n<p><em><img loading=\"lazy\" class=\"alignnone\" title=\"Sn\u00f6\" src=\"http:\/\/farm6.static.flickr.com\/5006\/5270665413_96f447ff36.jpg\" alt=\"\" width=\"500\" height=\"375\" \/><\/em><\/p>\n<p><em><img loading=\"lazy\" class=\"alignnone\" title=\"Sundsgatan\" src=\"http:\/\/farm6.static.flickr.com\/5123\/5271271974_e549178253.jpg\" alt=\"\" width=\"500\" height=\"375\" \/><br \/>\n<\/em><em>Sundsgatan. <\/em><\/p>\n","protected":false},"excerpt":{"rendered":"<p>H\u00e4r kommer n\u00e5gra vintriga och juliga bilder. :) Jag ska snart skriva ett inl\u00e4gg om granen som vi varit ute och huggit idag. Det har sn\u00f6at oavbrutet i \u00f6ver 2 dygn. Tack s\u00e5 mycket, men det r\u00e4cker nu! Paketinslagning p\u00e5g\u00e5r. Vy fr\u00e5n sjukhuset in mot centrum. Vacker, men tidig solnedg\u00e5ng. Sundsgatan.<\/p>\n","protected":false},"author":1,"featured_media":0,"comment_status":"open","ping_status":"open","sticky":false,"template":"","format":"standard","meta":{"ngg_post_thumbnail":0},"categories":[3],"tags":[],"_links":{"self":[{"href":"https:\/\/ulliso.se\/blog\/index.php?rest_route=\/wp\/v2\/posts\/1564"}],"collection":[{"href":"https:\/\/ulliso.se\/blog\/index.php?rest_route=\/wp\/v2\/posts"}],"about":[{"href":"https:\/\/ulliso.se\/blog\/index.php?rest_route=\/wp\/v2\/types\/post"}],"author":[{"embeddable":true,"href":"https:\/\/ulliso.se\/blog\/index.php?rest_route=\/wp\/v2\/users\/1"}],"replies":[{"embeddable":true,"href":"https:\/\/ulliso.se\/blog\/index.php?rest_route=%2Fwp%2Fv2%2Fcomments&post=1564"}],"version-history":[{"count":2,"href":"https:\/\/ulliso.se\/blog\/index.php?rest_route=\/wp\/v2\/posts\/1564\/revisions"}],"predecessor-version":[{"id":1566,"href":"https:\/\/ulliso.se\/blog\/index.php?rest_route=\/wp\/v2\/posts\/1564\/revisions\/1566"}],"wp:attachment":[{"href":"https:\/\/ulliso.se\/blog\/index.php?rest_route=%2Fwp%2Fv2%2Fmedia&parent=1564"}],"wp:term":[{"taxonomy":"category","embeddable":true,"href":"https:\/\/ulliso.se\/blog\/index.php?rest_route=%2Fwp%2Fv2%2Fcategories&post=1564"},{"taxonomy":"post_tag","embeddable":true,"href":"https:\/\/ulliso.se\/blog\/index.php?rest_route=%2Fwp%2Fv2%2Ftags&post=1564"}],"curies":[{"name":"wp","href":"https:\/\/api.w.org\/{rel}","templated":true}]}}