{"id":1687,"date":"2011-02-02T23:29:39","date_gmt":"2011-02-02T22:29:39","guid":{"rendered":"http:\/\/ulliso.se\/blog\/?p=1687"},"modified":"2011-02-02T23:29:39","modified_gmt":"2011-02-02T22:29:39","slug":"peppad","status":"publish","type":"post","link":"https:\/\/ulliso.se\/blog\/?p=1687","title":{"rendered":"Peppad"},"content":{"rendered":"<p><a href=\"https:\/\/ulliso.se\/blog\/wp-content\/uploads\/2011\/02\/traning.jpg\"><img loading=\"lazy\" class=\"alignnone size-medium wp-image-1688\" src=\"https:\/\/ulliso.se\/blog\/wp-content\/uploads\/2011\/02\/traning-300x210.jpg\" alt=\"\" width=\"300\" height=\"210\" srcset=\"https:\/\/ulliso.se\/blog\/wp-content\/uploads\/2011\/02\/traning-300x210.jpg 300w, https:\/\/ulliso.se\/blog\/wp-content\/uploads\/2011\/02\/traning.jpg 375w\" sizes=\"(max-width: 300px) 100vw, 300px\" \/><\/a><\/p>\n<p>Ja, s\u00e5 h\u00e4r hemsk har min tr\u00e4ningsstatistik sett ut de senaste tv\u00e5 m\u00e5naderna. :( Men nu \u00e4r jag p\u00e5 g\u00e5ng igen. Jag b\u00f6rjade tr\u00e4na igen ig\u00e5r. Nu n\u00e4r det \u00e4r s\u00e5 sn\u00f6igt och isigt ute s\u00e5 f\u00e5r jag n\u00f6ja mig med att cykla p\u00e5 motionscykeln. Jag tycker att det \u00e4r j\u00e4ttetr\u00e5kigt, jag f\u00f6redrar helt klart raska en-timmes-promenader utomhus. Men jag brukar se p\u00e5 n\u00e5gon rolig DVD samtidigt som jag cyklar, d\u00e5 g\u00e5r det mycket l\u00e4ttare.<\/p>\n<p>Ig\u00e5r bakade jag en andra omg\u00e5ng av mitt LCHF-br\u00f6d. Recept finns <a href=\"http:\/\/56kilo.se\/2011\/01\/12\/valnotsbrod-lchf\/\" target=\"_blank\">H\u00c4R<\/a>. Jag k\u00e4nner mig ibland lite l\u00e4tt manisk med min LCHF-kost. Jag tror att Jonas kan h\u00e5lla med mig. ;)<\/p>\n<p><a href=\"https:\/\/ulliso.se\/blog\/wp-content\/uploads\/2011\/02\/brod.jpg\"><img loading=\"lazy\" class=\"alignnone size-medium wp-image-1689\" src=\"https:\/\/ulliso.se\/blog\/wp-content\/uploads\/2011\/02\/brod-155x300.jpg\" alt=\"\" width=\"155\" height=\"300\" srcset=\"https:\/\/ulliso.se\/blog\/wp-content\/uploads\/2011\/02\/brod-155x300.jpg 155w, https:\/\/ulliso.se\/blog\/wp-content\/uploads\/2011\/02\/brod.jpg 500w\" sizes=\"(max-width: 155px) 100vw, 155px\" \/><\/a><\/p>\n<p>Snart \u00e4r det fredag, d\u00e5 ska vi ju till Lule\u00e5 och Coop Arena och kolla p\u00e5 genrepet p\u00e5 Melodifestivalen. Det ska bli roligt. Jag har aldrig varit p\u00e5 n\u00e5got &#8221;mello&#8221;-relaterat f\u00f6rut. Vi funderar p\u00e5 att \u00e4ta n\u00e5gonstans i Lule\u00e5 innan vi ska till arenan, men jag har aldrig varit inne i sj\u00e4lva stan (har bara varit p\u00e5 flygplatsen). \u00a0F\u00e5r se om vi kan hitta n\u00e5got bra st\u00e4lle.<\/p>\n","protected":false},"excerpt":{"rendered":"<p>Ja, s\u00e5 h\u00e4r hemsk har min tr\u00e4ningsstatistik sett ut de senaste tv\u00e5 m\u00e5naderna. :( Men nu \u00e4r jag p\u00e5 g\u00e5ng igen. Jag b\u00f6rjade tr\u00e4na igen ig\u00e5r. Nu n\u00e4r det \u00e4r s\u00e5 sn\u00f6igt och isigt ute s\u00e5 f\u00e5r jag n\u00f6ja mig med att cykla p\u00e5 motionscykeln. Jag tycker att det \u00e4r j\u00e4ttetr\u00e5kigt, jag f\u00f6redrar helt klart [&hellip;]<\/p>\n","protected":false},"author":1,"featured_media":0,"comment_status":"open","ping_status":"open","sticky":false,"template":"","format":"standard","meta":{"ngg_post_thumbnail":0},"categories":[18,6],"tags":[],"_links":{"self":[{"href":"https:\/\/ulliso.se\/blog\/index.php?rest_route=\/wp\/v2\/posts\/1687"}],"collection":[{"href":"https:\/\/ulliso.se\/blog\/index.php?rest_route=\/wp\/v2\/posts"}],"about":[{"href":"https:\/\/ulliso.se\/blog\/index.php?rest_route=\/wp\/v2\/types\/post"}],"author":[{"embeddable":true,"href":"https:\/\/ulliso.se\/blog\/index.php?rest_route=\/wp\/v2\/users\/1"}],"replies":[{"embeddable":true,"href":"https:\/\/ulliso.se\/blog\/index.php?rest_route=%2Fwp%2Fv2%2Fcomments&post=1687"}],"version-history":[{"count":1,"href":"https:\/\/ulliso.se\/blog\/index.php?rest_route=\/wp\/v2\/posts\/1687\/revisions"}],"predecessor-version":[{"id":1690,"href":"https:\/\/ulliso.se\/blog\/index.php?rest_route=\/wp\/v2\/posts\/1687\/revisions\/1690"}],"wp:attachment":[{"href":"https:\/\/ulliso.se\/blog\/index.php?rest_route=%2Fwp%2Fv2%2Fmedia&parent=1687"}],"wp:term":[{"taxonomy":"category","embeddable":true,"href":"https:\/\/ulliso.se\/blog\/index.php?rest_route=%2Fwp%2Fv2%2Fcategories&post=1687"},{"taxonomy":"post_tag","embeddable":true,"href":"https:\/\/ulliso.se\/blog\/index.php?rest_route=%2Fwp%2Fv2%2Ftags&post=1687"}],"curies":[{"name":"wp","href":"https:\/\/api.w.org\/{rel}","templated":true}]}}