{"id":1825,"date":"2011-03-06T22:46:25","date_gmt":"2011-03-06T21:46:25","guid":{"rendered":"http:\/\/ulliso.se\/blog\/?p=1825"},"modified":"2011-03-06T22:46:25","modified_gmt":"2011-03-06T21:46:25","slug":"sondag-17","status":"publish","type":"post","link":"https:\/\/ulliso.se\/blog\/?p=1825","title":{"rendered":"S\u00f6ndag"},"content":{"rendered":"<p>Idag var det verkligen fint v\u00e4der ute. Vi kom oss \u00e4ntligen ut p\u00e5 isen h\u00e4r utanf\u00f6r. Det var sk\u00f6nt att f\u00e5 komma ut och r\u00f6ra p\u00e5 sig en stund.<\/p>\n<p><img loading=\"lazy\" class=\"alignnone\" title=\"Isbana\" src=\"http:\/\/farm6.static.flickr.com\/5215\/5503935544_e14ae4549a.jpg\" alt=\"\" width=\"500\" height=\"375\" \/><\/p>\n<p>Vi var lata och \u00e5t middag p\u00e5 <a href=\"http:\/\/www.golden-dragon.se\/\" target=\"_blank\">Golden Dragon<\/a>. Jag tog chilikyckling och lite ris. V\u00e5gade inte \u00e4ta upp allt ris eftersom min mage riskerar att braka ihop av f\u00f6r mycket ris. Det \u00e4r ju en f\u00f6rdel med LCHF-maten, min mage m\u00e5r s\u00e5 mycket b\u00e4ttre nu n\u00e4r jag plockat bort all potatis, pasta och <em>n\u00e4stan<\/em> allt ris. Jag \u00e4r s\u00e5 svag f\u00f6r ris, det \u00e4r sv\u00e5rt att avh\u00e5lla sig helt, men jag \u00e4ter lite grann. Absolut inte som f\u00f6rr, d\u00e5 jag kunde fylla halva tallriken med ris. Nu ser jag riset som ett tillbeh\u00f6r som man ska ta bara lite av.<\/p>\n<p>Efter maten s\u00e5 k\u00e4nde vi att vi absolut inte ville \u00e5ka hem och s\u00e4tta oss, s\u00e5 vi \u00e5kte ut till Jonas f\u00f6r\u00e4ldrar en stund. D\u00e4r fick vi kaffe och en semla. Jag \u00e5t dock inte upp hela semlan, det \u00e4r samma d\u00e4r, jag kan inte \u00e4ta f\u00f6r mycket mj\u00f6lprodukter numera.<\/p>\n<p><img loading=\"lazy\" class=\"alignnone\" title=\"Semlor\" src=\"http:\/\/farm6.static.flickr.com\/5096\/5503946872_7ed081b46d.jpg\" alt=\"\" width=\"500\" height=\"375\" \/><\/p>\n<p>Till sist en bild p\u00e5 n\u00e5gra lyktstolpar ute hos Jonas f\u00f6r\u00e4ldrars hus. Jag blev v\u00e4ldigt n\u00f6jd med att f\u00e5 till &#8221;stj\u00e4rnor&#8221; av lyktorna.<\/p>\n<p><img loading=\"lazy\" class=\"alignnone\" title=\"Lyktstolpar\" src=\"http:\/\/farm6.static.flickr.com\/5257\/5503946324_f14af32ea8.jpg\" alt=\"\" width=\"500\" height=\"375\" \/><\/p>\n<p>Jag har laddat upp lite nya bilder <a href=\"http:\/\/www.flickr.com\/photos\/ulliso73\/\" target=\"_blank\">H\u00c4R<\/a>.<\/p>\n<p>&nbsp;<\/p>\n","protected":false},"excerpt":{"rendered":"<p>Idag var det verkligen fint v\u00e4der ute. Vi kom oss \u00e4ntligen ut p\u00e5 isen h\u00e4r utanf\u00f6r. Det var sk\u00f6nt att f\u00e5 komma ut och r\u00f6ra p\u00e5 sig en stund. Vi var lata och \u00e5t middag p\u00e5 Golden Dragon. Jag tog chilikyckling och lite ris. V\u00e5gade inte \u00e4ta upp allt ris eftersom min mage riskerar att [&hellip;]<\/p>\n","protected":false},"author":1,"featured_media":0,"comment_status":"open","ping_status":"open","sticky":false,"template":"","format":"standard","meta":{"ngg_post_thumbnail":0},"categories":[3,6],"tags":[],"_links":{"self":[{"href":"https:\/\/ulliso.se\/blog\/index.php?rest_route=\/wp\/v2\/posts\/1825"}],"collection":[{"href":"https:\/\/ulliso.se\/blog\/index.php?rest_route=\/wp\/v2\/posts"}],"about":[{"href":"https:\/\/ulliso.se\/blog\/index.php?rest_route=\/wp\/v2\/types\/post"}],"author":[{"embeddable":true,"href":"https:\/\/ulliso.se\/blog\/index.php?rest_route=\/wp\/v2\/users\/1"}],"replies":[{"embeddable":true,"href":"https:\/\/ulliso.se\/blog\/index.php?rest_route=%2Fwp%2Fv2%2Fcomments&post=1825"}],"version-history":[{"count":1,"href":"https:\/\/ulliso.se\/blog\/index.php?rest_route=\/wp\/v2\/posts\/1825\/revisions"}],"predecessor-version":[{"id":1826,"href":"https:\/\/ulliso.se\/blog\/index.php?rest_route=\/wp\/v2\/posts\/1825\/revisions\/1826"}],"wp:attachment":[{"href":"https:\/\/ulliso.se\/blog\/index.php?rest_route=%2Fwp%2Fv2%2Fmedia&parent=1825"}],"wp:term":[{"taxonomy":"category","embeddable":true,"href":"https:\/\/ulliso.se\/blog\/index.php?rest_route=%2Fwp%2Fv2%2Fcategories&post=1825"},{"taxonomy":"post_tag","embeddable":true,"href":"https:\/\/ulliso.se\/blog\/index.php?rest_route=%2Fwp%2Fv2%2Ftags&post=1825"}],"curies":[{"name":"wp","href":"https:\/\/api.w.org\/{rel}","templated":true}]}}