{"id":1977,"date":"2011-04-28T11:53:26","date_gmt":"2011-04-28T09:53:26","guid":{"rendered":"http:\/\/ulliso.se\/blog\/?p=1977"},"modified":"2011-04-28T11:53:26","modified_gmt":"2011-04-28T09:53:26","slug":"formiddagsbilder-fran-soder","status":"publish","type":"post","link":"https:\/\/ulliso.se\/blog\/?p=1977","title":{"rendered":"F\u00f6rmiddagsbilder fr\u00e5n s\u00f6der"},"content":{"rendered":"<p>\u00c4r &#8221;hemma&#8221; i s\u00f6der nu. Gick upp vid 8.30 och bokade plats plus checkade in mig p\u00e5 morgondagens flyg. Jag flyger tidigt p\u00e5 morgonen imorgon, s\u00e5 jag f\u00e5r frukost p\u00e5 planet. Direkt n\u00e4r jag kommit hem s\u00e5 ska jag jobba i n\u00e5gra timmar. Gissar att jag kommer att vara tr\u00f6tt n\u00e4r jag v\u00e4l kommit hem sedan.<\/p>\n<p>N\u00e5v\u00e4l, nu \u00e4r det ju idag. F\u00f6r en stund sedan var jag ute i mina f\u00f6r\u00e4ldrars tr\u00e4dg\u00e5rd och fotade. H\u00e4r kommer n\u00e5gra utvalda bilder d\u00e4rifr\u00e5n. Som vanligt kan du klicka p\u00e5 dem och f\u00e5 upp dem i lite st\u00f6rre storlek.<\/p>\n<p><a href=\"https:\/\/ulliso.se\/blog\/wp-content\/uploads\/2011\/04\/SAM_3626.jpg\"><img loading=\"lazy\" class=\"alignnone size-medium wp-image-1978\" src=\"https:\/\/ulliso.se\/blog\/wp-content\/uploads\/2011\/04\/SAM_3626-300x218.jpg\" alt=\"\" width=\"300\" height=\"218\" srcset=\"https:\/\/ulliso.se\/blog\/wp-content\/uploads\/2011\/04\/SAM_3626-300x218.jpg 300w, https:\/\/ulliso.se\/blog\/wp-content\/uploads\/2011\/04\/SAM_3626.jpg 1000w\" sizes=\"(max-width: 300px) 100vw, 300px\" \/><\/a><\/p>\n<p><a href=\"https:\/\/ulliso.se\/blog\/wp-content\/uploads\/2011\/04\/SAM_3643.jpg\"><img loading=\"lazy\" class=\"alignnone size-medium wp-image-1979\" src=\"https:\/\/ulliso.se\/blog\/wp-content\/uploads\/2011\/04\/SAM_3643-300x298.jpg\" alt=\"\" width=\"300\" height=\"298\" srcset=\"https:\/\/ulliso.se\/blog\/wp-content\/uploads\/2011\/04\/SAM_3643-300x298.jpg 300w, https:\/\/ulliso.se\/blog\/wp-content\/uploads\/2011\/04\/SAM_3643-150x150.jpg 150w, https:\/\/ulliso.se\/blog\/wp-content\/uploads\/2011\/04\/SAM_3643.jpg 1000w\" sizes=\"(max-width: 300px) 100vw, 300px\" \/><br \/>\n<\/a><em>H\u00e5kan ligger i solstolen. <\/em><\/p>\n<p><em><a href=\"https:\/\/ulliso.se\/blog\/wp-content\/uploads\/2011\/04\/SAM_3649.jpg\"><img loading=\"lazy\" class=\"alignnone size-medium wp-image-1980\" src=\"https:\/\/ulliso.se\/blog\/wp-content\/uploads\/2011\/04\/SAM_3649-300x261.jpg\" alt=\"\" width=\"300\" height=\"261\" srcset=\"https:\/\/ulliso.se\/blog\/wp-content\/uploads\/2011\/04\/SAM_3649-300x261.jpg 300w, https:\/\/ulliso.se\/blog\/wp-content\/uploads\/2011\/04\/SAM_3649.jpg 1000w\" sizes=\"(max-width: 300px) 100vw, 300px\" \/><\/a><\/em><\/p>\n<p><em><a href=\"https:\/\/ulliso.se\/blog\/wp-content\/uploads\/2011\/04\/SAM_3693.jpg\"><img loading=\"lazy\" class=\"alignnone size-medium wp-image-1981\" src=\"https:\/\/ulliso.se\/blog\/wp-content\/uploads\/2011\/04\/SAM_3693-300x236.jpg\" alt=\"\" width=\"300\" height=\"236\" srcset=\"https:\/\/ulliso.se\/blog\/wp-content\/uploads\/2011\/04\/SAM_3693-300x236.jpg 300w, https:\/\/ulliso.se\/blog\/wp-content\/uploads\/2011\/04\/SAM_3693.jpg 1000w\" sizes=\"(max-width: 300px) 100vw, 300px\" \/><\/a><\/em><\/p>\n<p><em><a href=\"https:\/\/ulliso.se\/blog\/wp-content\/uploads\/2011\/04\/SAM_3695.jpg\"><img loading=\"lazy\" class=\"alignnone size-medium wp-image-1982\" src=\"https:\/\/ulliso.se\/blog\/wp-content\/uploads\/2011\/04\/SAM_3695-300x290.jpg\" alt=\"\" width=\"300\" height=\"290\" srcset=\"https:\/\/ulliso.se\/blog\/wp-content\/uploads\/2011\/04\/SAM_3695-300x290.jpg 300w, https:\/\/ulliso.se\/blog\/wp-content\/uploads\/2011\/04\/SAM_3695.jpg 1000w\" sizes=\"(max-width: 300px) 100vw, 300px\" \/><br \/>\n<\/a><\/em><em>Jag ska ta ett kort p\u00e5 blomman under stolen, men H\u00e5kan vill leka. Jag fick ett litet rivs\u00e5r p\u00e5 fingret. Vassa klor \u00e4r inget att leka med. ;)<\/em><\/p>\n<p><em><a href=\"https:\/\/ulliso.se\/blog\/wp-content\/uploads\/2011\/04\/SAM_3698.jpg\"><img loading=\"lazy\" class=\"alignnone size-medium wp-image-1983\" src=\"https:\/\/ulliso.se\/blog\/wp-content\/uploads\/2011\/04\/SAM_3698-300x273.jpg\" alt=\"\" width=\"300\" height=\"273\" srcset=\"https:\/\/ulliso.se\/blog\/wp-content\/uploads\/2011\/04\/SAM_3698-300x273.jpg 300w, https:\/\/ulliso.se\/blog\/wp-content\/uploads\/2011\/04\/SAM_3698.jpg 1000w\" sizes=\"(max-width: 300px) 100vw, 300px\" \/><br \/>\n<\/a><\/em><em>Blomman under stolen. <\/em><\/p>\n<p><em><a href=\"https:\/\/ulliso.se\/blog\/wp-content\/uploads\/2011\/04\/SAM_3712.jpg\"><img loading=\"lazy\" class=\"alignnone size-medium wp-image-1984\" src=\"https:\/\/ulliso.se\/blog\/wp-content\/uploads\/2011\/04\/SAM_3712-294x300.jpg\" alt=\"\" width=\"294\" height=\"300\" srcset=\"https:\/\/ulliso.se\/blog\/wp-content\/uploads\/2011\/04\/SAM_3712-294x300.jpg 294w, https:\/\/ulliso.se\/blog\/wp-content\/uploads\/2011\/04\/SAM_3712.jpg 1000w\" sizes=\"(max-width: 294px) 100vw, 294px\" \/><br \/>\n<\/a><\/em><em>Maskros. <\/em><\/p>\n<p><em><a href=\"https:\/\/ulliso.se\/blog\/wp-content\/uploads\/2011\/04\/SAM_3718.jpg\"><img loading=\"lazy\" class=\"alignnone size-medium wp-image-1985\" src=\"https:\/\/ulliso.se\/blog\/wp-content\/uploads\/2011\/04\/SAM_3718-264x300.jpg\" alt=\"\" width=\"264\" height=\"300\" srcset=\"https:\/\/ulliso.se\/blog\/wp-content\/uploads\/2011\/04\/SAM_3718-264x300.jpg 264w, https:\/\/ulliso.se\/blog\/wp-content\/uploads\/2011\/04\/SAM_3718-902x1024.jpg 902w, https:\/\/ulliso.se\/blog\/wp-content\/uploads\/2011\/04\/SAM_3718.jpg 1000w\" sizes=\"(max-width: 264px) 100vw, 264px\" \/><br \/>\n<\/a><\/em><em>Gr\u00f6n syrenbuske.<\/em><\/p>\n<p><em><a href=\"https:\/\/ulliso.se\/blog\/wp-content\/uploads\/2011\/04\/SAM_3724.jpg\"><img loading=\"lazy\" class=\"alignnone size-medium wp-image-1986\" src=\"https:\/\/ulliso.se\/blog\/wp-content\/uploads\/2011\/04\/SAM_3724-238x300.jpg\" alt=\"\" width=\"238\" height=\"300\" srcset=\"https:\/\/ulliso.se\/blog\/wp-content\/uploads\/2011\/04\/SAM_3724-238x300.jpg 238w, https:\/\/ulliso.se\/blog\/wp-content\/uploads\/2011\/04\/SAM_3724-814x1024.jpg 814w, https:\/\/ulliso.se\/blog\/wp-content\/uploads\/2011\/04\/SAM_3724.jpg 1000w\" sizes=\"(max-width: 238px) 100vw, 238px\" \/><br \/>\n<\/a><\/em><em>Jag vet inte vad denna busken heter. Vet du?<\/em><\/p>\n<p><em><a href=\"https:\/\/ulliso.se\/blog\/wp-content\/uploads\/2011\/04\/SAM_3742.jpg\"><img loading=\"lazy\" class=\"alignnone size-medium wp-image-1987\" src=\"https:\/\/ulliso.se\/blog\/wp-content\/uploads\/2011\/04\/SAM_3742-300x279.jpg\" alt=\"\" width=\"300\" height=\"279\" srcset=\"https:\/\/ulliso.se\/blog\/wp-content\/uploads\/2011\/04\/SAM_3742-300x279.jpg 300w, https:\/\/ulliso.se\/blog\/wp-content\/uploads\/2011\/04\/SAM_3742.jpg 1000w\" sizes=\"(max-width: 300px) 100vw, 300px\" \/><br \/>\n<\/a><\/em><em>Lina.<\/em><\/p>\n<p><a href=\"https:\/\/ulliso.se\/blog\/wp-content\/uploads\/2011\/04\/SAM_3745.jpg\"><img loading=\"lazy\" class=\"alignnone size-medium wp-image-1988\" src=\"https:\/\/ulliso.se\/blog\/wp-content\/uploads\/2011\/04\/SAM_3745-208x300.jpg\" alt=\"\" width=\"208\" height=\"300\" srcset=\"https:\/\/ulliso.se\/blog\/wp-content\/uploads\/2011\/04\/SAM_3745-208x300.jpg 208w, https:\/\/ulliso.se\/blog\/wp-content\/uploads\/2011\/04\/SAM_3745-710x1024.jpg 710w, https:\/\/ulliso.se\/blog\/wp-content\/uploads\/2011\/04\/SAM_3745.jpg 1000w\" sizes=\"(max-width: 208px) 100vw, 208px\" \/><br \/>\n<\/a><em>&#8221;Nej, nu f\u00e5r du faktiskt sluta fota mig&#8221;. ;)<\/em><\/p>\n<p><em><br \/>\n<\/em>Strax ska jag s\u00e4tta mig p\u00e5 baksidan och sola lite. N\u00e4r f\u00f6r\u00e4ldrarna slutat jobba senare i eftermiddag s\u00e5 ska vi fika lite, jag fyllde ju \u00e5r ig\u00e5r. :)<\/p>\n","protected":false},"excerpt":{"rendered":"<p>\u00c4r &#8221;hemma&#8221; i s\u00f6der nu. Gick upp vid 8.30 och bokade plats plus checkade in mig p\u00e5 morgondagens flyg. Jag flyger tidigt p\u00e5 morgonen imorgon, s\u00e5 jag f\u00e5r frukost p\u00e5 planet. Direkt n\u00e4r jag kommit hem s\u00e5 ska jag jobba i n\u00e5gra timmar. Gissar att jag kommer att vara tr\u00f6tt n\u00e4r jag v\u00e4l kommit hem [&hellip;]<\/p>\n","protected":false},"author":1,"featured_media":0,"comment_status":"open","ping_status":"open","sticky":false,"template":"","format":"standard","meta":{"ngg_post_thumbnail":0},"categories":[3,6],"tags":[],"_links":{"self":[{"href":"https:\/\/ulliso.se\/blog\/index.php?rest_route=\/wp\/v2\/posts\/1977"}],"collection":[{"href":"https:\/\/ulliso.se\/blog\/index.php?rest_route=\/wp\/v2\/posts"}],"about":[{"href":"https:\/\/ulliso.se\/blog\/index.php?rest_route=\/wp\/v2\/types\/post"}],"author":[{"embeddable":true,"href":"https:\/\/ulliso.se\/blog\/index.php?rest_route=\/wp\/v2\/users\/1"}],"replies":[{"embeddable":true,"href":"https:\/\/ulliso.se\/blog\/index.php?rest_route=%2Fwp%2Fv2%2Fcomments&post=1977"}],"version-history":[{"count":1,"href":"https:\/\/ulliso.se\/blog\/index.php?rest_route=\/wp\/v2\/posts\/1977\/revisions"}],"predecessor-version":[{"id":1989,"href":"https:\/\/ulliso.se\/blog\/index.php?rest_route=\/wp\/v2\/posts\/1977\/revisions\/1989"}],"wp:attachment":[{"href":"https:\/\/ulliso.se\/blog\/index.php?rest_route=%2Fwp%2Fv2%2Fmedia&parent=1977"}],"wp:term":[{"taxonomy":"category","embeddable":true,"href":"https:\/\/ulliso.se\/blog\/index.php?rest_route=%2Fwp%2Fv2%2Fcategories&post=1977"},{"taxonomy":"post_tag","embeddable":true,"href":"https:\/\/ulliso.se\/blog\/index.php?rest_route=%2Fwp%2Fv2%2Ftags&post=1977"}],"curies":[{"name":"wp","href":"https:\/\/api.w.org\/{rel}","templated":true}]}}