{"id":2065,"date":"2011-05-26T23:26:12","date_gmt":"2011-05-26T21:26:12","guid":{"rendered":"http:\/\/ulliso.se\/blog\/?p=2065"},"modified":"2011-05-26T23:26:12","modified_gmt":"2011-05-26T21:26:12","slug":"ljuset-i-norr","status":"publish","type":"post","link":"https:\/\/ulliso.se\/blog\/?p=2065","title":{"rendered":"Ljuset i norr"},"content":{"rendered":"<p>Jag <em>\u00e4lskar<\/em> verkligen ljuset h\u00e4r uppe. Dessa foton \u00e4r tagna nu ikv\u00e4ll. Det f\u00f6rsta klockan 22.33, det andra klockan 22.44.<\/p>\n<p><a href=\"https:\/\/ulliso.se\/blog\/wp-content\/uploads\/2011\/05\/SAM_5522b.jpg\"><img loading=\"lazy\" class=\"alignnone size-medium wp-image-2066\" src=\"https:\/\/ulliso.se\/blog\/wp-content\/uploads\/2011\/05\/SAM_5522b-300x175.jpg\" alt=\"\" width=\"300\" height=\"175\" srcset=\"https:\/\/ulliso.se\/blog\/wp-content\/uploads\/2011\/05\/SAM_5522b-300x175.jpg 300w, https:\/\/ulliso.se\/blog\/wp-content\/uploads\/2011\/05\/SAM_5522b-1024x598.jpg 1024w\" sizes=\"(max-width: 300px) 100vw, 300px\" \/><\/a><\/p>\n<p><a href=\"https:\/\/ulliso.se\/blog\/wp-content\/uploads\/2011\/05\/SAM_5533b.jpg\"><img loading=\"lazy\" class=\"alignnone size-medium wp-image-2067\" src=\"https:\/\/ulliso.se\/blog\/wp-content\/uploads\/2011\/05\/SAM_5533b-300x241.jpg\" alt=\"\" width=\"300\" height=\"241\" srcset=\"https:\/\/ulliso.se\/blog\/wp-content\/uploads\/2011\/05\/SAM_5533b-300x241.jpg 300w, https:\/\/ulliso.se\/blog\/wp-content\/uploads\/2011\/05\/SAM_5533b-1024x824.jpg 1024w, https:\/\/ulliso.se\/blog\/wp-content\/uploads\/2011\/05\/SAM_5533b.jpg 1965w\" sizes=\"(max-width: 300px) 100vw, 300px\" \/><br \/>\n<\/a><em>2 personer ute p\u00e5 bryggan. <\/em><\/p>\n<p>I helgen \u00e4r jag ledig (f\u00f6r en g\u00e5ngs skull), s\u00e5 d\u00e5 vill jag ut och kv\u00e4lls-\/nattfota lite. Jag tror att jag kan f\u00e5 med mig Jonas p\u00e5 det.<\/p>\n<p>Imorgon ska vi bjuda Jonas f\u00f6r\u00e4ldrar p\u00e5 middag. Det blir:\u00a0<em><a href=\"http:\/\/sonaten.se\/wp-content\/uploads\/2010\/12\/jonbo.jpg\" target=\"_blank\">Kalv i paprikas\u00e5s med pimientos del piquillo<\/a>. <\/em>Jag ska dock inte anv\u00e4nda mig av kalv, utan av skinkstek. Jag ska testa att ha i f\u00e4rsk paprika ist\u00e4llet f\u00f6r grillad denna g\u00e5ng. Sedan ska jag ocks\u00e5 prova att ha i hela champinjoner.<\/p>\n","protected":false},"excerpt":{"rendered":"<p>Jag \u00e4lskar verkligen ljuset h\u00e4r uppe. Dessa foton \u00e4r tagna nu ikv\u00e4ll. Det f\u00f6rsta klockan 22.33, det andra klockan 22.44. 2 personer ute p\u00e5 bryggan. I helgen \u00e4r jag ledig (f\u00f6r en g\u00e5ngs skull), s\u00e5 d\u00e5 vill jag ut och kv\u00e4lls-\/nattfota lite. Jag tror att jag kan f\u00e5 med mig Jonas p\u00e5 det. Imorgon ska [&hellip;]<\/p>\n","protected":false},"author":1,"featured_media":0,"comment_status":"open","ping_status":"open","sticky":false,"template":"","format":"standard","meta":{"ngg_post_thumbnail":0},"categories":[3,6],"tags":[],"_links":{"self":[{"href":"https:\/\/ulliso.se\/blog\/index.php?rest_route=\/wp\/v2\/posts\/2065"}],"collection":[{"href":"https:\/\/ulliso.se\/blog\/index.php?rest_route=\/wp\/v2\/posts"}],"about":[{"href":"https:\/\/ulliso.se\/blog\/index.php?rest_route=\/wp\/v2\/types\/post"}],"author":[{"embeddable":true,"href":"https:\/\/ulliso.se\/blog\/index.php?rest_route=\/wp\/v2\/users\/1"}],"replies":[{"embeddable":true,"href":"https:\/\/ulliso.se\/blog\/index.php?rest_route=%2Fwp%2Fv2%2Fcomments&post=2065"}],"version-history":[{"count":1,"href":"https:\/\/ulliso.se\/blog\/index.php?rest_route=\/wp\/v2\/posts\/2065\/revisions"}],"predecessor-version":[{"id":2068,"href":"https:\/\/ulliso.se\/blog\/index.php?rest_route=\/wp\/v2\/posts\/2065\/revisions\/2068"}],"wp:attachment":[{"href":"https:\/\/ulliso.se\/blog\/index.php?rest_route=%2Fwp%2Fv2%2Fmedia&parent=2065"}],"wp:term":[{"taxonomy":"category","embeddable":true,"href":"https:\/\/ulliso.se\/blog\/index.php?rest_route=%2Fwp%2Fv2%2Fcategories&post=2065"},{"taxonomy":"post_tag","embeddable":true,"href":"https:\/\/ulliso.se\/blog\/index.php?rest_route=%2Fwp%2Fv2%2Ftags&post=2065"}],"curies":[{"name":"wp","href":"https:\/\/api.w.org\/{rel}","templated":true}]}}