{"id":2234,"date":"2011-08-09T14:59:44","date_gmt":"2011-08-09T12:59:44","guid":{"rendered":"http:\/\/ulliso.se\/blog\/?p=2234"},"modified":"2011-08-09T15:05:51","modified_gmt":"2011-08-09T13:05:51","slug":"fixat-lite","status":"publish","type":"post","link":"https:\/\/ulliso.se\/blog\/?p=2234","title":{"rendered":"Fixat lite&#8230;"},"content":{"rendered":"<p>&#8230; med bloggen. Jag ville ha en widget till h\u00f6ger d\u00e4r min tr\u00e4ning visas, men den blev alldeles f\u00f6r bred.<\/p>\n<p>S\u00e5 d\u00e4rf\u00f6r la jag ist\u00e4llet till 2 &#8221;sidor&#8221; med b\u00e5de min tr\u00e4ning och min mat. Kolla ovanf\u00f6r min text &#8221;Ullis dagar&#8221; s\u00e5 hittar du de sidorna.<\/p>\n<p>Idag har jag varit ute p\u00e5 en rask promenad p\u00e5 bara 33 minuter. Men jag gick i allafall i mycket rask takt. N\u00e4r jag kom hem s\u00e5 gjorde jag 150 situps. Till frukost (eller snarare brunch) \u00e5t jag 2 stekta \u00e4gg, bacon och halloumi. Kanske ska jag cykla en stund p\u00e5 motionscykeln senare i eftermiddag, men just nu \u00e4r jag alldeles f\u00f6r m\u00e4tt.<\/p>\n<p>Nu regnar det ute igen. Ig\u00e5r regnade det hela dagen. :( Jag vill inte att sommaren ska vara slut \u00e4nnu.<\/p>\n<p>Jonas b\u00f6rjade jobba igen ig\u00e5r efter 5 veckors semester. Barnen \u00e4r fortfarande kvar h\u00e4r. Kanske ska de \u00e5ka hem i mitten\/slutet av n\u00e4sta vecka.<\/p>\n","protected":false},"excerpt":{"rendered":"<p>&#8230; med bloggen. Jag ville ha en widget till h\u00f6ger d\u00e4r min tr\u00e4ning visas, men den blev alldeles f\u00f6r bred. S\u00e5 d\u00e4rf\u00f6r la jag ist\u00e4llet till 2 &#8221;sidor&#8221; med b\u00e5de min tr\u00e4ning och min mat. Kolla ovanf\u00f6r min text &#8221;Ullis dagar&#8221; s\u00e5 hittar du de sidorna. Idag har jag varit ute p\u00e5 en rask promenad [&hellip;]<\/p>\n","protected":false},"author":1,"featured_media":0,"comment_status":"open","ping_status":"open","sticky":false,"template":"","format":"standard","meta":{"ngg_post_thumbnail":0},"categories":[18,6],"tags":[],"_links":{"self":[{"href":"https:\/\/ulliso.se\/blog\/index.php?rest_route=\/wp\/v2\/posts\/2234"}],"collection":[{"href":"https:\/\/ulliso.se\/blog\/index.php?rest_route=\/wp\/v2\/posts"}],"about":[{"href":"https:\/\/ulliso.se\/blog\/index.php?rest_route=\/wp\/v2\/types\/post"}],"author":[{"embeddable":true,"href":"https:\/\/ulliso.se\/blog\/index.php?rest_route=\/wp\/v2\/users\/1"}],"replies":[{"embeddable":true,"href":"https:\/\/ulliso.se\/blog\/index.php?rest_route=%2Fwp%2Fv2%2Fcomments&post=2234"}],"version-history":[{"count":3,"href":"https:\/\/ulliso.se\/blog\/index.php?rest_route=\/wp\/v2\/posts\/2234\/revisions"}],"predecessor-version":[{"id":2237,"href":"https:\/\/ulliso.se\/blog\/index.php?rest_route=\/wp\/v2\/posts\/2234\/revisions\/2237"}],"wp:attachment":[{"href":"https:\/\/ulliso.se\/blog\/index.php?rest_route=%2Fwp%2Fv2%2Fmedia&parent=2234"}],"wp:term":[{"taxonomy":"category","embeddable":true,"href":"https:\/\/ulliso.se\/blog\/index.php?rest_route=%2Fwp%2Fv2%2Fcategories&post=2234"},{"taxonomy":"post_tag","embeddable":true,"href":"https:\/\/ulliso.se\/blog\/index.php?rest_route=%2Fwp%2Fv2%2Ftags&post=2234"}],"curies":[{"name":"wp","href":"https:\/\/api.w.org\/{rel}","templated":true}]}}