{"id":2880,"date":"2012-05-01T21:31:30","date_gmt":"2012-05-01T19:31:30","guid":{"rendered":"http:\/\/ulliso.se\/blog\/?p=2880"},"modified":"2012-05-02T14:52:44","modified_gmt":"2012-05-02T12:52:44","slug":"blasippan","status":"publish","type":"post","link":"https:\/\/ulliso.se\/blog\/?p=2880","title":{"rendered":"Bl\u00e5sippan&#8230;"},"content":{"rendered":"<p>&#8230; (och en vitsippa) uti backarna st\u00e5r!<\/p>\n<p>Idag \u00e5kte vi ut till K\u00e4rleksstigen f\u00f6r att kika om bl\u00e5sipporna kommit. Och t\u00e4nk, <strong>JA!<\/strong> det hade de. I massor, massor! Och mer \u00e4n vitsippor. Det \u00e4r jag inte van vid. Hemma i Rby tycker jag att bl\u00e5sippor \u00e4r mer s\u00e4llsynt \u00e4n vitsippor.<\/p>\n<p>Dagsf\u00e4rska bilder p\u00e5 sippor:<\/p>\n\n\t\t<style type=\"text\/css\">\n\t\t\t#gallery-1 {\n\t\t\t\tmargin: auto;\n\t\t\t}\n\t\t\t#gallery-1 .gallery-item {\n\t\t\t\tfloat: left;\n\t\t\t\tmargin-top: 10px;\n\t\t\t\ttext-align: center;\n\t\t\t\twidth: 33%;\n\t\t\t}\n\t\t\t#gallery-1 img {\n\t\t\t\tborder: 2px solid #cfcfcf;\n\t\t\t}\n\t\t\t#gallery-1 .gallery-caption {\n\t\t\t\tmargin-left: 0;\n\t\t\t}\n\t\t\t\/* see gallery_shortcode() in wp-includes\/media.php *\/\n\t\t<\/style>\n\t\t<div id='gallery-1' class='gallery galleryid-2880 gallery-columns-3 gallery-size-thumbnail'><dl class='gallery-item'>\n\t\t\t<dt class='gallery-icon landscape'>\n\t\t\t\t<a href='https:\/\/ulliso.se\/blog\/?attachment_id=2881'><img width=\"150\" height=\"150\" src=\"https:\/\/ulliso.se\/blog\/wp-content\/uploads\/2012\/05\/SAM_2418-150x150.jpg\" class=\"attachment-thumbnail size-thumbnail\" alt=\"\" loading=\"lazy\" \/><\/a>\n\t\t\t<\/dt><\/dl><dl class='gallery-item'>\n\t\t\t<dt class='gallery-icon landscape'>\n\t\t\t\t<a href='https:\/\/ulliso.se\/blog\/?attachment_id=2882'><img width=\"150\" height=\"150\" src=\"https:\/\/ulliso.se\/blog\/wp-content\/uploads\/2012\/05\/SAM_2422-150x150.jpg\" class=\"attachment-thumbnail size-thumbnail\" alt=\"\" loading=\"lazy\" \/><\/a>\n\t\t\t<\/dt><\/dl><dl class='gallery-item'>\n\t\t\t<dt class='gallery-icon landscape'>\n\t\t\t\t<a href='https:\/\/ulliso.se\/blog\/?attachment_id=2883'><img width=\"150\" height=\"150\" src=\"https:\/\/ulliso.se\/blog\/wp-content\/uploads\/2012\/05\/SAM_2464-150x150.jpg\" class=\"attachment-thumbnail size-thumbnail\" alt=\"\" loading=\"lazy\" \/><\/a>\n\t\t\t<\/dt><\/dl><br style=\"clear: both\" \/><dl class='gallery-item'>\n\t\t\t<dt class='gallery-icon landscape'>\n\t\t\t\t<a href='https:\/\/ulliso.se\/blog\/?attachment_id=2884'><img width=\"150\" height=\"150\" src=\"https:\/\/ulliso.se\/blog\/wp-content\/uploads\/2012\/05\/SAM_2508-150x150.jpg\" class=\"attachment-thumbnail size-thumbnail\" alt=\"\" loading=\"lazy\" \/><\/a>\n\t\t\t<\/dt><\/dl><dl class='gallery-item'>\n\t\t\t<dt class='gallery-icon landscape'>\n\t\t\t\t<a href='https:\/\/ulliso.se\/blog\/?attachment_id=2885'><img width=\"150\" height=\"150\" src=\"https:\/\/ulliso.se\/blog\/wp-content\/uploads\/2012\/05\/SAM_2523-150x150.jpg\" class=\"attachment-thumbnail size-thumbnail\" alt=\"\" loading=\"lazy\" \/><\/a>\n\t\t\t<\/dt><\/dl><dl class='gallery-item'>\n\t\t\t<dt class='gallery-icon landscape'>\n\t\t\t\t<a href='https:\/\/ulliso.se\/blog\/?attachment_id=2886'><img width=\"150\" height=\"150\" src=\"https:\/\/ulliso.se\/blog\/wp-content\/uploads\/2012\/05\/SAM_2534-150x150.jpg\" class=\"attachment-thumbnail size-thumbnail\" alt=\"\" loading=\"lazy\" srcset=\"https:\/\/ulliso.se\/blog\/wp-content\/uploads\/2012\/05\/SAM_2534-150x150.jpg 150w, https:\/\/ulliso.se\/blog\/wp-content\/uploads\/2012\/05\/SAM_2534-300x298.jpg 300w, https:\/\/ulliso.se\/blog\/wp-content\/uploads\/2012\/05\/SAM_2534.jpg 1000w\" sizes=\"(max-width: 150px) 100vw, 150px\" \/><\/a>\n\t\t\t<\/dt><\/dl><br style=\"clear: both\" \/>\n\t\t<\/div>\n\n<p>&nbsp;<\/p>\n","protected":false},"excerpt":{"rendered":"<p>&#8230; (och en vitsippa) uti backarna st\u00e5r! Idag \u00e5kte vi ut till K\u00e4rleksstigen f\u00f6r att kika om bl\u00e5sipporna kommit. Och t\u00e4nk, JA! det hade de. I massor, massor! Och mer \u00e4n vitsippor. Det \u00e4r jag inte van vid. Hemma i Rby tycker jag att bl\u00e5sippor \u00e4r mer s\u00e4llsynt \u00e4n vitsippor. Dagsf\u00e4rska bilder p\u00e5 sippor: &nbsp;<\/p>\n","protected":false},"author":1,"featured_media":0,"comment_status":"open","ping_status":"open","sticky":false,"template":"","format":"standard","meta":{"ngg_post_thumbnail":0},"categories":[3,12],"tags":[],"_links":{"self":[{"href":"https:\/\/ulliso.se\/blog\/index.php?rest_route=\/wp\/v2\/posts\/2880"}],"collection":[{"href":"https:\/\/ulliso.se\/blog\/index.php?rest_route=\/wp\/v2\/posts"}],"about":[{"href":"https:\/\/ulliso.se\/blog\/index.php?rest_route=\/wp\/v2\/types\/post"}],"author":[{"embeddable":true,"href":"https:\/\/ulliso.se\/blog\/index.php?rest_route=\/wp\/v2\/users\/1"}],"replies":[{"embeddable":true,"href":"https:\/\/ulliso.se\/blog\/index.php?rest_route=%2Fwp%2Fv2%2Fcomments&post=2880"}],"version-history":[{"count":4,"href":"https:\/\/ulliso.se\/blog\/index.php?rest_route=\/wp\/v2\/posts\/2880\/revisions"}],"predecessor-version":[{"id":2914,"href":"https:\/\/ulliso.se\/blog\/index.php?rest_route=\/wp\/v2\/posts\/2880\/revisions\/2914"}],"wp:attachment":[{"href":"https:\/\/ulliso.se\/blog\/index.php?rest_route=%2Fwp%2Fv2%2Fmedia&parent=2880"}],"wp:term":[{"taxonomy":"category","embeddable":true,"href":"https:\/\/ulliso.se\/blog\/index.php?rest_route=%2Fwp%2Fv2%2Fcategories&post=2880"},{"taxonomy":"post_tag","embeddable":true,"href":"https:\/\/ulliso.se\/blog\/index.php?rest_route=%2Fwp%2Fv2%2Ftags&post=2880"}],"curies":[{"name":"wp","href":"https:\/\/api.w.org\/{rel}","templated":true}]}}