{"id":3065,"date":"2012-05-16T22:02:13","date_gmt":"2012-05-16T20:02:13","guid":{"rendered":"http:\/\/ulliso.se\/blog\/?p=3065"},"modified":"2012-05-16T22:02:13","modified_gmt":"2012-05-16T20:02:13","slug":"16-morning","status":"publish","type":"post","link":"https:\/\/ulliso.se\/blog\/?p=3065","title":{"rendered":"16. Morning"},"content":{"rendered":"<p>De dagar jag inte ska upp och jobba s\u00e5 tycker jag om att sova l\u00e4nge. Idag var dock ett undantag, klockan 09 b\u00f6rjade min klocka ringa och kl. 10 gick jag upp.<\/p>\n<p>Dagens morgonrelaterade bilder:<\/p>\n<!-- index.php -->\n<div\n\tclass=\"ngg-galleryoverview ngg-ajax-pagination-none\"\n\tid=\"ngg-gallery-d2790d6769415b35c205dda141a456e4-1\">\n\n    \t<div class=\"slideshowlink\">\n        <a href='https:\/\/ulliso.se\/blog\/index.php\/nggallery\/slideshow?p=3065'>[Show as slideshow]<\/a>\n\t\t\n\t<\/div>\n\t\t\t<!-- Thumbnails -->\n\t\t\t\t<div id=\"ngg-image-0\" class=\"ngg-gallery-thumbnail-box\" >\n\t\t\t\t        <div class=\"ngg-gallery-thumbnail\">\n            <a href=\"https:\/\/ulliso.se\/blog\/wp-content\/gallery\/morning\/sam_3252-kopia.jpg\"\n               title=\"Denna bild tog jag nu inatt kl. 02.30. F\u00e5glarna hade just vaknat till liv ocks\u00e5.\"\n               data-src=\"https:\/\/ulliso.se\/blog\/wp-content\/gallery\/morning\/sam_3252-kopia.jpg\"\n               data-thumbnail=\"https:\/\/ulliso.se\/blog\/wp-content\/gallery\/morning\/thumbs\/thumbs_sam_3252-kopia.jpg\"\n               data-image-id=\"25\"\n               data-title=\"sam_3252-kopia\"\n               data-description=\"Denna bild tog jag nu inatt kl. 02.30. F\u00e5glarna hade just vaknat till liv ocks\u00e5.\"\n               data-image-slug=\"sam_3252-kopia\"\n               class=\"shutterset_d2790d6769415b35c205dda141a456e4\">\n                <img\n                    title=\"sam_3252-kopia\"\n                    alt=\"sam_3252-kopia\"\n                    src=\"https:\/\/ulliso.se\/blog\/wp-content\/gallery\/morning\/thumbs\/thumbs_sam_3252-kopia.jpg\"\n                    width=\"100\"\n                    height=\"75\"\n                    style=\"max-width:100%;\"\n                \/>\n            <\/a>\n        <\/div>\n\t\t\t\t\t\t\t<\/div> \n\t\t\t\n        \n\t\t\t\t<div id=\"ngg-image-1\" class=\"ngg-gallery-thumbnail-box\" >\n\t\t\t\t        <div class=\"ngg-gallery-thumbnail\">\n            <a href=\"https:\/\/ulliso.se\/blog\/wp-content\/gallery\/morning\/sam_3264.jpg\"\n               title=\"Kaffe \u00e4r viktigast p\u00e5 morgonen. Kan klara mig utan mat i flera timmar efter att jag g\u00e5tt upp, men det g\u00e5r INTE att vara utan kaffe, s\u00e5 det fixar jag direkt.\"\n               data-src=\"https:\/\/ulliso.se\/blog\/wp-content\/gallery\/morning\/sam_3264.jpg\"\n               data-thumbnail=\"https:\/\/ulliso.se\/blog\/wp-content\/gallery\/morning\/thumbs\/thumbs_sam_3264.jpg\"\n               data-image-id=\"26\"\n               data-title=\"sam_3264\"\n               data-description=\"Kaffe \u00e4r viktigast p\u00e5 morgonen. Kan klara mig utan mat i flera timmar efter att jag g\u00e5tt upp, men det g\u00e5r INTE att vara utan kaffe, s\u00e5 det fixar jag direkt.\"\n               data-image-slug=\"sam_3264\"\n               class=\"shutterset_d2790d6769415b35c205dda141a456e4\">\n                <img\n                    title=\"sam_3264\"\n                    alt=\"sam_3264\"\n                    src=\"https:\/\/ulliso.se\/blog\/wp-content\/gallery\/morning\/thumbs\/thumbs_sam_3264.jpg\"\n                    width=\"100\"\n                    height=\"75\"\n                    style=\"max-width:100%;\"\n                \/>\n            <\/a>\n        <\/div>\n\t\t\t\t\t\t\t<\/div> \n\t\t\t\n        \n\t\t\t\t<div id=\"ngg-image-2\" class=\"ngg-gallery-thumbnail-box\" >\n\t\t\t\t        <div class=\"ngg-gallery-thumbnail\">\n            <a href=\"https:\/\/ulliso.se\/blog\/wp-content\/gallery\/morning\/sam_3268.jpg\"\n               title=\"Tidningsl\u00e4sning. Just nu har vi PT gratis. Det \u00e4r mysigt att sitta och l\u00e4sa den p\u00e5 morgonen.\"\n               data-src=\"https:\/\/ulliso.se\/blog\/wp-content\/gallery\/morning\/sam_3268.jpg\"\n               data-thumbnail=\"https:\/\/ulliso.se\/blog\/wp-content\/gallery\/morning\/thumbs\/thumbs_sam_3268.jpg\"\n               data-image-id=\"27\"\n               data-title=\"sam_3268\"\n               data-description=\"Tidningsl\u00e4sning. Just nu har vi PT gratis. Det \u00e4r mysigt att sitta och l\u00e4sa den p\u00e5 morgonen.\"\n               data-image-slug=\"sam_3268\"\n               class=\"shutterset_d2790d6769415b35c205dda141a456e4\">\n                <img\n                    title=\"sam_3268\"\n                    alt=\"sam_3268\"\n                    src=\"https:\/\/ulliso.se\/blog\/wp-content\/gallery\/morning\/thumbs\/thumbs_sam_3268.jpg\"\n                    width=\"100\"\n                    height=\"75\"\n                    style=\"max-width:100%;\"\n                \/>\n            <\/a>\n        <\/div>\n\t\t\t\t\t\t\t<\/div> \n\t\t\t\n        \n\t\t\n\t\t<!-- Pagination -->\n\t<div class='ngg-clear'><\/div>\t<\/div>\n\n","protected":false},"excerpt":{"rendered":"<p>De dagar jag inte ska upp och jobba s\u00e5 tycker jag om att sova l\u00e4nge. Idag var dock ett undantag, klockan 09 b\u00f6rjade min klocka ringa och kl. 10 gick jag upp. Dagens morgonrelaterade bilder:<\/p>\n","protected":false},"author":1,"featured_media":0,"comment_status":"open","ping_status":"open","sticky":false,"template":"","format":"standard","meta":{"ngg_post_thumbnail":0},"categories":[24],"tags":[],"_links":{"self":[{"href":"https:\/\/ulliso.se\/blog\/index.php?rest_route=\/wp\/v2\/posts\/3065"}],"collection":[{"href":"https:\/\/ulliso.se\/blog\/index.php?rest_route=\/wp\/v2\/posts"}],"about":[{"href":"https:\/\/ulliso.se\/blog\/index.php?rest_route=\/wp\/v2\/types\/post"}],"author":[{"embeddable":true,"href":"https:\/\/ulliso.se\/blog\/index.php?rest_route=\/wp\/v2\/users\/1"}],"replies":[{"embeddable":true,"href":"https:\/\/ulliso.se\/blog\/index.php?rest_route=%2Fwp%2Fv2%2Fcomments&post=3065"}],"version-history":[{"count":2,"href":"https:\/\/ulliso.se\/blog\/index.php?rest_route=\/wp\/v2\/posts\/3065\/revisions"}],"predecessor-version":[{"id":3067,"href":"https:\/\/ulliso.se\/blog\/index.php?rest_route=\/wp\/v2\/posts\/3065\/revisions\/3067"}],"wp:attachment":[{"href":"https:\/\/ulliso.se\/blog\/index.php?rest_route=%2Fwp%2Fv2%2Fmedia&parent=3065"}],"wp:term":[{"taxonomy":"category","embeddable":true,"href":"https:\/\/ulliso.se\/blog\/index.php?rest_route=%2Fwp%2Fv2%2Fcategories&post=3065"},{"taxonomy":"post_tag","embeddable":true,"href":"https:\/\/ulliso.se\/blog\/index.php?rest_route=%2Fwp%2Fv2%2Ftags&post=3065"}],"curies":[{"name":"wp","href":"https:\/\/api.w.org\/{rel}","templated":true}]}}