{"id":3093,"date":"2012-05-20T23:30:31","date_gmt":"2012-05-20T21:30:31","guid":{"rendered":"http:\/\/ulliso.se\/blog\/?p=3093"},"modified":"2012-05-20T23:30:31","modified_gmt":"2012-05-20T21:30:31","slug":"20-someone-you-love","status":"publish","type":"post","link":"https:\/\/ulliso.se\/blog\/?p=3093","title":{"rendered":"20. Someone you love"},"content":{"rendered":"<p>Det \u00e4r ju sj\u00e4lvklart att jag \u00e4lskar mina barn, Jonas och alla i min familj. &lt;3 Men jag vill inte s\u00e4tta ut foto p\u00e5 dem h\u00e4r, s\u00e5 d\u00e4rf\u00f6r v\u00e4ljer jag att visa bilder p\u00e5 <strong>H\u00e5kan<\/strong>!<\/p>\n<p>H\u00e5kan \u00e4r mina f\u00f6r\u00e4ldrars katt. Han \u00e4r 5 \u00e5r gammal. H\u00e5kan \u00e4r d\u00f6pt efter H\u00e5kan Hellstr\u00f6m. Han \u00e4r en busig och kelig katt. Jag \u00e4lskar honom ocks\u00e5.<\/p>\n<!-- index.php -->\n<div\n\tclass=\"ngg-galleryoverview ngg-ajax-pagination-none\"\n\tid=\"ngg-gallery-723f876dfb7beb19b21870abbc310da4-1\">\n\n    \t<div class=\"slideshowlink\">\n        <a href='https:\/\/ulliso.se\/blog\/index.php\/nggallery\/slideshow?p=3093'>[Show as slideshow]<\/a>\n\t\t\n\t<\/div>\n\t\t\t<!-- Thumbnails -->\n\t\t\t\t<div id=\"ngg-image-0\" class=\"ngg-gallery-thumbnail-box\" >\n\t\t\t\t        <div class=\"ngg-gallery-thumbnail\">\n            <a href=\"https:\/\/ulliso.se\/blog\/wp-content\/gallery\/love\/sam_3969.jpg\"\n               title=\"H\u00e5kan busar med vattenslangen.\"\n               data-src=\"https:\/\/ulliso.se\/blog\/wp-content\/gallery\/love\/sam_3969.jpg\"\n               data-thumbnail=\"https:\/\/ulliso.se\/blog\/wp-content\/gallery\/love\/thumbs\/thumbs_sam_3969.jpg\"\n               data-image-id=\"44\"\n               data-title=\"sam_3969\"\n               data-description=\"H\u00e5kan busar med vattenslangen.\"\n               data-image-slug=\"sam_3969\"\n               class=\"shutterset_723f876dfb7beb19b21870abbc310da4\">\n                <img\n                    title=\"sam_3969\"\n                    alt=\"sam_3969\"\n                    src=\"https:\/\/ulliso.se\/blog\/wp-content\/gallery\/love\/thumbs\/thumbs_sam_3969.jpg\"\n                    width=\"100\"\n                    height=\"75\"\n                    style=\"max-width:100%;\"\n                \/>\n            <\/a>\n        <\/div>\n\t\t\t\t\t\t\t<\/div> \n\t\t\t\n        \n\t\t\t\t<div id=\"ngg-image-1\" class=\"ngg-gallery-thumbnail-box\" >\n\t\t\t\t        <div class=\"ngg-gallery-thumbnail\">\n            <a href=\"https:\/\/ulliso.se\/blog\/wp-content\/gallery\/love\/sam_4270.jpg\"\n               title=\"H\u00e5kan i mammas kn\u00e4.\"\n               data-src=\"https:\/\/ulliso.se\/blog\/wp-content\/gallery\/love\/sam_4270.jpg\"\n               data-thumbnail=\"https:\/\/ulliso.se\/blog\/wp-content\/gallery\/love\/thumbs\/thumbs_sam_4270.jpg\"\n               data-image-id=\"45\"\n               data-title=\"sam_4270\"\n               data-description=\"H\u00e5kan i mammas kn\u00e4.\"\n               data-image-slug=\"sam_4270\"\n               class=\"shutterset_723f876dfb7beb19b21870abbc310da4\">\n                <img\n                    title=\"sam_4270\"\n                    alt=\"sam_4270\"\n                    src=\"https:\/\/ulliso.se\/blog\/wp-content\/gallery\/love\/thumbs\/thumbs_sam_4270.jpg\"\n                    width=\"100\"\n                    height=\"75\"\n                    style=\"max-width:100%;\"\n                \/>\n            <\/a>\n        <\/div>\n\t\t\t\t\t\t\t<\/div> \n\t\t\t\n        \n\t\t\t\t<div id=\"ngg-image-2\" class=\"ngg-gallery-thumbnail-box\" >\n\t\t\t\t        <div class=\"ngg-gallery-thumbnail\">\n            <a href=\"https:\/\/ulliso.se\/blog\/wp-content\/gallery\/love\/sam_4626.jpg\"\n               title=\"H\u00e5kan hos mamma.\"\n               data-src=\"https:\/\/ulliso.se\/blog\/wp-content\/gallery\/love\/sam_4626.jpg\"\n               data-thumbnail=\"https:\/\/ulliso.se\/blog\/wp-content\/gallery\/love\/thumbs\/thumbs_sam_4626.jpg\"\n               data-image-id=\"46\"\n               data-title=\"sam_4626\"\n               data-description=\"H\u00e5kan hos mamma.\"\n               data-image-slug=\"sam_4626\"\n               class=\"shutterset_723f876dfb7beb19b21870abbc310da4\">\n                <img\n                    title=\"sam_4626\"\n                    alt=\"sam_4626\"\n                    src=\"https:\/\/ulliso.se\/blog\/wp-content\/gallery\/love\/thumbs\/thumbs_sam_4626.jpg\"\n                    width=\"100\"\n                    height=\"75\"\n                    style=\"max-width:100%;\"\n                \/>\n            <\/a>\n        <\/div>\n\t\t\t\t\t\t\t<\/div> \n\t\t\t\n        \n\t\t\t\t<div id=\"ngg-image-3\" class=\"ngg-gallery-thumbnail-box\" >\n\t\t\t\t        <div class=\"ngg-gallery-thumbnail\">\n            <a href=\"https:\/\/ulliso.se\/blog\/wp-content\/gallery\/love\/sam_7165.jpg\"\n               title=\"H\u00e5kan busar.\"\n               data-src=\"https:\/\/ulliso.se\/blog\/wp-content\/gallery\/love\/sam_7165.jpg\"\n               data-thumbnail=\"https:\/\/ulliso.se\/blog\/wp-content\/gallery\/love\/thumbs\/thumbs_sam_7165.jpg\"\n               data-image-id=\"47\"\n               data-title=\"sam_7165\"\n               data-description=\"H\u00e5kan busar.\"\n               data-image-slug=\"sam_7165\"\n               class=\"shutterset_723f876dfb7beb19b21870abbc310da4\">\n                <img\n                    title=\"sam_7165\"\n                    alt=\"sam_7165\"\n                    src=\"https:\/\/ulliso.se\/blog\/wp-content\/gallery\/love\/thumbs\/thumbs_sam_7165.jpg\"\n                    width=\"100\"\n                    height=\"75\"\n                    style=\"max-width:100%;\"\n                \/>\n            <\/a>\n        <\/div>\n\t\t\t\t\t\t\t<\/div> \n\t\t\t\n        \n\t\t\n\t\t<!-- Pagination -->\n\t<div class='ngg-clear'><\/div>\t<\/div>\n\n<p>&nbsp;<\/p>\n<p>&nbsp;<\/p>\n","protected":false},"excerpt":{"rendered":"<p>Det \u00e4r ju sj\u00e4lvklart att jag \u00e4lskar mina barn, Jonas och alla i min familj. &lt;3 Men jag vill inte s\u00e4tta ut foto p\u00e5 dem h\u00e4r, s\u00e5 d\u00e4rf\u00f6r v\u00e4ljer jag att visa bilder p\u00e5 H\u00e5kan! H\u00e5kan \u00e4r mina f\u00f6r\u00e4ldrars katt. Han \u00e4r 5 \u00e5r gammal. H\u00e5kan \u00e4r d\u00f6pt efter H\u00e5kan Hellstr\u00f6m. Han \u00e4r en busig [&hellip;]<\/p>\n","protected":false},"author":1,"featured_media":0,"comment_status":"open","ping_status":"open","sticky":false,"template":"","format":"standard","meta":{"ngg_post_thumbnail":0},"categories":[24],"tags":[],"_links":{"self":[{"href":"https:\/\/ulliso.se\/blog\/index.php?rest_route=\/wp\/v2\/posts\/3093"}],"collection":[{"href":"https:\/\/ulliso.se\/blog\/index.php?rest_route=\/wp\/v2\/posts"}],"about":[{"href":"https:\/\/ulliso.se\/blog\/index.php?rest_route=\/wp\/v2\/types\/post"}],"author":[{"embeddable":true,"href":"https:\/\/ulliso.se\/blog\/index.php?rest_route=\/wp\/v2\/users\/1"}],"replies":[{"embeddable":true,"href":"https:\/\/ulliso.se\/blog\/index.php?rest_route=%2Fwp%2Fv2%2Fcomments&post=3093"}],"version-history":[{"count":1,"href":"https:\/\/ulliso.se\/blog\/index.php?rest_route=\/wp\/v2\/posts\/3093\/revisions"}],"predecessor-version":[{"id":3094,"href":"https:\/\/ulliso.se\/blog\/index.php?rest_route=\/wp\/v2\/posts\/3093\/revisions\/3094"}],"wp:attachment":[{"href":"https:\/\/ulliso.se\/blog\/index.php?rest_route=%2Fwp%2Fv2%2Fmedia&parent=3093"}],"wp:term":[{"taxonomy":"category","embeddable":true,"href":"https:\/\/ulliso.se\/blog\/index.php?rest_route=%2Fwp%2Fv2%2Fcategories&post=3093"},{"taxonomy":"post_tag","embeddable":true,"href":"https:\/\/ulliso.se\/blog\/index.php?rest_route=%2Fwp%2Fv2%2Ftags&post=3093"}],"curies":[{"name":"wp","href":"https:\/\/api.w.org\/{rel}","templated":true}]}}