{"id":3137,"date":"2012-05-29T23:21:26","date_gmt":"2012-05-29T21:21:26","guid":{"rendered":"http:\/\/ulliso.se\/blog\/?p=3137"},"modified":"2012-05-29T23:21:26","modified_gmt":"2012-05-29T21:21:26","slug":"29-inside-your-fridge","status":"publish","type":"post","link":"https:\/\/ulliso.se\/blog\/?p=3137","title":{"rendered":"29. Inside your fridge"},"content":{"rendered":"<p>S\u00e5 h\u00e4r ser det ut i v\u00e5rt kylsk\u00e5p just nu.<\/p>\n<!-- index.php -->\n<div\n\tclass=\"ngg-galleryoverview ngg-ajax-pagination-none\"\n\tid=\"ngg-gallery-0259e80b0490c16aa8c16906c2b1ec36-1\">\n\n    \t<div class=\"slideshowlink\">\n        <a href='https:\/\/ulliso.se\/blog\/index.php\/nggallery\/slideshow?p=3137'>[Show as slideshow]<\/a>\n\t\t\n\t<\/div>\n\t\t\t<!-- Thumbnails -->\n\t\t\t\t<div id=\"ngg-image-0\" class=\"ngg-gallery-thumbnail-box\" >\n\t\t\t\t        <div class=\"ngg-gallery-thumbnail\">\n            <a href=\"https:\/\/ulliso.se\/blog\/wp-content\/gallery\/fridge\/sam_3816.jpg\"\n               title=\"I detta kylsk\u00e5p \u00e4r inte margariner, L\u00e4tta\/L\u00e4tt &amp; Lagom och lightprodukter v\u00e4lkomna! \r\n\r\nI glassl\u00e5dan p\u00e5 \u00f6versta finns alla mina nagellack. Den \u00e4r alldeles full, s\u00e5 alla lack f\u00e5r inte ens plats. Dags att rensa? N\u00e4, f\u00e5r hitta en st\u00f6rre l\u00e5da. ;)\"\n               data-src=\"https:\/\/ulliso.se\/blog\/wp-content\/gallery\/fridge\/sam_3816.jpg\"\n               data-thumbnail=\"https:\/\/ulliso.se\/blog\/wp-content\/gallery\/fridge\/thumbs\/thumbs_sam_3816.jpg\"\n               data-image-id=\"78\"\n               data-title=\"sam_3816\"\n               data-description=\"I detta kylsk\u00e5p \u00e4r inte margariner, L\u00e4tta\/L\u00e4tt &amp; Lagom och lightprodukter v\u00e4lkomna! \r\n\r\nI glassl\u00e5dan p\u00e5 \u00f6versta finns alla mina nagellack. Den \u00e4r alldeles full, s\u00e5 alla lack f\u00e5r inte ens plats. Dags att rensa? N\u00e4, f\u00e5r hitta en st\u00f6rre l\u00e5da. ;)\"\n               data-image-slug=\"sam_3816\"\n               class=\"shutterset_0259e80b0490c16aa8c16906c2b1ec36\">\n                <img\n                    title=\"sam_3816\"\n                    alt=\"sam_3816\"\n                    src=\"https:\/\/ulliso.se\/blog\/wp-content\/gallery\/fridge\/thumbs\/thumbs_sam_3816.jpg\"\n                    width=\"100\"\n                    height=\"75\"\n                    style=\"max-width:100%;\"\n                \/>\n            <\/a>\n        <\/div>\n\t\t\t\t\t\t\t<\/div> \n\t\t\t\n        \n\t\t\t\t<div id=\"ngg-image-1\" class=\"ngg-gallery-thumbnail-box\" >\n\t\t\t\t        <div class=\"ngg-gallery-thumbnail\">\n            <a href=\"https:\/\/ulliso.se\/blog\/wp-content\/gallery\/fridge\/sam_3825.jpg\"\n               title=\"N\u00e4rbild p\u00e5 en hylla.\"\n               data-src=\"https:\/\/ulliso.se\/blog\/wp-content\/gallery\/fridge\/sam_3825.jpg\"\n               data-thumbnail=\"https:\/\/ulliso.se\/blog\/wp-content\/gallery\/fridge\/thumbs\/thumbs_sam_3825.jpg\"\n               data-image-id=\"79\"\n               data-title=\"sam_3825\"\n               data-description=\"N\u00e4rbild p\u00e5 en hylla.\"\n               data-image-slug=\"sam_3825\"\n               class=\"shutterset_0259e80b0490c16aa8c16906c2b1ec36\">\n                <img\n                    title=\"sam_3825\"\n                    alt=\"sam_3825\"\n                    src=\"https:\/\/ulliso.se\/blog\/wp-content\/gallery\/fridge\/thumbs\/thumbs_sam_3825.jpg\"\n                    width=\"100\"\n                    height=\"75\"\n                    style=\"max-width:100%;\"\n                \/>\n            <\/a>\n        <\/div>\n\t\t\t\t\t\t\t<\/div> \n\t\t\t\n        \n\t\t\n\t\t<!-- Pagination -->\n\t<div class='ngg-clear'><\/div>\t<\/div>\n\n<p>&nbsp;<\/p>\n","protected":false},"excerpt":{"rendered":"<p>S\u00e5 h\u00e4r ser det ut i v\u00e5rt kylsk\u00e5p just nu. &nbsp;<\/p>\n","protected":false},"author":1,"featured_media":0,"comment_status":"open","ping_status":"open","sticky":false,"template":"","format":"standard","meta":{"ngg_post_thumbnail":0},"categories":[24],"tags":[],"_links":{"self":[{"href":"https:\/\/ulliso.se\/blog\/index.php?rest_route=\/wp\/v2\/posts\/3137"}],"collection":[{"href":"https:\/\/ulliso.se\/blog\/index.php?rest_route=\/wp\/v2\/posts"}],"about":[{"href":"https:\/\/ulliso.se\/blog\/index.php?rest_route=\/wp\/v2\/types\/post"}],"author":[{"embeddable":true,"href":"https:\/\/ulliso.se\/blog\/index.php?rest_route=\/wp\/v2\/users\/1"}],"replies":[{"embeddable":true,"href":"https:\/\/ulliso.se\/blog\/index.php?rest_route=%2Fwp%2Fv2%2Fcomments&post=3137"}],"version-history":[{"count":1,"href":"https:\/\/ulliso.se\/blog\/index.php?rest_route=\/wp\/v2\/posts\/3137\/revisions"}],"predecessor-version":[{"id":3138,"href":"https:\/\/ulliso.se\/blog\/index.php?rest_route=\/wp\/v2\/posts\/3137\/revisions\/3138"}],"wp:attachment":[{"href":"https:\/\/ulliso.se\/blog\/index.php?rest_route=%2Fwp%2Fv2%2Fmedia&parent=3137"}],"wp:term":[{"taxonomy":"category","embeddable":true,"href":"https:\/\/ulliso.se\/blog\/index.php?rest_route=%2Fwp%2Fv2%2Fcategories&post=3137"},{"taxonomy":"post_tag","embeddable":true,"href":"https:\/\/ulliso.se\/blog\/index.php?rest_route=%2Fwp%2Fv2%2Ftags&post=3137"}],"curies":[{"name":"wp","href":"https:\/\/api.w.org\/{rel}","templated":true}]}}