{"id":3185,"date":"2012-06-30T22:30:15","date_gmt":"2012-06-30T20:30:15","guid":{"rendered":"http:\/\/ulliso.se\/blog\/?p=3185"},"modified":"2012-06-30T22:41:58","modified_gmt":"2012-06-30T20:41:58","slug":"efit-120630","status":"publish","type":"post","link":"https:\/\/ulliso.se\/blog\/?p=3185","title":{"rendered":"EFIT 120630"},"content":{"rendered":"<!-- index.php -->\n<div\n\tclass=\"ngg-galleryoverview ngg-ajax-pagination-none\"\n\tid=\"ngg-gallery-e7b2035e0e5bcd0d981ee3842c26519e-1\">\n\n    \t<div class=\"slideshowlink\">\n        <a href='https:\/\/ulliso.se\/blog\/index.php\/nggallery\/slideshow?p=3185'>[Show as slideshow]<\/a>\n\t\t\n\t<\/div>\n\t\t\t<!-- Thumbnails -->\n\t\t\t\t<div id=\"ngg-image-0\" class=\"ngg-gallery-thumbnail-box\" >\n\t\t\t\t        <div class=\"ngg-gallery-thumbnail\">\n            <a href=\"https:\/\/ulliso.se\/blog\/wp-content\/gallery\/efit\/sam_5367.jpg\"\n               title=\"02.00: Dags att b\u00f6rja g\u00e5 och l\u00e4gga sig. Jag sitter p\u00e5 toa och l\u00e4ser och m\u00e5lar om naglarna.\"\n               data-src=\"https:\/\/ulliso.se\/blog\/wp-content\/gallery\/efit\/sam_5367.jpg\"\n               data-thumbnail=\"https:\/\/ulliso.se\/blog\/wp-content\/gallery\/efit\/thumbs\/thumbs_sam_5367.jpg\"\n               data-image-id=\"101\"\n               data-title=\"sam_5367\"\n               data-description=\"02.00: Dags att b\u00f6rja g\u00e5 och l\u00e4gga sig. Jag sitter p\u00e5 toa och l\u00e4ser och m\u00e5lar om naglarna.\"\n               data-image-slug=\"sam_5367\"\n               class=\"shutterset_e7b2035e0e5bcd0d981ee3842c26519e\">\n                <img\n                    title=\"sam_5367\"\n                    alt=\"sam_5367\"\n                    src=\"https:\/\/ulliso.se\/blog\/wp-content\/gallery\/efit\/thumbs\/thumbs_sam_5367.jpg\"\n                    width=\"100\"\n                    height=\"75\"\n                    style=\"max-width:100%;\"\n                \/>\n            <\/a>\n        <\/div>\n\t\t\t\t\t\t\t<\/div> \n\t\t\t\n        \n\t\t\t\t<div id=\"ngg-image-1\" class=\"ngg-gallery-thumbnail-box\" >\n\t\t\t\t        <div class=\"ngg-gallery-thumbnail\">\n            <a href=\"https:\/\/ulliso.se\/blog\/wp-content\/gallery\/efit\/sam_5370.jpg\"\n               title=\"05.00: Kan inte sova...\"\n               data-src=\"https:\/\/ulliso.se\/blog\/wp-content\/gallery\/efit\/sam_5370.jpg\"\n               data-thumbnail=\"https:\/\/ulliso.se\/blog\/wp-content\/gallery\/efit\/thumbs\/thumbs_sam_5370.jpg\"\n               data-image-id=\"102\"\n               data-title=\"sam_5370\"\n               data-description=\"05.00: Kan inte sova...\"\n               data-image-slug=\"sam_5370\"\n               class=\"shutterset_e7b2035e0e5bcd0d981ee3842c26519e\">\n                <img\n                    title=\"sam_5370\"\n                    alt=\"sam_5370\"\n                    src=\"https:\/\/ulliso.se\/blog\/wp-content\/gallery\/efit\/thumbs\/thumbs_sam_5370.jpg\"\n                    width=\"100\"\n                    height=\"75\"\n                    style=\"max-width:100%;\"\n                \/>\n            <\/a>\n        <\/div>\n\t\t\t\t\t\t\t<\/div> \n\t\t\t\n        \n\t\t\t\t<div id=\"ngg-image-2\" class=\"ngg-gallery-thumbnail-box\" >\n\t\t\t\t        <div class=\"ngg-gallery-thumbnail\">\n            <a href=\"https:\/\/ulliso.se\/blog\/wp-content\/gallery\/efit\/11.jpg\"\n               title=\"11.00: Vi har vaknat till liv.\"\n               data-src=\"https:\/\/ulliso.se\/blog\/wp-content\/gallery\/efit\/11.jpg\"\n               data-thumbnail=\"https:\/\/ulliso.se\/blog\/wp-content\/gallery\/efit\/thumbs\/thumbs_11.jpg\"\n               data-image-id=\"92\"\n               data-title=\"11\"\n               data-description=\"11.00: Vi har vaknat till liv.\"\n               data-image-slug=\"11-3\"\n               class=\"shutterset_e7b2035e0e5bcd0d981ee3842c26519e\">\n                <img\n                    title=\"11\"\n                    alt=\"11\"\n                    src=\"https:\/\/ulliso.se\/blog\/wp-content\/gallery\/efit\/thumbs\/thumbs_11.jpg\"\n                    width=\"100\"\n                    height=\"75\"\n                    style=\"max-width:100%;\"\n                \/>\n            <\/a>\n        <\/div>\n\t\t\t\t\t\t\t<\/div> \n\t\t\t\n        \n\t\t\t\t<div id=\"ngg-image-3\" class=\"ngg-gallery-thumbnail-box\" >\n\t\t\t\t        <div class=\"ngg-gallery-thumbnail\">\n            <a href=\"https:\/\/ulliso.se\/blog\/wp-content\/gallery\/efit\/13.jpg\"\n               title=\"13.00: Lyssnar p\u00e5 \\&quot;Sommar\\&quot; i P1. \r\n\r\nGl\u00f6mde f\u00f6rresten att fota kl. 12. Just d\u00e5 var n\u00e4mligen sv\u00e4risarna var f\u00f6rbi h\u00e4r med lamellgardinen som de k\u00f6pt till oss. Vi ska ha den som avdelare i v\u00e5rt vardagsrum\/sovrum.\"\n               data-src=\"https:\/\/ulliso.se\/blog\/wp-content\/gallery\/efit\/13.jpg\"\n               data-thumbnail=\"https:\/\/ulliso.se\/blog\/wp-content\/gallery\/efit\/thumbs\/thumbs_13.jpg\"\n               data-image-id=\"93\"\n               data-title=\"13\"\n               data-description=\"13.00: Lyssnar p\u00e5 &quot;Sommar&quot; i P1. \r\n\r\nGl\u00f6mde f\u00f6rresten att fota kl. 12. Just d\u00e5 var n\u00e4mligen sv\u00e4risarna var f\u00f6rbi h\u00e4r med lamellgardinen som de k\u00f6pt till oss. Vi ska ha den som avdelare i v\u00e5rt vardagsrum\/sovrum.\"\n               data-image-slug=\"13-3\"\n               class=\"shutterset_e7b2035e0e5bcd0d981ee3842c26519e\">\n                <img\n                    title=\"13\"\n                    alt=\"13\"\n                    src=\"https:\/\/ulliso.se\/blog\/wp-content\/gallery\/efit\/thumbs\/thumbs_13.jpg\"\n                    width=\"100\"\n                    height=\"75\"\n                    style=\"max-width:100%;\"\n                \/>\n            <\/a>\n        <\/div>\n\t\t\t\t\t\t\t<\/div> \n\t\t\t\n        \n\t\t\t\t<div id=\"ngg-image-4\" class=\"ngg-gallery-thumbnail-box\" >\n\t\t\t\t        <div class=\"ngg-gallery-thumbnail\">\n            <a href=\"https:\/\/ulliso.se\/blog\/wp-content\/gallery\/efit\/14.jpg\"\n               title=\"14.00: Vi \u00e4r ute p\u00e5 stan.\"\n               data-src=\"https:\/\/ulliso.se\/blog\/wp-content\/gallery\/efit\/14.jpg\"\n               data-thumbnail=\"https:\/\/ulliso.se\/blog\/wp-content\/gallery\/efit\/thumbs\/thumbs_14.jpg\"\n               data-image-id=\"94\"\n               data-title=\"14\"\n               data-description=\"14.00: Vi \u00e4r ute p\u00e5 stan.\"\n               data-image-slug=\"14-2\"\n               class=\"shutterset_e7b2035e0e5bcd0d981ee3842c26519e\">\n                <img\n                    title=\"14\"\n                    alt=\"14\"\n                    src=\"https:\/\/ulliso.se\/blog\/wp-content\/gallery\/efit\/thumbs\/thumbs_14.jpg\"\n                    width=\"100\"\n                    height=\"75\"\n                    style=\"max-width:100%;\"\n                \/>\n            <\/a>\n        <\/div>\n\t\t\t\t\t\t\t<\/div> \n\t\t\t\n        \n\t\t\t\t<div id=\"ngg-image-5\" class=\"ngg-gallery-thumbnail-box\" >\n\t\t\t\t        <div class=\"ngg-gallery-thumbnail\">\n            <a href=\"https:\/\/ulliso.se\/blog\/wp-content\/gallery\/efit\/15.jpg\"\n               title=\"15.00: P\u00e5 kyrkmarknaden i \u00d6jebyn. Jag hittade \u00e4ntligen marknadsgodis. Har inte sett det h\u00e4r f\u00f6rut. H\u00e4r verkar de bara ha dessa tr\u00e5kiga remmar. :( Men nu, s\u00e5...\"\n               data-src=\"https:\/\/ulliso.se\/blog\/wp-content\/gallery\/efit\/15.jpg\"\n               data-thumbnail=\"https:\/\/ulliso.se\/blog\/wp-content\/gallery\/efit\/thumbs\/thumbs_15.jpg\"\n               data-image-id=\"95\"\n               data-title=\"15\"\n               data-description=\"15.00: P\u00e5 kyrkmarknaden i \u00d6jebyn. Jag hittade \u00e4ntligen marknadsgodis. Har inte sett det h\u00e4r f\u00f6rut. H\u00e4r verkar de bara ha dessa tr\u00e5kiga remmar. :( Men nu, s\u00e5...\"\n               data-image-slug=\"15-3\"\n               class=\"shutterset_e7b2035e0e5bcd0d981ee3842c26519e\">\n                <img\n                    title=\"15\"\n                    alt=\"15\"\n                    src=\"https:\/\/ulliso.se\/blog\/wp-content\/gallery\/efit\/thumbs\/thumbs_15.jpg\"\n                    width=\"100\"\n                    height=\"75\"\n                    style=\"max-width:100%;\"\n                \/>\n            <\/a>\n        <\/div>\n\t\t\t\t\t\t\t<\/div> \n\t\t\t\n        \n\t\t\t\t<div id=\"ngg-image-6\" class=\"ngg-gallery-thumbnail-box\" >\n\t\t\t\t        <div class=\"ngg-gallery-thumbnail\">\n            <a href=\"https:\/\/ulliso.se\/blog\/wp-content\/gallery\/efit\/16.jpg\"\n               title=\"16.00: P\u00e5 v\u00e4g hem efter mathandling p\u00e5 Coop.\"\n               data-src=\"https:\/\/ulliso.se\/blog\/wp-content\/gallery\/efit\/16.jpg\"\n               data-thumbnail=\"https:\/\/ulliso.se\/blog\/wp-content\/gallery\/efit\/thumbs\/thumbs_16.jpg\"\n               data-image-id=\"96\"\n               data-title=\"16\"\n               data-description=\"16.00: P\u00e5 v\u00e4g hem efter mathandling p\u00e5 Coop.\"\n               data-image-slug=\"16-3\"\n               class=\"shutterset_e7b2035e0e5bcd0d981ee3842c26519e\">\n                <img\n                    title=\"16\"\n                    alt=\"16\"\n                    src=\"https:\/\/ulliso.se\/blog\/wp-content\/gallery\/efit\/thumbs\/thumbs_16.jpg\"\n                    width=\"100\"\n                    height=\"75\"\n                    style=\"max-width:100%;\"\n                \/>\n            <\/a>\n        <\/div>\n\t\t\t\t\t\t\t<\/div> \n\t\t\t\n        \n\t\t\t\t<div id=\"ngg-image-7\" class=\"ngg-gallery-thumbnail-box\" >\n\t\t\t\t        <div class=\"ngg-gallery-thumbnail\">\n            <a href=\"https:\/\/ulliso.se\/blog\/wp-content\/gallery\/efit\/17.jpg\"\n               title=\"17.00: Middag p\u00e5 g\u00e5ng. Idag blir det \\&quot;Ranchero\\&quot;. Det \u00e4r en k\u00f6ttf\u00e4rsr\u00f6ra med ris = underbart gott.\"\n               data-src=\"https:\/\/ulliso.se\/blog\/wp-content\/gallery\/efit\/17.jpg\"\n               data-thumbnail=\"https:\/\/ulliso.se\/blog\/wp-content\/gallery\/efit\/thumbs\/thumbs_17.jpg\"\n               data-image-id=\"97\"\n               data-title=\"17\"\n               data-description=\"17.00: Middag p\u00e5 g\u00e5ng. Idag blir det &quot;Ranchero&quot;. Det \u00e4r en k\u00f6ttf\u00e4rsr\u00f6ra med ris = underbart gott.\"\n               data-image-slug=\"17-3\"\n               class=\"shutterset_e7b2035e0e5bcd0d981ee3842c26519e\">\n                <img\n                    title=\"17\"\n                    alt=\"17\"\n                    src=\"https:\/\/ulliso.se\/blog\/wp-content\/gallery\/efit\/thumbs\/thumbs_17.jpg\"\n                    width=\"100\"\n                    height=\"75\"\n                    style=\"max-width:100%;\"\n                \/>\n            <\/a>\n        <\/div>\n\t\t\t\t\t\t\t<\/div> \n\t\t\t\n        \n\t\t\t\t<div id=\"ngg-image-8\" class=\"ngg-gallery-thumbnail-box\" >\n\t\t\t\t        <div class=\"ngg-gallery-thumbnail\">\n            <a href=\"https:\/\/ulliso.se\/blog\/wp-content\/gallery\/efit\/18.jpg\"\n               title=\"18.00: Vi \u00e4r p\u00e5 Pite\u00e5 Summer Games och kollar in n\u00e4r Jonas systerdotter spelar en fotbollsmatch.\"\n               data-src=\"https:\/\/ulliso.se\/blog\/wp-content\/gallery\/efit\/18.jpg\"\n               data-thumbnail=\"https:\/\/ulliso.se\/blog\/wp-content\/gallery\/efit\/thumbs\/thumbs_18.jpg\"\n               data-image-id=\"98\"\n               data-title=\"18\"\n               data-description=\"18.00: Vi \u00e4r p\u00e5 Pite\u00e5 Summer Games och kollar in n\u00e4r Jonas systerdotter spelar en fotbollsmatch.\"\n               data-image-slug=\"18-3\"\n               class=\"shutterset_e7b2035e0e5bcd0d981ee3842c26519e\">\n                <img\n                    title=\"18\"\n                    alt=\"18\"\n                    src=\"https:\/\/ulliso.se\/blog\/wp-content\/gallery\/efit\/thumbs\/thumbs_18.jpg\"\n                    width=\"100\"\n                    height=\"75\"\n                    style=\"max-width:100%;\"\n                \/>\n            <\/a>\n        <\/div>\n\t\t\t\t\t\t\t<\/div> \n\t\t\t\n        \n\t\t\t\t<div id=\"ngg-image-9\" class=\"ngg-gallery-thumbnail-box\" >\n\t\t\t\t        <div class=\"ngg-gallery-thumbnail\">\n            <a href=\"https:\/\/ulliso.se\/blog\/wp-content\/gallery\/efit\/19.jpg\"\n               title=\"19.00: Kaffe och kaffepannacotta.\"\n               data-src=\"https:\/\/ulliso.se\/blog\/wp-content\/gallery\/efit\/19.jpg\"\n               data-thumbnail=\"https:\/\/ulliso.se\/blog\/wp-content\/gallery\/efit\/thumbs\/thumbs_19.jpg\"\n               data-image-id=\"99\"\n               data-title=\"19\"\n               data-description=\"19.00: Kaffe och kaffepannacotta.\"\n               data-image-slug=\"19-3\"\n               class=\"shutterset_e7b2035e0e5bcd0d981ee3842c26519e\">\n                <img\n                    title=\"19\"\n                    alt=\"19\"\n                    src=\"https:\/\/ulliso.se\/blog\/wp-content\/gallery\/efit\/thumbs\/thumbs_19.jpg\"\n                    width=\"100\"\n                    height=\"75\"\n                    style=\"max-width:100%;\"\n                \/>\n            <\/a>\n        <\/div>\n\t\t\t\t\t\t\t<\/div> \n\t\t\t\n        \n\t\t\t\t<div id=\"ngg-image-10\" class=\"ngg-gallery-thumbnail-box\" >\n\t\t\t\t        <div class=\"ngg-gallery-thumbnail\">\n            <a href=\"https:\/\/ulliso.se\/blog\/wp-content\/gallery\/efit\/20.jpg\"\n               title=\"20.00: Vi kollar p\u00e5 Sommarkrysset.\"\n               data-src=\"https:\/\/ulliso.se\/blog\/wp-content\/gallery\/efit\/20.jpg\"\n               data-thumbnail=\"https:\/\/ulliso.se\/blog\/wp-content\/gallery\/efit\/thumbs\/thumbs_20.jpg\"\n               data-image-id=\"100\"\n               data-title=\"20\"\n               data-description=\"20.00: Vi kollar p\u00e5 Sommarkrysset.\"\n               data-image-slug=\"20-3\"\n               class=\"shutterset_e7b2035e0e5bcd0d981ee3842c26519e\">\n                <img\n                    title=\"20\"\n                    alt=\"20\"\n                    src=\"https:\/\/ulliso.se\/blog\/wp-content\/gallery\/efit\/thumbs\/thumbs_20.jpg\"\n                    width=\"100\"\n                    height=\"75\"\n                    style=\"max-width:100%;\"\n                \/>\n            <\/a>\n        <\/div>\n\t\t\t\t\t\t\t<\/div> \n\t\t\t\n        \n\t\t\t\t<div id=\"ngg-image-11\" class=\"ngg-gallery-thumbnail-box\" >\n\t\t\t\t        <div class=\"ngg-gallery-thumbnail\">\n            <a href=\"https:\/\/ulliso.se\/blog\/wp-content\/gallery\/efit\/sam_5421.jpg\"\n               title=\"BONUSBILD 20.00: Sambon och jag ligger i soffan. Notera att jag har tjocksockar p\u00e5 mig.\"\n               data-src=\"https:\/\/ulliso.se\/blog\/wp-content\/gallery\/efit\/sam_5421.jpg\"\n               data-thumbnail=\"https:\/\/ulliso.se\/blog\/wp-content\/gallery\/efit\/thumbs\/thumbs_sam_5421.jpg\"\n               data-image-id=\"103\"\n               data-title=\"sam_5421\"\n               data-description=\"BONUSBILD 20.00: Sambon och jag ligger i soffan. Notera att jag har tjocksockar p\u00e5 mig.\"\n               data-image-slug=\"sam_5421\"\n               class=\"shutterset_e7b2035e0e5bcd0d981ee3842c26519e\">\n                <img\n                    title=\"sam_5421\"\n                    alt=\"sam_5421\"\n                    src=\"https:\/\/ulliso.se\/blog\/wp-content\/gallery\/efit\/thumbs\/thumbs_sam_5421.jpg\"\n                    width=\"100\"\n                    height=\"75\"\n                    style=\"max-width:100%;\"\n                \/>\n            <\/a>\n        <\/div>\n\t\t\t\t\t\t\t<\/div> \n\t\t\t\n        \n\t\t\n\t\t<!-- Pagination -->\n\t<div class='ngg-clear'><\/div>\t<\/div>\n\n<p>Vill du kolla in andras EFIT? Kika d\u00e5 <a href=\"http:\/\/ettfotoitimmen.se\/2012\/06\/efit-30-juni-2012\/\" target=\"_blank\">H\u00c4R<\/a>!<\/p>\n","protected":false},"excerpt":{"rendered":"<p>Vill du kolla in andras EFIT? Kika d\u00e5 H\u00c4R!<\/p>\n","protected":false},"author":1,"featured_media":0,"comment_status":"open","ping_status":"open","sticky":false,"template":"","format":"standard","meta":{"ngg_post_thumbnail":0},"categories":[21],"tags":[],"_links":{"self":[{"href":"https:\/\/ulliso.se\/blog\/index.php?rest_route=\/wp\/v2\/posts\/3185"}],"collection":[{"href":"https:\/\/ulliso.se\/blog\/index.php?rest_route=\/wp\/v2\/posts"}],"about":[{"href":"https:\/\/ulliso.se\/blog\/index.php?rest_route=\/wp\/v2\/types\/post"}],"author":[{"embeddable":true,"href":"https:\/\/ulliso.se\/blog\/index.php?rest_route=\/wp\/v2\/users\/1"}],"replies":[{"embeddable":true,"href":"https:\/\/ulliso.se\/blog\/index.php?rest_route=%2Fwp%2Fv2%2Fcomments&post=3185"}],"version-history":[{"count":3,"href":"https:\/\/ulliso.se\/blog\/index.php?rest_route=\/wp\/v2\/posts\/3185\/revisions"}],"predecessor-version":[{"id":3187,"href":"https:\/\/ulliso.se\/blog\/index.php?rest_route=\/wp\/v2\/posts\/3185\/revisions\/3187"}],"wp:attachment":[{"href":"https:\/\/ulliso.se\/blog\/index.php?rest_route=%2Fwp%2Fv2%2Fmedia&parent=3185"}],"wp:term":[{"taxonomy":"category","embeddable":true,"href":"https:\/\/ulliso.se\/blog\/index.php?rest_route=%2Fwp%2Fv2%2Fcategories&post=3185"},{"taxonomy":"post_tag","embeddable":true,"href":"https:\/\/ulliso.se\/blog\/index.php?rest_route=%2Fwp%2Fv2%2Ftags&post=3185"}],"curies":[{"name":"wp","href":"https:\/\/api.w.org\/{rel}","templated":true}]}}