{"id":3254,"date":"2012-08-11T21:13:39","date_gmt":"2012-08-11T19:13:39","guid":{"rendered":"http:\/\/ulliso.se\/blog\/?p=3254"},"modified":"2012-08-11T21:13:39","modified_gmt":"2012-08-11T19:13:39","slug":"efit-11-aug","status":"publish","type":"post","link":"https:\/\/ulliso.se\/blog\/?p=3254","title":{"rendered":"EFIT 11 aug!"},"content":{"rendered":"<p>S\u00e5 h\u00e4r har min EFIT-dag sett ut!<\/p>\n<!-- index.php -->\n<div\n\tclass=\"ngg-galleryoverview ngg-ajax-pagination-none\"\n\tid=\"ngg-gallery-455d4523a0d27444aca93725a2e4610f-1\">\n\n    \t<div class=\"slideshowlink\">\n        <a href='https:\/\/ulliso.se\/blog\/index.php\/nggallery\/slideshow?p=3254'>[Show as slideshow]<\/a>\n\t\t\n\t<\/div>\n\t\t\t<!-- Thumbnails -->\n\t\t\t\t<div id=\"ngg-image-0\" class=\"ngg-gallery-thumbnail-box\" >\n\t\t\t\t        <div class=\"ngg-gallery-thumbnail\">\n            <a href=\"https:\/\/ulliso.se\/blog\/wp-content\/gallery\/efitaug\/1030.jpg\"\n               title=\"10.30: Dags att g\u00e5 upp!\"\n               data-src=\"https:\/\/ulliso.se\/blog\/wp-content\/gallery\/efitaug\/1030.jpg\"\n               data-thumbnail=\"https:\/\/ulliso.se\/blog\/wp-content\/gallery\/efitaug\/thumbs\/thumbs_1030.jpg\"\n               data-image-id=\"208\"\n               data-title=\"1030\"\n               data-description=\"10.30: Dags att g\u00e5 upp!\"\n               data-image-slug=\"1030\"\n               class=\"shutterset_455d4523a0d27444aca93725a2e4610f\">\n                <img\n                    title=\"1030\"\n                    alt=\"1030\"\n                    src=\"https:\/\/ulliso.se\/blog\/wp-content\/gallery\/efitaug\/thumbs\/thumbs_1030.jpg\"\n                    width=\"100\"\n                    height=\"75\"\n                    style=\"max-width:100%;\"\n                \/>\n            <\/a>\n        <\/div>\n\t\t\t\t\t\t\t<\/div> \n\t\t\t\n        \n\t\t\t\t<div id=\"ngg-image-1\" class=\"ngg-gallery-thumbnail-box\" >\n\t\t\t\t        <div class=\"ngg-gallery-thumbnail\">\n            <a href=\"https:\/\/ulliso.se\/blog\/wp-content\/gallery\/efitaug\/1130.jpg\"\n               title=\"11.30: \u00c4ter lite frukost.\"\n               data-src=\"https:\/\/ulliso.se\/blog\/wp-content\/gallery\/efitaug\/1130.jpg\"\n               data-thumbnail=\"https:\/\/ulliso.se\/blog\/wp-content\/gallery\/efitaug\/thumbs\/thumbs_1130.jpg\"\n               data-image-id=\"209\"\n               data-title=\"1130\"\n               data-description=\"11.30: \u00c4ter lite frukost.\"\n               data-image-slug=\"1130\"\n               class=\"shutterset_455d4523a0d27444aca93725a2e4610f\">\n                <img\n                    title=\"1130\"\n                    alt=\"1130\"\n                    src=\"https:\/\/ulliso.se\/blog\/wp-content\/gallery\/efitaug\/thumbs\/thumbs_1130.jpg\"\n                    width=\"100\"\n                    height=\"75\"\n                    style=\"max-width:100%;\"\n                \/>\n            <\/a>\n        <\/div>\n\t\t\t\t\t\t\t<\/div> \n\t\t\t\n        \n\t\t\t\t<div id=\"ngg-image-2\" class=\"ngg-gallery-thumbnail-box\" >\n\t\t\t\t        <div class=\"ngg-gallery-thumbnail\">\n            <a href=\"https:\/\/ulliso.se\/blog\/wp-content\/gallery\/efitaug\/1230.jpg\"\n               title=\"12.30: Ska bes\u00f6ka Stora Nolia!\"\n               data-src=\"https:\/\/ulliso.se\/blog\/wp-content\/gallery\/efitaug\/1230.jpg\"\n               data-thumbnail=\"https:\/\/ulliso.se\/blog\/wp-content\/gallery\/efitaug\/thumbs\/thumbs_1230.jpg\"\n               data-image-id=\"210\"\n               data-title=\"1230\"\n               data-description=\"12.30: Ska bes\u00f6ka Stora Nolia!\"\n               data-image-slug=\"1230\"\n               class=\"shutterset_455d4523a0d27444aca93725a2e4610f\">\n                <img\n                    title=\"1230\"\n                    alt=\"1230\"\n                    src=\"https:\/\/ulliso.se\/blog\/wp-content\/gallery\/efitaug\/thumbs\/thumbs_1230.jpg\"\n                    width=\"100\"\n                    height=\"75\"\n                    style=\"max-width:100%;\"\n                \/>\n            <\/a>\n        <\/div>\n\t\t\t\t\t\t\t<\/div> \n\t\t\t\n        \n\t\t\t\t<div id=\"ngg-image-3\" class=\"ngg-gallery-thumbnail-box\" >\n\t\t\t\t        <div class=\"ngg-gallery-thumbnail\">\n            <a href=\"https:\/\/ulliso.se\/blog\/wp-content\/gallery\/efitaug\/14.jpg\"\n               title=\"14.00: (gl\u00f6mde fota kl. 13.30). Kl. 14 ska vi kolla in denna enorma husbil som kan ta en bil d\u00e4r bak.\"\n               data-src=\"https:\/\/ulliso.se\/blog\/wp-content\/gallery\/efitaug\/14.jpg\"\n               data-thumbnail=\"https:\/\/ulliso.se\/blog\/wp-content\/gallery\/efitaug\/thumbs\/thumbs_14.jpg\"\n               data-image-id=\"211\"\n               data-title=\"14\"\n               data-description=\"14.00: (gl\u00f6mde fota kl. 13.30). Kl. 14 ska vi kolla in denna enorma husbil som kan ta en bil d\u00e4r bak.\"\n               data-image-slug=\"14-3\"\n               class=\"shutterset_455d4523a0d27444aca93725a2e4610f\">\n                <img\n                    title=\"14\"\n                    alt=\"14\"\n                    src=\"https:\/\/ulliso.se\/blog\/wp-content\/gallery\/efitaug\/thumbs\/thumbs_14.jpg\"\n                    width=\"100\"\n                    height=\"75\"\n                    style=\"max-width:100%;\"\n                \/>\n            <\/a>\n        <\/div>\n\t\t\t\t\t\t\t<\/div> \n\t\t\t\n        \n\t\t\t\t<div id=\"ngg-image-4\" class=\"ngg-gallery-thumbnail-box\" >\n\t\t\t\t        <div class=\"ngg-gallery-thumbnail\">\n            <a href=\"https:\/\/ulliso.se\/blog\/wp-content\/gallery\/efitaug\/1430.jpg\"\n               title=\"14.30: Vi kikar in i husvagnar. Denna skulle jag kunna t\u00e4nka mig om vi skulle ha husvagn (vilket vi inte ska ha). I denna fanns, f\u00f6rutom en dubbels\u00e4ng, \u00e4ven en v\u00e5ningss\u00e4ng och en uppf\u00e4llbar s\u00e4ng.\"\n               data-src=\"https:\/\/ulliso.se\/blog\/wp-content\/gallery\/efitaug\/1430.jpg\"\n               data-thumbnail=\"https:\/\/ulliso.se\/blog\/wp-content\/gallery\/efitaug\/thumbs\/thumbs_1430.jpg\"\n               data-image-id=\"212\"\n               data-title=\"1430\"\n               data-description=\"14.30: Vi kikar in i husvagnar. Denna skulle jag kunna t\u00e4nka mig om vi skulle ha husvagn (vilket vi inte ska ha). I denna fanns, f\u00f6rutom en dubbels\u00e4ng, \u00e4ven en v\u00e5ningss\u00e4ng och en uppf\u00e4llbar s\u00e4ng.\"\n               data-image-slug=\"1430\"\n               class=\"shutterset_455d4523a0d27444aca93725a2e4610f\">\n                <img\n                    title=\"1430\"\n                    alt=\"1430\"\n                    src=\"https:\/\/ulliso.se\/blog\/wp-content\/gallery\/efitaug\/thumbs\/thumbs_1430.jpg\"\n                    width=\"100\"\n                    height=\"75\"\n                    style=\"max-width:100%;\"\n                \/>\n            <\/a>\n        <\/div>\n\t\t\t\t\t\t\t<\/div> \n\t\t\t\n        \n\t\t\t\t<div id=\"ngg-image-5\" class=\"ngg-gallery-thumbnail-box\" >\n\t\t\t\t        <div class=\"ngg-gallery-thumbnail\">\n            <a href=\"https:\/\/ulliso.se\/blog\/wp-content\/gallery\/efitaug\/15.jpg\"\n               title=\"15.00: Byggare Bob st\u00e5r p\u00e5 scen.\"\n               data-src=\"https:\/\/ulliso.se\/blog\/wp-content\/gallery\/efitaug\/15.jpg\"\n               data-thumbnail=\"https:\/\/ulliso.se\/blog\/wp-content\/gallery\/efitaug\/thumbs\/thumbs_15.jpg\"\n               data-image-id=\"213\"\n               data-title=\"15\"\n               data-description=\"15.00: Byggare Bob st\u00e5r p\u00e5 scen.\"\n               data-image-slug=\"15-4\"\n               class=\"shutterset_455d4523a0d27444aca93725a2e4610f\">\n                <img\n                    title=\"15\"\n                    alt=\"15\"\n                    src=\"https:\/\/ulliso.se\/blog\/wp-content\/gallery\/efitaug\/thumbs\/thumbs_15.jpg\"\n                    width=\"100\"\n                    height=\"75\"\n                    style=\"max-width:100%;\"\n                \/>\n            <\/a>\n        <\/div>\n\t\t\t\t\t\t\t<\/div> \n\t\t\t\n        \n\t\t\t\t<div id=\"ngg-image-6\" class=\"ngg-gallery-thumbnail-box\" >\n\t\t\t\t        <div class=\"ngg-gallery-thumbnail\">\n            <a href=\"https:\/\/ulliso.se\/blog\/wp-content\/gallery\/efitaug\/1530.jpg\"\n               title=\"15.30: H\u00e4r t\u00e4nkte jag p\u00e5 Herr Kludd. ;) Denna sn\u00f6slunga borde du ha i vinter, M!\"\n               data-src=\"https:\/\/ulliso.se\/blog\/wp-content\/gallery\/efitaug\/1530.jpg\"\n               data-thumbnail=\"https:\/\/ulliso.se\/blog\/wp-content\/gallery\/efitaug\/thumbs\/thumbs_1530.jpg\"\n               data-image-id=\"214\"\n               data-title=\"1530\"\n               data-description=\"15.30: H\u00e4r t\u00e4nkte jag p\u00e5 Herr Kludd. ;) Denna sn\u00f6slunga borde du ha i vinter, M!\"\n               data-image-slug=\"1530\"\n               class=\"shutterset_455d4523a0d27444aca93725a2e4610f\">\n                <img\n                    title=\"1530\"\n                    alt=\"1530\"\n                    src=\"https:\/\/ulliso.se\/blog\/wp-content\/gallery\/efitaug\/thumbs\/thumbs_1530.jpg\"\n                    width=\"100\"\n                    height=\"75\"\n                    style=\"max-width:100%;\"\n                \/>\n            <\/a>\n        <\/div>\n\t\t\t\t\t\t\t<\/div> \n\t\t\t\n        \n\t\t\t\t<div id=\"ngg-image-7\" class=\"ngg-gallery-thumbnail-box\" >\n\t\t\t\t        <div class=\"ngg-gallery-thumbnail\">\n            <a href=\"https:\/\/ulliso.se\/blog\/wp-content\/gallery\/efitaug\/1730.jpg\"\n               title=\"17.30: Middag! Idag blir det ranchero! MUMS!\"\n               data-src=\"https:\/\/ulliso.se\/blog\/wp-content\/gallery\/efitaug\/1730.jpg\"\n               data-thumbnail=\"https:\/\/ulliso.se\/blog\/wp-content\/gallery\/efitaug\/thumbs\/thumbs_1730.jpg\"\n               data-image-id=\"215\"\n               data-title=\"1730\"\n               data-description=\"17.30: Middag! Idag blir det ranchero! MUMS!\"\n               data-image-slug=\"1730\"\n               class=\"shutterset_455d4523a0d27444aca93725a2e4610f\">\n                <img\n                    title=\"1730\"\n                    alt=\"1730\"\n                    src=\"https:\/\/ulliso.se\/blog\/wp-content\/gallery\/efitaug\/thumbs\/thumbs_1730.jpg\"\n                    width=\"100\"\n                    height=\"75\"\n                    style=\"max-width:100%;\"\n                \/>\n            <\/a>\n        <\/div>\n\t\t\t\t\t\t\t<\/div> \n\t\t\t\n        \n\t\t\t\t<div id=\"ngg-image-8\" class=\"ngg-gallery-thumbnail-box\" >\n\t\t\t\t        <div class=\"ngg-gallery-thumbnail\">\n            <a href=\"https:\/\/ulliso.se\/blog\/wp-content\/gallery\/efitaug\/183019.jpg\"\n               title=\"19.00: Gl\u00f6mde bort 18.30, men \u00e4ven d\u00e5 satt jag och la upp bilder\/film p\u00e5 Facebook.\"\n               data-src=\"https:\/\/ulliso.se\/blog\/wp-content\/gallery\/efitaug\/183019.jpg\"\n               data-thumbnail=\"https:\/\/ulliso.se\/blog\/wp-content\/gallery\/efitaug\/thumbs\/thumbs_183019.jpg\"\n               data-image-id=\"216\"\n               data-title=\"183019\"\n               data-description=\"19.00: Gl\u00f6mde bort 18.30, men \u00e4ven d\u00e5 satt jag och la upp bilder\/film p\u00e5 Facebook.\"\n               data-image-slug=\"183019\"\n               class=\"shutterset_455d4523a0d27444aca93725a2e4610f\">\n                <img\n                    title=\"183019\"\n                    alt=\"183019\"\n                    src=\"https:\/\/ulliso.se\/blog\/wp-content\/gallery\/efitaug\/thumbs\/thumbs_183019.jpg\"\n                    width=\"100\"\n                    height=\"75\"\n                    style=\"max-width:100%;\"\n                \/>\n            <\/a>\n        <\/div>\n\t\t\t\t\t\t\t<\/div> \n\t\t\t\n        \n\t\t\t\t<div id=\"ngg-image-9\" class=\"ngg-gallery-thumbnail-box\" >\n\t\t\t\t        <div class=\"ngg-gallery-thumbnail\">\n            <a href=\"https:\/\/ulliso.se\/blog\/wp-content\/gallery\/efitaug\/1930.jpg\"\n               title=\"19.30: Ska m\u00e5la naglarna.\"\n               data-src=\"https:\/\/ulliso.se\/blog\/wp-content\/gallery\/efitaug\/1930.jpg\"\n               data-thumbnail=\"https:\/\/ulliso.se\/blog\/wp-content\/gallery\/efitaug\/thumbs\/thumbs_1930.jpg\"\n               data-image-id=\"217\"\n               data-title=\"1930\"\n               data-description=\"19.30: Ska m\u00e5la naglarna.\"\n               data-image-slug=\"1930\"\n               class=\"shutterset_455d4523a0d27444aca93725a2e4610f\">\n                <img\n                    title=\"1930\"\n                    alt=\"1930\"\n                    src=\"https:\/\/ulliso.se\/blog\/wp-content\/gallery\/efitaug\/thumbs\/thumbs_1930.jpg\"\n                    width=\"100\"\n                    height=\"75\"\n                    style=\"max-width:100%;\"\n                \/>\n            <\/a>\n        <\/div>\n\t\t\t\t\t\t\t<\/div> \n\t\t\t\n        \n\t\t\t\t<div id=\"ngg-image-10\" class=\"ngg-gallery-thumbnail-box\" >\n\t\t\t\t        <div class=\"ngg-gallery-thumbnail\">\n            <a href=\"https:\/\/ulliso.se\/blog\/wp-content\/gallery\/efitaug\/2030.jpg\"\n               title=\"20.30: Sommarkrysset.\"\n               data-src=\"https:\/\/ulliso.se\/blog\/wp-content\/gallery\/efitaug\/2030.jpg\"\n               data-thumbnail=\"https:\/\/ulliso.se\/blog\/wp-content\/gallery\/efitaug\/thumbs\/thumbs_2030.jpg\"\n               data-image-id=\"218\"\n               data-title=\"2030\"\n               data-description=\"20.30: Sommarkrysset.\"\n               data-image-slug=\"2030\"\n               class=\"shutterset_455d4523a0d27444aca93725a2e4610f\">\n                <img\n                    title=\"2030\"\n                    alt=\"2030\"\n                    src=\"https:\/\/ulliso.se\/blog\/wp-content\/gallery\/efitaug\/thumbs\/thumbs_2030.jpg\"\n                    width=\"100\"\n                    height=\"75\"\n                    style=\"max-width:100%;\"\n                \/>\n            <\/a>\n        <\/div>\n\t\t\t\t\t\t\t<\/div> \n\t\t\t\n        \n\t\t\n\t\t<!-- Pagination -->\n\t<div class='ngg-clear'><\/div>\t<\/div>\n\n","protected":false},"excerpt":{"rendered":"<p>S\u00e5 h\u00e4r har min EFIT-dag sett ut!<\/p>\n","protected":false},"author":1,"featured_media":0,"comment_status":"open","ping_status":"open","sticky":false,"template":"","format":"standard","meta":{"ngg_post_thumbnail":0},"categories":[6],"tags":[],"_links":{"self":[{"href":"https:\/\/ulliso.se\/blog\/index.php?rest_route=\/wp\/v2\/posts\/3254"}],"collection":[{"href":"https:\/\/ulliso.se\/blog\/index.php?rest_route=\/wp\/v2\/posts"}],"about":[{"href":"https:\/\/ulliso.se\/blog\/index.php?rest_route=\/wp\/v2\/types\/post"}],"author":[{"embeddable":true,"href":"https:\/\/ulliso.se\/blog\/index.php?rest_route=\/wp\/v2\/users\/1"}],"replies":[{"embeddable":true,"href":"https:\/\/ulliso.se\/blog\/index.php?rest_route=%2Fwp%2Fv2%2Fcomments&post=3254"}],"version-history":[{"count":1,"href":"https:\/\/ulliso.se\/blog\/index.php?rest_route=\/wp\/v2\/posts\/3254\/revisions"}],"predecessor-version":[{"id":3255,"href":"https:\/\/ulliso.se\/blog\/index.php?rest_route=\/wp\/v2\/posts\/3254\/revisions\/3255"}],"wp:attachment":[{"href":"https:\/\/ulliso.se\/blog\/index.php?rest_route=%2Fwp%2Fv2%2Fmedia&parent=3254"}],"wp:term":[{"taxonomy":"category","embeddable":true,"href":"https:\/\/ulliso.se\/blog\/index.php?rest_route=%2Fwp%2Fv2%2Fcategories&post=3254"},{"taxonomy":"post_tag","embeddable":true,"href":"https:\/\/ulliso.se\/blog\/index.php?rest_route=%2Fwp%2Fv2%2Ftags&post=3254"}],"curies":[{"name":"wp","href":"https:\/\/api.w.org\/{rel}","templated":true}]}}