{"id":3534,"date":"2013-01-10T00:51:25","date_gmt":"2013-01-09T23:51:25","guid":{"rendered":"http:\/\/ulliso.se\/blog\/?p=3534"},"modified":"2013-01-10T23:25:57","modified_gmt":"2013-01-10T22:25:57","slug":"ett-vanligt-inlagg","status":"publish","type":"post","link":"https:\/\/ulliso.se\/blog\/?p=3534","title":{"rendered":"Ett vanligt inl\u00e4gg!"},"content":{"rendered":"<p>Nu var det ett tag sedan jag skrev ett vanligt inl\u00e4gg. Jag \u00e4r ju med i fotoutmaningen 365foton som ni nog m\u00e4rker. Tyckte att det var passande f\u00f6r mig att vara med i, jag som fotar ett antal tusen bilder per \u00e5r.<\/p>\n<p>N\u00e5v\u00e4l! Jag har precis gjort min spelrunda i mobilen, som vanligt s\u00e5 h\u00e4r vid l\u00e4ggdags. Jag spelar Wordfeud, Quizkampen och Songpop varje dag.<\/p>\n<p>Jag bloggar via mobilen nu, det tar sin tid f\u00f6r det \u00e4r lite plottrigt att skriva s\u00e5 jag m\u00e5ste ofta backa tillbaks.<\/p>\n<p>Ig\u00e5r kv\u00e4ll (onsdag) s\u00e5 startade mitt gym upp aerobics, s\u00e5 jag var d\u00e4r och testade. Jag gick p\u00e5 aerobics 2 ggr\/vecka 1992-1994 och \u00e4lskade det. Det fanns inte s\u00e5 stort grupptr\u00e4ningsutbud p\u00e5 den tiden. Alternativen som fanns i min stad d\u00e5 var vattengympa och step-up (motsvarande bodystep numera).<\/p>\n<p>Nu gled jag iv\u00e4g lite h\u00e4r! Aerobicsen var sv\u00e5r med alla stegkombinationer (och d\u00e5 \u00e4r jag inte helt novis vad det g\u00e4ller s\u00e5nt) och alla snurr. Jag har sv\u00e5rt att snurra och samtidigt k\u00f6ra snabba steg numera. Blir s\u00e5 yr. :(<\/p>\n<p>Jag kommer nog inte att ge aerobicsen fler f\u00f6rs\u00f6k. N\u00e4, jag kommer att forts\u00e4tta med att bara k\u00f6ra Bodyvive och Sh&#8217;Bam i nul\u00e4get. Det sistn\u00e4mnda kommer med en ny release (nr 10) ikv\u00e4ll (torsdag). Jag och \u00e4ldsta dottern ska dit. :)<\/p>\n<p>Nu \u00e4r det dags att runda av h\u00e4r! Klockan ringer om n\u00e5gra f\u00e5 timmar! Gonatt! :)<\/p>\n","protected":false},"excerpt":{"rendered":"<p>Nu var det ett tag sedan jag skrev ett vanligt inl\u00e4gg. Jag \u00e4r ju med i fotoutmaningen 365foton som ni nog m\u00e4rker. Tyckte att det var passande f\u00f6r mig att vara med i, jag som fotar ett antal tusen bilder per \u00e5r. N\u00e5v\u00e4l! Jag har precis gjort min spelrunda i mobilen, som vanligt s\u00e5 h\u00e4r [&hellip;]<\/p>\n","protected":false},"author":1,"featured_media":0,"comment_status":"open","ping_status":"open","sticky":false,"template":"","format":"standard","meta":{"ngg_post_thumbnail":0},"categories":[18,6],"tags":[],"_links":{"self":[{"href":"https:\/\/ulliso.se\/blog\/index.php?rest_route=\/wp\/v2\/posts\/3534"}],"collection":[{"href":"https:\/\/ulliso.se\/blog\/index.php?rest_route=\/wp\/v2\/posts"}],"about":[{"href":"https:\/\/ulliso.se\/blog\/index.php?rest_route=\/wp\/v2\/types\/post"}],"author":[{"embeddable":true,"href":"https:\/\/ulliso.se\/blog\/index.php?rest_route=\/wp\/v2\/users\/1"}],"replies":[{"embeddable":true,"href":"https:\/\/ulliso.se\/blog\/index.php?rest_route=%2Fwp%2Fv2%2Fcomments&post=3534"}],"version-history":[{"count":1,"href":"https:\/\/ulliso.se\/blog\/index.php?rest_route=\/wp\/v2\/posts\/3534\/revisions"}],"predecessor-version":[{"id":3537,"href":"https:\/\/ulliso.se\/blog\/index.php?rest_route=\/wp\/v2\/posts\/3534\/revisions\/3537"}],"wp:attachment":[{"href":"https:\/\/ulliso.se\/blog\/index.php?rest_route=%2Fwp%2Fv2%2Fmedia&parent=3534"}],"wp:term":[{"taxonomy":"category","embeddable":true,"href":"https:\/\/ulliso.se\/blog\/index.php?rest_route=%2Fwp%2Fv2%2Fcategories&post=3534"},{"taxonomy":"post_tag","embeddable":true,"href":"https:\/\/ulliso.se\/blog\/index.php?rest_route=%2Fwp%2Fv2%2Ftags&post=3534"}],"curies":[{"name":"wp","href":"https:\/\/api.w.org\/{rel}","templated":true}]}}