{"id":3632,"date":"2013-01-22T22:09:05","date_gmt":"2013-01-22T21:09:05","guid":{"rendered":"http:\/\/ulliso.se\/blog\/?p=3632"},"modified":"2013-01-22T22:16:24","modified_gmt":"2013-01-22T21:16:24","slug":"tisdag-12","status":"publish","type":"post","link":"https:\/\/ulliso.se\/blog\/?p=3632","title":{"rendered":"Tisdag!"},"content":{"rendered":"<p>S\u00e5 h\u00e4r fint var det imorse vid 7.45-tiden:<\/p>\n<p><a href=\"https:\/\/ulliso.se\/blog\/?attachment_id=3633\" rel=\"attachment wp-att-3633\"><img loading=\"lazy\" class=\"alignnone size-medium wp-image-3633\" alt=\"SAM_0975\" src=\"https:\/\/ulliso.se\/blog\/wp-content\/uploads\/2013\/01\/SAM_0975-300x228.jpg\" width=\"300\" height=\"228\" srcset=\"https:\/\/ulliso.se\/blog\/wp-content\/uploads\/2013\/01\/SAM_0975-300x228.jpg 300w, https:\/\/ulliso.se\/blog\/wp-content\/uploads\/2013\/01\/SAM_0975.jpg 1000w\" sizes=\"(max-width: 300px) 100vw, 300px\" \/><\/a><\/p>\n<p>K\u00e4nner mig krasslig. :( B\u00f6rjade k\u00e4nna av det lite redan i slutet av f\u00f6rra veckan. Less! Jag vill <strong>tr\u00e4na<\/strong>!<strong>\u00a0<\/strong>Ig\u00e5r var vi tvungna att avboka <a href=\"http:\/\/www.youtube.com\/watch?v=sYpjCB0Pi2s\" target=\"_blank\">bodyviven<\/a>. Ida drabbas tyv\u00e4rr av att jag inte orkar tr\u00e4na. Erbj\u00f6d mig dock att f\u00f6lja med, men v\u00e4nta utanf\u00f6r grupptr\u00e4ningssalen, men hon vill inte tr\u00e4na utan mig.<\/p>\n<p>Nu hoppas jag att jag ska orka tr\u00e4na p\u00e5 torsdag, d\u00e5 det \u00e4r <a href=\"http:\/\/www.youtube.com\/watch?v=EeXzaz6QMJ0\" target=\"_blank\">Sh&#8217;bam<\/a>\u00a0(en <a href=\"http:\/\/www.youtube.com\/watch?v=jTJrJQ1Hckc\" target=\"_blank\">video<\/a> till). Man vill ju inte g\u00e4rna missa n\u00e5got av det, koreografin \u00e4r ganska knepig. Har du m\u00f6jlighet att k\u00f6ra Sh&#8217;bam, G\u00d6R DET! Det \u00e4r j\u00e4ttekul!<\/p>\n<p>N\u00e5v\u00e4l, trots att man k\u00e4nner sig krasslig s\u00e5 m\u00e5ste man \u00e4nd\u00e5 g\u00f6ra alla hush\u00e5llssysslor. Idag \u00e4r det ju tisdag, vilket inneb\u00e4r reng\u00f6ring av marsvinsburen. Sedan dammsuga, st\u00e4da toaletter (g\u00f6rs varannan dag), \u00a0laga middag, handdiska (diskmaskinen gick ju s\u00f6nder f\u00f6r 2 veckor sedan), tv\u00e4tta tv\u00e5 maskiner tv\u00e4tt, b\u00e4dda rent i 3 av 4 s\u00e4ngar&#8230;<\/p>\n<p>Nu ska jag snart diska igen, sedan spela lite spel p\u00e5 mobilen (Wordfeud, Songpop, Quizkampen), och d\u00e4r efter sova.<\/p>\n","protected":false},"excerpt":{"rendered":"<p>S\u00e5 h\u00e4r fint var det imorse vid 7.45-tiden: K\u00e4nner mig krasslig. :( B\u00f6rjade k\u00e4nna av det lite redan i slutet av f\u00f6rra veckan. Less! Jag vill tr\u00e4na!\u00a0Ig\u00e5r var vi tvungna att avboka bodyviven. Ida drabbas tyv\u00e4rr av att jag inte orkar tr\u00e4na. Erbj\u00f6d mig dock att f\u00f6lja med, men v\u00e4nta utanf\u00f6r grupptr\u00e4ningssalen, men hon vill [&hellip;]<\/p>\n","protected":false},"author":1,"featured_media":0,"comment_status":"open","ping_status":"open","sticky":false,"template":"","format":"standard","meta":{"ngg_post_thumbnail":0},"categories":[18,6],"tags":[],"_links":{"self":[{"href":"https:\/\/ulliso.se\/blog\/index.php?rest_route=\/wp\/v2\/posts\/3632"}],"collection":[{"href":"https:\/\/ulliso.se\/blog\/index.php?rest_route=\/wp\/v2\/posts"}],"about":[{"href":"https:\/\/ulliso.se\/blog\/index.php?rest_route=\/wp\/v2\/types\/post"}],"author":[{"embeddable":true,"href":"https:\/\/ulliso.se\/blog\/index.php?rest_route=\/wp\/v2\/users\/1"}],"replies":[{"embeddable":true,"href":"https:\/\/ulliso.se\/blog\/index.php?rest_route=%2Fwp%2Fv2%2Fcomments&post=3632"}],"version-history":[{"count":4,"href":"https:\/\/ulliso.se\/blog\/index.php?rest_route=\/wp\/v2\/posts\/3632\/revisions"}],"predecessor-version":[{"id":3637,"href":"https:\/\/ulliso.se\/blog\/index.php?rest_route=\/wp\/v2\/posts\/3632\/revisions\/3637"}],"wp:attachment":[{"href":"https:\/\/ulliso.se\/blog\/index.php?rest_route=%2Fwp%2Fv2%2Fmedia&parent=3632"}],"wp:term":[{"taxonomy":"category","embeddable":true,"href":"https:\/\/ulliso.se\/blog\/index.php?rest_route=%2Fwp%2Fv2%2Fcategories&post=3632"},{"taxonomy":"post_tag","embeddable":true,"href":"https:\/\/ulliso.se\/blog\/index.php?rest_route=%2Fwp%2Fv2%2Ftags&post=3632"}],"curies":[{"name":"wp","href":"https:\/\/api.w.org\/{rel}","templated":true}]}}