{"id":3709,"date":"2013-02-01T23:02:15","date_gmt":"2013-02-01T22:02:15","guid":{"rendered":"http:\/\/ulliso.se\/blog\/?p=3709"},"modified":"2013-02-01T23:07:26","modified_gmt":"2013-02-01T22:07:26","slug":"8-av-100","status":"publish","type":"post","link":"https:\/\/ulliso.se\/blog\/?p=3709","title":{"rendered":"8 av 100"},"content":{"rendered":"<p>Idag \u00e4r det d\u00e5 fredagen den f\u00f6rsta <strong>februari<\/strong>. En steg n\u00e4rmare v\u00e5ren! Men bor man h\u00e4r uppe i norr s\u00e5 f\u00e5r man r\u00e4kna med att v\u00e5ren kommer tidigast i slutet av april. V\u00e5ren kan v\u00e4l iofs mer beskrivas som &#8221;v\u00e5rvinter&#8221; och sedan blir det sommar direkt. ;)<\/p>\n<p>\u00c4lskar de ljusa sommarn\u00e4tterna h\u00e4r!<\/p>\n<p>Jag har f\u00f6rresten bott h\u00e4r uppe i snart tre \u00e5r (1 mars 2010). Kan inte t\u00e4nka mig att flytta hem till Blekinge igen!<\/p>\n<p>Bilder fr\u00e5n idag:<\/p>\n<!-- index.php -->\n<div\n\tclass=\"ngg-galleryoverview ngg-ajax-pagination-none\"\n\tid=\"ngg-gallery-a47bef6be0939bd004c1f8566b556e36-1\">\n\n    \t<div class=\"slideshowlink\">\n        <a href='https:\/\/ulliso.se\/blog\/index.php\/nggallery\/slideshow?p=3709'>[Show as slideshow]<\/a>\n\t\t\n\t<\/div>\n\t\t\t<!-- Thumbnails -->\n\t\t\t\t<div id=\"ngg-image-0\" class=\"ngg-gallery-thumbnail-box\" >\n\t\t\t\t        <div class=\"ngg-gallery-thumbnail\">\n            <a href=\"https:\/\/ulliso.se\/blog\/wp-content\/gallery\/fredag_1\/img_0096.jpg\"\n               title=\"Idag p\u00e5 morgonen.\"\n               data-src=\"https:\/\/ulliso.se\/blog\/wp-content\/gallery\/fredag_1\/img_0096.jpg\"\n               data-thumbnail=\"https:\/\/ulliso.se\/blog\/wp-content\/gallery\/fredag_1\/thumbs\/thumbs_img_0096.jpg\"\n               data-image-id=\"433\"\n               data-title=\"img_0096\"\n               data-description=\"Idag p\u00e5 morgonen.\"\n               data-image-slug=\"img_0096\"\n               class=\"shutterset_a47bef6be0939bd004c1f8566b556e36\">\n                <img\n                    title=\"img_0096\"\n                    alt=\"img_0096\"\n                    src=\"https:\/\/ulliso.se\/blog\/wp-content\/gallery\/fredag_1\/thumbs\/thumbs_img_0096.jpg\"\n                    width=\"100\"\n                    height=\"75\"\n                    style=\"max-width:100%;\"\n                \/>\n            <\/a>\n        <\/div>\n\t\t\t\t\t\t\t<\/div> \n\t\t\t\n        \n\t\t\t\t<div id=\"ngg-image-1\" class=\"ngg-gallery-thumbnail-box\" >\n\t\t\t\t        <div class=\"ngg-gallery-thumbnail\">\n            <a href=\"https:\/\/ulliso.se\/blog\/wp-content\/gallery\/fredag_1\/img_0097.jpg\"\n               title=\"Idag p\u00e5 morgonen\"\n               data-src=\"https:\/\/ulliso.se\/blog\/wp-content\/gallery\/fredag_1\/img_0097.jpg\"\n               data-thumbnail=\"https:\/\/ulliso.se\/blog\/wp-content\/gallery\/fredag_1\/thumbs\/thumbs_img_0097.jpg\"\n               data-image-id=\"437\"\n               data-title=\"img_0097\"\n               data-description=\"Idag p\u00e5 morgonen\"\n               data-image-slug=\"img_0097\"\n               class=\"shutterset_a47bef6be0939bd004c1f8566b556e36\">\n                <img\n                    title=\"img_0097\"\n                    alt=\"img_0097\"\n                    src=\"https:\/\/ulliso.se\/blog\/wp-content\/gallery\/fredag_1\/thumbs\/thumbs_img_0097.jpg\"\n                    width=\"100\"\n                    height=\"75\"\n                    style=\"max-width:100%;\"\n                \/>\n            <\/a>\n        <\/div>\n\t\t\t\t\t\t\t<\/div> \n\t\t\t\n        \n\t\t\t\t<div id=\"ngg-image-2\" class=\"ngg-gallery-thumbnail-box\" >\n\t\t\t\t        <div class=\"ngg-gallery-thumbnail\">\n            <a href=\"https:\/\/ulliso.se\/blog\/wp-content\/gallery\/fredag_1\/img_0098.jpg\"\n               title=\"Fredag morgon.\"\n               data-src=\"https:\/\/ulliso.se\/blog\/wp-content\/gallery\/fredag_1\/img_0098.jpg\"\n               data-thumbnail=\"https:\/\/ulliso.se\/blog\/wp-content\/gallery\/fredag_1\/thumbs\/thumbs_img_0098.jpg\"\n               data-image-id=\"434\"\n               data-title=\"img_0098\"\n               data-description=\"Fredag morgon.\"\n               data-image-slug=\"img_0098\"\n               class=\"shutterset_a47bef6be0939bd004c1f8566b556e36\">\n                <img\n                    title=\"img_0098\"\n                    alt=\"img_0098\"\n                    src=\"https:\/\/ulliso.se\/blog\/wp-content\/gallery\/fredag_1\/thumbs\/thumbs_img_0098.jpg\"\n                    width=\"100\"\n                    height=\"75\"\n                    style=\"max-width:100%;\"\n                \/>\n            <\/a>\n        <\/div>\n\t\t\t\t\t\t\t<\/div> \n\t\t\t\n        \n\t\t\t\t<div id=\"ngg-image-3\" class=\"ngg-gallery-thumbnail-box\" >\n\t\t\t\t        <div class=\"ngg-gallery-thumbnail\">\n            <a href=\"https:\/\/ulliso.se\/blog\/wp-content\/gallery\/fredag_1\/img_0148.jpg\"\n               title=\"Solnedg\u00e5ng fredag eftermiddag.\"\n               data-src=\"https:\/\/ulliso.se\/blog\/wp-content\/gallery\/fredag_1\/img_0148.jpg\"\n               data-thumbnail=\"https:\/\/ulliso.se\/blog\/wp-content\/gallery\/fredag_1\/thumbs\/thumbs_img_0148.jpg\"\n               data-image-id=\"435\"\n               data-title=\"img_0148\"\n               data-description=\"Solnedg\u00e5ng fredag eftermiddag.\"\n               data-image-slug=\"img_0148\"\n               class=\"shutterset_a47bef6be0939bd004c1f8566b556e36\">\n                <img\n                    title=\"img_0148\"\n                    alt=\"img_0148\"\n                    src=\"https:\/\/ulliso.se\/blog\/wp-content\/gallery\/fredag_1\/thumbs\/thumbs_img_0148.jpg\"\n                    width=\"100\"\n                    height=\"75\"\n                    style=\"max-width:100%;\"\n                \/>\n            <\/a>\n        <\/div>\n\t\t\t\t\t\t\t<\/div> \n\t\t\t\n        \n\t\t\t\t<div id=\"ngg-image-4\" class=\"ngg-gallery-thumbnail-box\" >\n\t\t\t\t        <div class=\"ngg-gallery-thumbnail\">\n            <a href=\"https:\/\/ulliso.se\/blog\/wp-content\/gallery\/fredag_1\/img_0149.jpg\"\n               title=\"Underbara f\u00e4rger!\"\n               data-src=\"https:\/\/ulliso.se\/blog\/wp-content\/gallery\/fredag_1\/img_0149.jpg\"\n               data-thumbnail=\"https:\/\/ulliso.se\/blog\/wp-content\/gallery\/fredag_1\/thumbs\/thumbs_img_0149.jpg\"\n               data-image-id=\"436\"\n               data-title=\"img_0149\"\n               data-description=\"Underbara f\u00e4rger!\"\n               data-image-slug=\"img_0149\"\n               class=\"shutterset_a47bef6be0939bd004c1f8566b556e36\">\n                <img\n                    title=\"img_0149\"\n                    alt=\"img_0149\"\n                    src=\"https:\/\/ulliso.se\/blog\/wp-content\/gallery\/fredag_1\/thumbs\/thumbs_img_0149.jpg\"\n                    width=\"100\"\n                    height=\"75\"\n                    style=\"max-width:100%;\"\n                \/>\n            <\/a>\n        <\/div>\n\t\t\t\t\t\t\t<\/div> \n\t\t\t\n        \n\t\t\n\t\t<!-- Pagination -->\n\t<div class='ngg-clear'><\/div>\t<\/div>\n\n<p>&nbsp;<\/p>\n<p>&nbsp;<\/p>\n","protected":false},"excerpt":{"rendered":"<p>Idag \u00e4r det d\u00e5 fredagen den f\u00f6rsta februari. En steg n\u00e4rmare v\u00e5ren! Men bor man h\u00e4r uppe i norr s\u00e5 f\u00e5r man r\u00e4kna med att v\u00e5ren kommer tidigast i slutet av april. V\u00e5ren kan v\u00e4l iofs mer beskrivas som &#8221;v\u00e5rvinter&#8221; och sedan blir det sommar direkt. ;) \u00c4lskar de ljusa sommarn\u00e4tterna h\u00e4r! Jag har f\u00f6rresten [&hellip;]<\/p>\n","protected":false},"author":1,"featured_media":0,"comment_status":"open","ping_status":"open","sticky":false,"template":"","format":"standard","meta":{"ngg_post_thumbnail":0},"categories":[31,6],"tags":[],"_links":{"self":[{"href":"https:\/\/ulliso.se\/blog\/index.php?rest_route=\/wp\/v2\/posts\/3709"}],"collection":[{"href":"https:\/\/ulliso.se\/blog\/index.php?rest_route=\/wp\/v2\/posts"}],"about":[{"href":"https:\/\/ulliso.se\/blog\/index.php?rest_route=\/wp\/v2\/types\/post"}],"author":[{"embeddable":true,"href":"https:\/\/ulliso.se\/blog\/index.php?rest_route=\/wp\/v2\/users\/1"}],"replies":[{"embeddable":true,"href":"https:\/\/ulliso.se\/blog\/index.php?rest_route=%2Fwp%2Fv2%2Fcomments&post=3709"}],"version-history":[{"count":4,"href":"https:\/\/ulliso.se\/blog\/index.php?rest_route=\/wp\/v2\/posts\/3709\/revisions"}],"predecessor-version":[{"id":3712,"href":"https:\/\/ulliso.se\/blog\/index.php?rest_route=\/wp\/v2\/posts\/3709\/revisions\/3712"}],"wp:attachment":[{"href":"https:\/\/ulliso.se\/blog\/index.php?rest_route=%2Fwp%2Fv2%2Fmedia&parent=3709"}],"wp:term":[{"taxonomy":"category","embeddable":true,"href":"https:\/\/ulliso.se\/blog\/index.php?rest_route=%2Fwp%2Fv2%2Fcategories&post=3709"},{"taxonomy":"post_tag","embeddable":true,"href":"https:\/\/ulliso.se\/blog\/index.php?rest_route=%2Fwp%2Fv2%2Ftags&post=3709"}],"curies":[{"name":"wp","href":"https:\/\/api.w.org\/{rel}","templated":true}]}}