{"id":3723,"date":"2013-02-04T23:03:51","date_gmt":"2013-02-04T22:03:51","guid":{"rendered":"http:\/\/ulliso.se\/blog\/?p=3723"},"modified":"2013-02-04T23:03:51","modified_gmt":"2013-02-04T22:03:51","slug":"11-av-100","status":"publish","type":"post","link":"https:\/\/ulliso.se\/blog\/?p=3723","title":{"rendered":"11 av 100"},"content":{"rendered":"<p>Idag \u00e4r det d\u00e5 m\u00e5ndag. Jag var s\u00e5 f\u00f6rvirrad n\u00e4r klockan ringde imorse. Trodde f\u00f6rst att jag skulle jobba, men s\u00e5 kom jag p\u00e5 att jag inte skulle det. T\u00e4nkte d\u00e5 att jag ju kunde sova vidare, men s\u00e5 kom jag p\u00e5 att jag ju skulle g\u00e5 upp f\u00f6r att se till att barnen (tjejerna f\u00f6rst och fr\u00e4mst) kom upp, \u00e4ta frukost och sedan k\u00f6ra dem till sina skolor. Jag har haft bilen idag eftersom jag f\u00f6rst skulle p\u00e5 ett m\u00f6te och sedan veckohandla.<\/p>\n<p>E var med mig b\u00e5de p\u00e5 m\u00f6tet och p\u00e5 handlingen. Hon l\u00e4ser handlingslappen, h\u00e4mtar varorna och stryker \u00f6ver. Jag scannar in varorna och packar i p\u00e5sarna. Hon tycker att det \u00e4r j\u00e4ttekul att handla med mig. Sen hem f\u00f6r att laga middag.<\/p>\n<p>I och jag har varit och tr\u00e4nat <a href=\"http:\/\/www.youtube.com\/watch?v=Aaw2t5RYzhA\" target=\"_blank\">bodyvive<\/a> nu ikv\u00e4ll. Jag var inte s\u00e5 peppad, konstigt nog. Vi har inte tr\u00e4nat p\u00e5 tv\u00e5 veckor, s\u00e5 jag trodde att jag skulle vara mera peppad. I var det d\u00e4remot.<\/p>\n<p>Nu v\u00e4ntar ska jag snart l\u00e4mna soffan och ist\u00e4llet spela lite mobilspel innan jag ska sova! Jag spelar v\u00e4ldigt s\u00e4llan mobilspel p\u00e5 dagen, det blir mest vid s\u00e4ngg\u00e5endet.<\/p>\n<!-- index.php -->\n<div\n\tclass=\"ngg-galleryoverview ngg-ajax-pagination-none\"\n\tid=\"ngg-gallery-16ad4d6d24b7abe23ead1bff7292e22d-1\">\n\n    \t<div class=\"slideshowlink\">\n        <a href='https:\/\/ulliso.se\/blog\/index.php\/nggallery\/slideshow?p=3723'>[Show as slideshow]<\/a>\n\t\t\n\t<\/div>\n\t\t\t<!-- Thumbnails -->\n\t\t\t\t<div id=\"ngg-image-0\" class=\"ngg-gallery-thumbnail-box\" >\n\t\t\t\t        <div class=\"ngg-gallery-thumbnail\">\n            <a href=\"https:\/\/ulliso.se\/blog\/wp-content\/gallery\/monday\/img_0254-kopia.jpg\"\n               title=\"Snart har jag handlat klart allt och ska g\u00e5 till kassan. Slutpriset blev 1001 kr.\"\n               data-src=\"https:\/\/ulliso.se\/blog\/wp-content\/gallery\/monday\/img_0254-kopia.jpg\"\n               data-thumbnail=\"https:\/\/ulliso.se\/blog\/wp-content\/gallery\/monday\/thumbs\/thumbs_img_0254-kopia.jpg\"\n               data-image-id=\"442\"\n               data-title=\"img_0254-kopia\"\n               data-description=\"Snart har jag handlat klart allt och ska g\u00e5 till kassan. Slutpriset blev 1001 kr.\"\n               data-image-slug=\"img_0254-kopia\"\n               class=\"shutterset_16ad4d6d24b7abe23ead1bff7292e22d\">\n                <img\n                    title=\"img_0254-kopia\"\n                    alt=\"img_0254-kopia\"\n                    src=\"https:\/\/ulliso.se\/blog\/wp-content\/gallery\/monday\/thumbs\/thumbs_img_0254-kopia.jpg\"\n                    width=\"100\"\n                    height=\"75\"\n                    style=\"max-width:100%;\"\n                \/>\n            <\/a>\n        <\/div>\n\t\t\t\t\t\t\t<\/div> \n\t\t\t\n        \n\t\t\t\t<div id=\"ngg-image-1\" class=\"ngg-gallery-thumbnail-box\" >\n\t\t\t\t        <div class=\"ngg-gallery-thumbnail\">\n            <a href=\"https:\/\/ulliso.se\/blog\/wp-content\/gallery\/monday\/img_0263.jpg\"\n               title=\"2 nya tulpanbuketter blev det idag.\"\n               data-src=\"https:\/\/ulliso.se\/blog\/wp-content\/gallery\/monday\/img_0263.jpg\"\n               data-thumbnail=\"https:\/\/ulliso.se\/blog\/wp-content\/gallery\/monday\/thumbs\/thumbs_img_0263.jpg\"\n               data-image-id=\"443\"\n               data-title=\"img_0263\"\n               data-description=\"2 nya tulpanbuketter blev det idag.\"\n               data-image-slug=\"img_0263\"\n               class=\"shutterset_16ad4d6d24b7abe23ead1bff7292e22d\">\n                <img\n                    title=\"img_0263\"\n                    alt=\"img_0263\"\n                    src=\"https:\/\/ulliso.se\/blog\/wp-content\/gallery\/monday\/thumbs\/thumbs_img_0263.jpg\"\n                    width=\"100\"\n                    height=\"75\"\n                    style=\"max-width:100%;\"\n                \/>\n            <\/a>\n        <\/div>\n\t\t\t\t\t\t\t<\/div> \n\t\t\t\n        \n\t\t\t\t<div id=\"ngg-image-2\" class=\"ngg-gallery-thumbnail-box\" >\n\t\t\t\t        <div class=\"ngg-gallery-thumbnail\">\n            <a href=\"https:\/\/ulliso.se\/blog\/wp-content\/gallery\/monday\/img_0269-kopia.jpg\"\n               title=\"B\u00e4sta gymmet! &lt;3\"\n               data-src=\"https:\/\/ulliso.se\/blog\/wp-content\/gallery\/monday\/img_0269-kopia.jpg\"\n               data-thumbnail=\"https:\/\/ulliso.se\/blog\/wp-content\/gallery\/monday\/thumbs\/thumbs_img_0269-kopia.jpg\"\n               data-image-id=\"444\"\n               data-title=\"img_0269-kopia\"\n               data-description=\"B\u00e4sta gymmet! &lt;3\"\n               data-image-slug=\"img_0269-kopia\"\n               class=\"shutterset_16ad4d6d24b7abe23ead1bff7292e22d\">\n                <img\n                    title=\"img_0269-kopia\"\n                    alt=\"img_0269-kopia\"\n                    src=\"https:\/\/ulliso.se\/blog\/wp-content\/gallery\/monday\/thumbs\/thumbs_img_0269-kopia.jpg\"\n                    width=\"100\"\n                    height=\"75\"\n                    style=\"max-width:100%;\"\n                \/>\n            <\/a>\n        <\/div>\n\t\t\t\t\t\t\t<\/div> \n\t\t\t\n        \n\t\t\n\t\t<!-- Pagination -->\n\t<div class='ngg-clear'><\/div>\t<\/div>\n\n","protected":false},"excerpt":{"rendered":"<p>Idag \u00e4r det d\u00e5 m\u00e5ndag. Jag var s\u00e5 f\u00f6rvirrad n\u00e4r klockan ringde imorse. Trodde f\u00f6rst att jag skulle jobba, men s\u00e5 kom jag p\u00e5 att jag inte skulle det. T\u00e4nkte d\u00e5 att jag ju kunde sova vidare, men s\u00e5 kom jag p\u00e5 att jag ju skulle g\u00e5 upp f\u00f6r att se till att barnen (tjejerna [&hellip;]<\/p>\n","protected":false},"author":1,"featured_media":0,"comment_status":"open","ping_status":"open","sticky":false,"template":"","format":"standard","meta":{"ngg_post_thumbnail":0},"categories":[31,6],"tags":[],"_links":{"self":[{"href":"https:\/\/ulliso.se\/blog\/index.php?rest_route=\/wp\/v2\/posts\/3723"}],"collection":[{"href":"https:\/\/ulliso.se\/blog\/index.php?rest_route=\/wp\/v2\/posts"}],"about":[{"href":"https:\/\/ulliso.se\/blog\/index.php?rest_route=\/wp\/v2\/types\/post"}],"author":[{"embeddable":true,"href":"https:\/\/ulliso.se\/blog\/index.php?rest_route=\/wp\/v2\/users\/1"}],"replies":[{"embeddable":true,"href":"https:\/\/ulliso.se\/blog\/index.php?rest_route=%2Fwp%2Fv2%2Fcomments&post=3723"}],"version-history":[{"count":3,"href":"https:\/\/ulliso.se\/blog\/index.php?rest_route=\/wp\/v2\/posts\/3723\/revisions"}],"predecessor-version":[{"id":3726,"href":"https:\/\/ulliso.se\/blog\/index.php?rest_route=\/wp\/v2\/posts\/3723\/revisions\/3726"}],"wp:attachment":[{"href":"https:\/\/ulliso.se\/blog\/index.php?rest_route=%2Fwp%2Fv2%2Fmedia&parent=3723"}],"wp:term":[{"taxonomy":"category","embeddable":true,"href":"https:\/\/ulliso.se\/blog\/index.php?rest_route=%2Fwp%2Fv2%2Fcategories&post=3723"},{"taxonomy":"post_tag","embeddable":true,"href":"https:\/\/ulliso.se\/blog\/index.php?rest_route=%2Fwp%2Fv2%2Ftags&post=3723"}],"curies":[{"name":"wp","href":"https:\/\/api.w.org\/{rel}","templated":true}]}}