{"id":3728,"date":"2013-02-05T23:00:36","date_gmt":"2013-02-05T22:00:36","guid":{"rendered":"http:\/\/ulliso.se\/blog\/?p=3728"},"modified":"2013-02-05T23:00:36","modified_gmt":"2013-02-05T22:00:36","slug":"dag-12-av-100","status":"publish","type":"post","link":"https:\/\/ulliso.se\/blog\/?p=3728","title":{"rendered":"Dag 12 av 100!"},"content":{"rendered":"<p>Har ont i huvudv\u00e4rk just nu. :( Tagit tv\u00e5 tabletter, men de har inte hj\u00e4lpt. Anar varf\u00f6r, och irriterar mig lite p\u00e5 att jag tar tabletter n\u00e4r det inte hj\u00e4lper s\u00e5na h\u00e4r dagar.<\/p>\n<p>Jag har b\u00f6rjat planera lite inf\u00f6r min 40-\u00e5rsdag. Har t\u00e4nkt ha den stora &#8221;festen&#8221;\/kalaset nere i s\u00f6der i sommar. Jag fyller i april, men inga av mina sl\u00e4ktingar l\u00e4r komma hit upp, s\u00e5 d\u00e5 f\u00e5r jag komma ner med festen. Jag ska ju \u00e4nd\u00e5 ner, s\u00e5 det g\u00f6r ju inget.<\/p>\n<p>Lite bilder fr\u00e5n idag:<\/p>\n<!-- index.php -->\n<div\n\tclass=\"ngg-galleryoverview ngg-ajax-pagination-none\"\n\tid=\"ngg-gallery-21ca9827360202c99db285f13fb18f00-1\">\n\n    \t<div class=\"slideshowlink\">\n        <a href='https:\/\/ulliso.se\/blog\/index.php\/nggallery\/slideshow?p=3728'>[Show as slideshow]<\/a>\n\t\t\n\t<\/div>\n\t\t\t<!-- Thumbnails -->\n\t\t\t\t<div id=\"ngg-image-0\" class=\"ngg-gallery-thumbnail-box\" >\n\t\t\t\t        <div class=\"ngg-gallery-thumbnail\">\n            <a href=\"https:\/\/ulliso.se\/blog\/wp-content\/gallery\/tisdagfeb\/img_0271.jpg\"\n               title=\"Vitt p\u00e5 tr\u00e4den. Det \u00e4r s\u00e5 fint!\"\n               data-src=\"https:\/\/ulliso.se\/blog\/wp-content\/gallery\/tisdagfeb\/img_0271.jpg\"\n               data-thumbnail=\"https:\/\/ulliso.se\/blog\/wp-content\/gallery\/tisdagfeb\/thumbs\/thumbs_img_0271.jpg\"\n               data-image-id=\"445\"\n               data-title=\"img_0271\"\n               data-description=\"Vitt p\u00e5 tr\u00e4den. Det \u00e4r s\u00e5 fint!\"\n               data-image-slug=\"img_0271\"\n               class=\"shutterset_21ca9827360202c99db285f13fb18f00\">\n                <img\n                    title=\"img_0271\"\n                    alt=\"img_0271\"\n                    src=\"https:\/\/ulliso.se\/blog\/wp-content\/gallery\/tisdagfeb\/thumbs\/thumbs_img_0271.jpg\"\n                    width=\"100\"\n                    height=\"75\"\n                    style=\"max-width:100%;\"\n                \/>\n            <\/a>\n        <\/div>\n\t\t\t\t\t\t\t<\/div> \n\t\t\t\n        \n\t\t\t\t<div id=\"ngg-image-1\" class=\"ngg-gallery-thumbnail-box\" >\n\t\t\t\t        <div class=\"ngg-gallery-thumbnail\">\n            <a href=\"https:\/\/ulliso.se\/blog\/wp-content\/gallery\/tisdagfeb\/img_0280.jpg\"\n               title=\"Nya tulpanerna.\"\n               data-src=\"https:\/\/ulliso.se\/blog\/wp-content\/gallery\/tisdagfeb\/img_0280.jpg\"\n               data-thumbnail=\"https:\/\/ulliso.se\/blog\/wp-content\/gallery\/tisdagfeb\/thumbs\/thumbs_img_0280.jpg\"\n               data-image-id=\"446\"\n               data-title=\"img_0280\"\n               data-description=\"Nya tulpanerna.\"\n               data-image-slug=\"img_0280\"\n               class=\"shutterset_21ca9827360202c99db285f13fb18f00\">\n                <img\n                    title=\"img_0280\"\n                    alt=\"img_0280\"\n                    src=\"https:\/\/ulliso.se\/blog\/wp-content\/gallery\/tisdagfeb\/thumbs\/thumbs_img_0280.jpg\"\n                    width=\"100\"\n                    height=\"75\"\n                    style=\"max-width:100%;\"\n                \/>\n            <\/a>\n        <\/div>\n\t\t\t\t\t\t\t<\/div> \n\t\t\t\n        \n\t\t\t\t<div id=\"ngg-image-2\" class=\"ngg-gallery-thumbnail-box\" >\n\t\t\t\t        <div class=\"ngg-gallery-thumbnail\">\n            <a href=\"https:\/\/ulliso.se\/blog\/wp-content\/gallery\/tisdagfeb\/img_0322.jpg\"\n               title=\"Julie.\"\n               data-src=\"https:\/\/ulliso.se\/blog\/wp-content\/gallery\/tisdagfeb\/img_0322.jpg\"\n               data-thumbnail=\"https:\/\/ulliso.se\/blog\/wp-content\/gallery\/tisdagfeb\/thumbs\/thumbs_img_0322.jpg\"\n               data-image-id=\"447\"\n               data-title=\"img_0322\"\n               data-description=\"Julie.\"\n               data-image-slug=\"img_0322\"\n               class=\"shutterset_21ca9827360202c99db285f13fb18f00\">\n                <img\n                    title=\"img_0322\"\n                    alt=\"img_0322\"\n                    src=\"https:\/\/ulliso.se\/blog\/wp-content\/gallery\/tisdagfeb\/thumbs\/thumbs_img_0322.jpg\"\n                    width=\"100\"\n                    height=\"75\"\n                    style=\"max-width:100%;\"\n                \/>\n            <\/a>\n        <\/div>\n\t\t\t\t\t\t\t<\/div> \n\t\t\t\n        \n\t\t\t\t<div id=\"ngg-image-3\" class=\"ngg-gallery-thumbnail-box\" >\n\t\t\t\t        <div class=\"ngg-gallery-thumbnail\">\n            <a href=\"https:\/\/ulliso.se\/blog\/wp-content\/gallery\/tisdagfeb\/img_0326.jpg\"\n               title=\"Svea.\"\n               data-src=\"https:\/\/ulliso.se\/blog\/wp-content\/gallery\/tisdagfeb\/img_0326.jpg\"\n               data-thumbnail=\"https:\/\/ulliso.se\/blog\/wp-content\/gallery\/tisdagfeb\/thumbs\/thumbs_img_0326.jpg\"\n               data-image-id=\"448\"\n               data-title=\"img_0326\"\n               data-description=\"Svea.\"\n               data-image-slug=\"img_0326\"\n               class=\"shutterset_21ca9827360202c99db285f13fb18f00\">\n                <img\n                    title=\"img_0326\"\n                    alt=\"img_0326\"\n                    src=\"https:\/\/ulliso.se\/blog\/wp-content\/gallery\/tisdagfeb\/thumbs\/thumbs_img_0326.jpg\"\n                    width=\"100\"\n                    height=\"75\"\n                    style=\"max-width:100%;\"\n                \/>\n            <\/a>\n        <\/div>\n\t\t\t\t\t\t\t<\/div> \n\t\t\t\n        \n\t\t\n\t\t<!-- Pagination -->\n\t<div class='ngg-clear'><\/div>\t<\/div>\n\n<p>&nbsp;<\/p>\n","protected":false},"excerpt":{"rendered":"<p>Har ont i huvudv\u00e4rk just nu. :( Tagit tv\u00e5 tabletter, men de har inte hj\u00e4lpt. Anar varf\u00f6r, och irriterar mig lite p\u00e5 att jag tar tabletter n\u00e4r det inte hj\u00e4lper s\u00e5na h\u00e4r dagar. Jag har b\u00f6rjat planera lite inf\u00f6r min 40-\u00e5rsdag. Har t\u00e4nkt ha den stora &#8221;festen&#8221;\/kalaset nere i s\u00f6der i sommar. Jag fyller i [&hellip;]<\/p>\n","protected":false},"author":1,"featured_media":0,"comment_status":"open","ping_status":"open","sticky":false,"template":"","format":"standard","meta":{"ngg_post_thumbnail":0},"categories":[31,6],"tags":[],"_links":{"self":[{"href":"https:\/\/ulliso.se\/blog\/index.php?rest_route=\/wp\/v2\/posts\/3728"}],"collection":[{"href":"https:\/\/ulliso.se\/blog\/index.php?rest_route=\/wp\/v2\/posts"}],"about":[{"href":"https:\/\/ulliso.se\/blog\/index.php?rest_route=\/wp\/v2\/types\/post"}],"author":[{"embeddable":true,"href":"https:\/\/ulliso.se\/blog\/index.php?rest_route=\/wp\/v2\/users\/1"}],"replies":[{"embeddable":true,"href":"https:\/\/ulliso.se\/blog\/index.php?rest_route=%2Fwp%2Fv2%2Fcomments&post=3728"}],"version-history":[{"count":1,"href":"https:\/\/ulliso.se\/blog\/index.php?rest_route=\/wp\/v2\/posts\/3728\/revisions"}],"predecessor-version":[{"id":3729,"href":"https:\/\/ulliso.se\/blog\/index.php?rest_route=\/wp\/v2\/posts\/3728\/revisions\/3729"}],"wp:attachment":[{"href":"https:\/\/ulliso.se\/blog\/index.php?rest_route=%2Fwp%2Fv2%2Fmedia&parent=3728"}],"wp:term":[{"taxonomy":"category","embeddable":true,"href":"https:\/\/ulliso.se\/blog\/index.php?rest_route=%2Fwp%2Fv2%2Fcategories&post=3728"},{"taxonomy":"post_tag","embeddable":true,"href":"https:\/\/ulliso.se\/blog\/index.php?rest_route=%2Fwp%2Fv2%2Ftags&post=3728"}],"curies":[{"name":"wp","href":"https:\/\/api.w.org\/{rel}","templated":true}]}}