{"id":3732,"date":"2013-02-06T23:02:04","date_gmt":"2013-02-06T22:02:04","guid":{"rendered":"http:\/\/ulliso.se\/blog\/?p=3732"},"modified":"2013-02-06T23:16:39","modified_gmt":"2013-02-06T22:16:39","slug":"dag-13-av-100","status":"publish","type":"post","link":"https:\/\/ulliso.se\/blog\/?p=3732","title":{"rendered":"Dag 13 av 100!"},"content":{"rendered":"<p>Tiden g\u00e5r fort, tyckte det var nyss jag skrev inl\u00e4gg 12 av 100 (ig\u00e5r kv\u00e4ll).<\/p>\n<p>Som vanligt blev det att g\u00f6ra en massa hush\u00e5llssysslor under dagen. Dvs. diska, b\u00e4dda rent i en s\u00e4ng, tv\u00e4tta, laga middag, \u00e4ta den, diska, tv\u00e4tta, k\u00f6ra yngsta dottern till hennes dans. Under tiden som den dottern \u00e4r d\u00e4r, s\u00e5 l\u00e4mnade \u00e4ldsta dottern &amp; jag igen b\u00f6cker p\u00e5 biblioteket samt h\u00e4mtade ut tre biljetter till en f\u00f6rest\u00e4llning vi ska g\u00e5 p\u00e5 (Anki &amp; Pytte), samt l\u00e5nade lite nya b\u00f6cker. H\u00e4mta yngsta fr\u00e5n dansen. \u00c5ka och handla lite. Hem.<\/p>\n<p>Jag har dessutom hunnit baka lite idag. Bakade lite <a href=\"http:\/\/www.jillsmat.se\/artiklar\/lchf-frallor-med-vallmo\/\" target=\"_blank\">glutenfria<\/a> LCHF-\u00a0frallor. De var goda, testa! L\u00e5t er inte avskr\u00e4ckas av de d\u00e4r fyra bokst\u00e4verna (en del g\u00f6r ju det). Jag har <em>mycket<\/em> att tacka den kosten! I alla \u00e5r jag kan minnas har jag pl\u00e5gats av ond, uppbl\u00e5st och fisig mage. Magkatarr med illam\u00e5ende var dessutom ett vanligt inslag i min vardag. Som jag k\u00e4kat Rennie och Gaviscon!\u00a0L\u00e4kare har t.o.m rekommenderat mig att \u00e4ta MER grovt br\u00f6d (&#8221;spannm\u00e5lsfibrer&#8221;) men det har ju s\u00e5klart inte hj\u00e4lpt, tv\u00e4rtom!<\/p>\n<p>Men sedan jag b\u00f6rjade med LCHF s\u00e5 har jag f\u00f6rst\u00e5tt att jag inte t\u00e5l gluten <em>alls<\/em>! \u00a0Alla magbesv\u00e4r \u00e4r som bortbl\u00e5sta! MEN, om jag n\u00e5ng\u00e5ng f\u00e5r i mig lite mj\u00f6l s\u00e5 \u00e4r det samma sak igen! Fibrer f\u00e5r jag i mig via gr\u00f6nsaker! Broccoli \u00e4r en utm\u00e4rkt fiberk\u00e4lla.<\/p>\n<p>Nu gled jag iv\u00e4g lite h\u00e4r. Men men&#8230;<\/p>\n<p>Lite foton fr\u00e5n idag d\u00e5:<\/p>\n<!-- index.php -->\n<div\n\tclass=\"ngg-galleryoverview ngg-ajax-pagination-none\"\n\tid=\"ngg-gallery-1f6585675e14fe9acb476e8bcff44c7a-1\">\n\n    \t<div class=\"slideshowlink\">\n        <a href='https:\/\/ulliso.se\/blog\/index.php\/nggallery\/slideshow?p=3732'>[Show as slideshow]<\/a>\n\t\t\n\t<\/div>\n\t\t\t<!-- Thumbnails -->\n\t\t\t\t<div id=\"ngg-image-0\" class=\"ngg-gallery-thumbnail-box\" >\n\t\t\t\t        <div class=\"ngg-gallery-thumbnail\">\n            <a href=\"https:\/\/ulliso.se\/blog\/wp-content\/gallery\/onsdagfeb\/img_0345.jpg\"\n               title=\"Frost.\"\n               data-src=\"https:\/\/ulliso.se\/blog\/wp-content\/gallery\/onsdagfeb\/img_0345.jpg\"\n               data-thumbnail=\"https:\/\/ulliso.se\/blog\/wp-content\/gallery\/onsdagfeb\/thumbs\/thumbs_img_0345.jpg\"\n               data-image-id=\"449\"\n               data-title=\"img_0345\"\n               data-description=\"Frost.\"\n               data-image-slug=\"img_0345\"\n               class=\"shutterset_1f6585675e14fe9acb476e8bcff44c7a\">\n                <img\n                    title=\"img_0345\"\n                    alt=\"img_0345\"\n                    src=\"https:\/\/ulliso.se\/blog\/wp-content\/gallery\/onsdagfeb\/thumbs\/thumbs_img_0345.jpg\"\n                    width=\"100\"\n                    height=\"75\"\n                    style=\"max-width:100%;\"\n                \/>\n            <\/a>\n        <\/div>\n\t\t\t\t\t\t\t<\/div> \n\t\t\t\n        \n\t\t\t\t<div id=\"ngg-image-1\" class=\"ngg-gallery-thumbnail-box\" >\n\t\t\t\t        <div class=\"ngg-gallery-thumbnail\">\n            <a href=\"https:\/\/ulliso.se\/blog\/wp-content\/gallery\/onsdagfeb\/img_0346.jpg\"\n               title=\"Frost.\"\n               data-src=\"https:\/\/ulliso.se\/blog\/wp-content\/gallery\/onsdagfeb\/img_0346.jpg\"\n               data-thumbnail=\"https:\/\/ulliso.se\/blog\/wp-content\/gallery\/onsdagfeb\/thumbs\/thumbs_img_0346.jpg\"\n               data-image-id=\"450\"\n               data-title=\"img_0346\"\n               data-description=\"Frost.\"\n               data-image-slug=\"img_0346\"\n               class=\"shutterset_1f6585675e14fe9acb476e8bcff44c7a\">\n                <img\n                    title=\"img_0346\"\n                    alt=\"img_0346\"\n                    src=\"https:\/\/ulliso.se\/blog\/wp-content\/gallery\/onsdagfeb\/thumbs\/thumbs_img_0346.jpg\"\n                    width=\"100\"\n                    height=\"75\"\n                    style=\"max-width:100%;\"\n                \/>\n            <\/a>\n        <\/div>\n\t\t\t\t\t\t\t<\/div> \n\t\t\t\n        \n\t\t\t\t<div id=\"ngg-image-2\" class=\"ngg-gallery-thumbnail-box\" >\n\t\t\t\t        <div class=\"ngg-gallery-thumbnail\">\n            <a href=\"https:\/\/ulliso.se\/blog\/wp-content\/gallery\/onsdagfeb\/img_0353.jpg\"\n               title=\"Massor med frost p\u00e5 balkongglaset!\"\n               data-src=\"https:\/\/ulliso.se\/blog\/wp-content\/gallery\/onsdagfeb\/img_0353.jpg\"\n               data-thumbnail=\"https:\/\/ulliso.se\/blog\/wp-content\/gallery\/onsdagfeb\/thumbs\/thumbs_img_0353.jpg\"\n               data-image-id=\"452\"\n               data-title=\"img_0353\"\n               data-description=\"Massor med frost p\u00e5 balkongglaset!\"\n               data-image-slug=\"img_0353\"\n               class=\"shutterset_1f6585675e14fe9acb476e8bcff44c7a\">\n                <img\n                    title=\"img_0353\"\n                    alt=\"img_0353\"\n                    src=\"https:\/\/ulliso.se\/blog\/wp-content\/gallery\/onsdagfeb\/thumbs\/thumbs_img_0353.jpg\"\n                    width=\"100\"\n                    height=\"75\"\n                    style=\"max-width:100%;\"\n                \/>\n            <\/a>\n        <\/div>\n\t\t\t\t\t\t\t<\/div> \n\t\t\t\n        \n\t\t\t\t<div id=\"ngg-image-3\" class=\"ngg-gallery-thumbnail-box\" >\n\t\t\t\t        <div class=\"ngg-gallery-thumbnail\">\n            <a href=\"https:\/\/ulliso.se\/blog\/wp-content\/gallery\/onsdagfeb\/img_0351.jpg\"\n               title=\"Sn\u00f6.\"\n               data-src=\"https:\/\/ulliso.se\/blog\/wp-content\/gallery\/onsdagfeb\/img_0351.jpg\"\n               data-thumbnail=\"https:\/\/ulliso.se\/blog\/wp-content\/gallery\/onsdagfeb\/thumbs\/thumbs_img_0351.jpg\"\n               data-image-id=\"451\"\n               data-title=\"img_0351\"\n               data-description=\"Sn\u00f6.\"\n               data-image-slug=\"img_0351\"\n               class=\"shutterset_1f6585675e14fe9acb476e8bcff44c7a\">\n                <img\n                    title=\"img_0351\"\n                    alt=\"img_0351\"\n                    src=\"https:\/\/ulliso.se\/blog\/wp-content\/gallery\/onsdagfeb\/thumbs\/thumbs_img_0351.jpg\"\n                    width=\"100\"\n                    height=\"75\"\n                    style=\"max-width:100%;\"\n                \/>\n            <\/a>\n        <\/div>\n\t\t\t\t\t\t\t<\/div> \n\t\t\t\n        \n\t\t\t\t<div id=\"ngg-image-4\" class=\"ngg-gallery-thumbnail-box\" >\n\t\t\t\t        <div class=\"ngg-gallery-thumbnail\">\n            <a href=\"https:\/\/ulliso.se\/blog\/wp-content\/gallery\/onsdagfeb\/img_0357.jpg\"\n               title=\"Glutenfria frallor.\"\n               data-src=\"https:\/\/ulliso.se\/blog\/wp-content\/gallery\/onsdagfeb\/img_0357.jpg\"\n               data-thumbnail=\"https:\/\/ulliso.se\/blog\/wp-content\/gallery\/onsdagfeb\/thumbs\/thumbs_img_0357.jpg\"\n               data-image-id=\"453\"\n               data-title=\"img_0357\"\n               data-description=\"Glutenfria frallor.\"\n               data-image-slug=\"img_0357\"\n               class=\"shutterset_1f6585675e14fe9acb476e8bcff44c7a\">\n                <img\n                    title=\"img_0357\"\n                    alt=\"img_0357\"\n                    src=\"https:\/\/ulliso.se\/blog\/wp-content\/gallery\/onsdagfeb\/thumbs\/thumbs_img_0357.jpg\"\n                    width=\"100\"\n                    height=\"75\"\n                    style=\"max-width:100%;\"\n                \/>\n            <\/a>\n        <\/div>\n\t\t\t\t\t\t\t<\/div> \n\t\t\t\n        \n\t\t\t\t<div id=\"ngg-image-5\" class=\"ngg-gallery-thumbnail-box\" >\n\t\t\t\t        <div class=\"ngg-gallery-thumbnail\">\n            <a href=\"https:\/\/ulliso.se\/blog\/wp-content\/gallery\/onsdagfeb\/img_0358.jpg\"\n               title=\"Glutenfritt!\"\n               data-src=\"https:\/\/ulliso.se\/blog\/wp-content\/gallery\/onsdagfeb\/img_0358.jpg\"\n               data-thumbnail=\"https:\/\/ulliso.se\/blog\/wp-content\/gallery\/onsdagfeb\/thumbs\/thumbs_img_0358.jpg\"\n               data-image-id=\"454\"\n               data-title=\"img_0358\"\n               data-description=\"Glutenfritt!\"\n               data-image-slug=\"img_0358\"\n               class=\"shutterset_1f6585675e14fe9acb476e8bcff44c7a\">\n                <img\n                    title=\"img_0358\"\n                    alt=\"img_0358\"\n                    src=\"https:\/\/ulliso.se\/blog\/wp-content\/gallery\/onsdagfeb\/thumbs\/thumbs_img_0358.jpg\"\n                    width=\"100\"\n                    height=\"75\"\n                    style=\"max-width:100%;\"\n                \/>\n            <\/a>\n        <\/div>\n\t\t\t\t\t\t\t<\/div> \n\t\t\t\n        \n\t\t\n\t\t<!-- Pagination -->\n\t<div class='ngg-clear'><\/div>\t<\/div>\n\n","protected":false},"excerpt":{"rendered":"<p>Tiden g\u00e5r fort, tyckte det var nyss jag skrev inl\u00e4gg 12 av 100 (ig\u00e5r kv\u00e4ll). Som vanligt blev det att g\u00f6ra en massa hush\u00e5llssysslor under dagen. Dvs. diska, b\u00e4dda rent i en s\u00e4ng, tv\u00e4tta, laga middag, \u00e4ta den, diska, tv\u00e4tta, k\u00f6ra yngsta dottern till hennes dans. Under tiden som den dottern \u00e4r d\u00e4r, s\u00e5 l\u00e4mnade [&hellip;]<\/p>\n","protected":false},"author":1,"featured_media":0,"comment_status":"open","ping_status":"open","sticky":false,"template":"","format":"standard","meta":{"ngg_post_thumbnail":0},"categories":[31,6],"tags":[],"_links":{"self":[{"href":"https:\/\/ulliso.se\/blog\/index.php?rest_route=\/wp\/v2\/posts\/3732"}],"collection":[{"href":"https:\/\/ulliso.se\/blog\/index.php?rest_route=\/wp\/v2\/posts"}],"about":[{"href":"https:\/\/ulliso.se\/blog\/index.php?rest_route=\/wp\/v2\/types\/post"}],"author":[{"embeddable":true,"href":"https:\/\/ulliso.se\/blog\/index.php?rest_route=\/wp\/v2\/users\/1"}],"replies":[{"embeddable":true,"href":"https:\/\/ulliso.se\/blog\/index.php?rest_route=%2Fwp%2Fv2%2Fcomments&post=3732"}],"version-history":[{"count":3,"href":"https:\/\/ulliso.se\/blog\/index.php?rest_route=\/wp\/v2\/posts\/3732\/revisions"}],"predecessor-version":[{"id":3734,"href":"https:\/\/ulliso.se\/blog\/index.php?rest_route=\/wp\/v2\/posts\/3732\/revisions\/3734"}],"wp:attachment":[{"href":"https:\/\/ulliso.se\/blog\/index.php?rest_route=%2Fwp%2Fv2%2Fmedia&parent=3732"}],"wp:term":[{"taxonomy":"category","embeddable":true,"href":"https:\/\/ulliso.se\/blog\/index.php?rest_route=%2Fwp%2Fv2%2Fcategories&post=3732"},{"taxonomy":"post_tag","embeddable":true,"href":"https:\/\/ulliso.se\/blog\/index.php?rest_route=%2Fwp%2Fv2%2Ftags&post=3732"}],"curies":[{"name":"wp","href":"https:\/\/api.w.org\/{rel}","templated":true}]}}