{"id":3736,"date":"2013-02-07T22:49:38","date_gmt":"2013-02-07T21:49:38","guid":{"rendered":"http:\/\/ulliso.se\/blog\/?p=3736"},"modified":"2013-02-07T22:51:40","modified_gmt":"2013-02-07T21:51:40","slug":"dag-14-av-100","status":"publish","type":"post","link":"https:\/\/ulliso.se\/blog\/?p=3736","title":{"rendered":"Dag 14 av 100"},"content":{"rendered":"<p>Idag har jag och \u00e4ldsta dottern tr\u00e4nat Sh&#8217;Bam. Det \u00e4r verkligen superkul! \u00a0Kunde stegen ganska bra idag, trots att det var tv\u00e5 veckor sedan vi tr\u00e4nade Sh&#8217;Bam senast. <a href=\"http:\/\/www.youtube.com\/watch?v=EeXzaz6QMJ0\" target=\"_blank\">Youtube-video p\u00e5 de tv\u00e5 b\u00e4sta l\u00e5tarna p\u00e5 Sh&#8217;Bam:en<\/a>\u00a0(f\u00f6r den som \u00e4r nyfiken).<\/p>\n<p>Ikv\u00e4ll har jag fl\u00e4tat tjejernas h\u00e5r, s\u00e5 de f\u00e5r lockigt h\u00e5r tills imorgon. Har \u00e4ven m\u00e5lat om mina naglar. Ska strax ta \u00f6verlack p\u00e5 dem, sedan ska jag g\u00e5 mot s\u00e4ngen.<\/p>\n<p>T\u00e4nker tr\u00e4na imorgon ocks\u00e5, och beh\u00f6ver d\u00e4rf\u00f6r f\u00e5r lite mer s\u00f6mn \u00e4n jag brukar. Det duger <em>inte<\/em> att sova mellan 02-07.30. Det \u00e4r alldeles f\u00f6r lite! Sk\u00e4rpning Ullis!<\/p>\n<!-- index.php -->\n<div\n\tclass=\"ngg-galleryoverview ngg-ajax-pagination-none\"\n\tid=\"ngg-gallery-614a89e551a883954e1a799fe7a0a061-1\">\n\n    \t<div class=\"slideshowlink\">\n        <a href='https:\/\/ulliso.se\/blog\/index.php\/nggallery\/slideshow?p=3736'>[Show as slideshow]<\/a>\n\t\t\n\t<\/div>\n\t\t\t<!-- Thumbnails -->\n\t\t\t\t<div id=\"ngg-image-0\" class=\"ngg-gallery-thumbnail-box\" >\n\t\t\t\t        <div class=\"ngg-gallery-thumbnail\">\n            <a href=\"https:\/\/ulliso.se\/blog\/wp-content\/gallery\/tors7\/img_0371.jpg\"\n               title=\"Vackert ute imorse. :)\"\n               data-src=\"https:\/\/ulliso.se\/blog\/wp-content\/gallery\/tors7\/img_0371.jpg\"\n               data-thumbnail=\"https:\/\/ulliso.se\/blog\/wp-content\/gallery\/tors7\/thumbs\/thumbs_img_0371.jpg\"\n               data-image-id=\"455\"\n               data-title=\"img_0371\"\n               data-description=\"Vackert ute imorse. :)\"\n               data-image-slug=\"img_0371\"\n               class=\"shutterset_614a89e551a883954e1a799fe7a0a061\">\n                <img\n                    title=\"img_0371\"\n                    alt=\"img_0371\"\n                    src=\"https:\/\/ulliso.se\/blog\/wp-content\/gallery\/tors7\/thumbs\/thumbs_img_0371.jpg\"\n                    width=\"100\"\n                    height=\"75\"\n                    style=\"max-width:100%;\"\n                \/>\n            <\/a>\n        <\/div>\n\t\t\t\t\t\t\t<\/div> \n\t\t\t\n        \n\t\t\t\t<div id=\"ngg-image-1\" class=\"ngg-gallery-thumbnail-box\" >\n\t\t\t\t        <div class=\"ngg-gallery-thumbnail\">\n            <a href=\"https:\/\/ulliso.se\/blog\/wp-content\/gallery\/tors7\/img_0394.jpg\"\n               title=\"Fl\u00e4tat h\u00e5r.\"\n               data-src=\"https:\/\/ulliso.se\/blog\/wp-content\/gallery\/tors7\/img_0394.jpg\"\n               data-thumbnail=\"https:\/\/ulliso.se\/blog\/wp-content\/gallery\/tors7\/thumbs\/thumbs_img_0394.jpg\"\n               data-image-id=\"456\"\n               data-title=\"img_0394\"\n               data-description=\"Fl\u00e4tat h\u00e5r.\"\n               data-image-slug=\"img_0394\"\n               class=\"shutterset_614a89e551a883954e1a799fe7a0a061\">\n                <img\n                    title=\"img_0394\"\n                    alt=\"img_0394\"\n                    src=\"https:\/\/ulliso.se\/blog\/wp-content\/gallery\/tors7\/thumbs\/thumbs_img_0394.jpg\"\n                    width=\"100\"\n                    height=\"75\"\n                    style=\"max-width:100%;\"\n                \/>\n            <\/a>\n        <\/div>\n\t\t\t\t\t\t\t<\/div> \n\t\t\t\n        \n\t\t\t\t<div id=\"ngg-image-2\" class=\"ngg-gallery-thumbnail-box\" >\n\t\t\t\t        <div class=\"ngg-gallery-thumbnail\">\n            <a href=\"https:\/\/ulliso.se\/blog\/wp-content\/gallery\/tors7\/img_0397.jpg\"\n               title=\"Fl\u00e4tat h\u00e5r.\"\n               data-src=\"https:\/\/ulliso.se\/blog\/wp-content\/gallery\/tors7\/img_0397.jpg\"\n               data-thumbnail=\"https:\/\/ulliso.se\/blog\/wp-content\/gallery\/tors7\/thumbs\/thumbs_img_0397.jpg\"\n               data-image-id=\"457\"\n               data-title=\"img_0397\"\n               data-description=\"Fl\u00e4tat h\u00e5r.\"\n               data-image-slug=\"img_0397\"\n               class=\"shutterset_614a89e551a883954e1a799fe7a0a061\">\n                <img\n                    title=\"img_0397\"\n                    alt=\"img_0397\"\n                    src=\"https:\/\/ulliso.se\/blog\/wp-content\/gallery\/tors7\/thumbs\/thumbs_img_0397.jpg\"\n                    width=\"100\"\n                    height=\"75\"\n                    style=\"max-width:100%;\"\n                \/>\n            <\/a>\n        <\/div>\n\t\t\t\t\t\t\t<\/div> \n\t\t\t\n        \n\t\t\n\t\t<!-- Pagination -->\n\t<div class='ngg-clear'><\/div>\t<\/div>\n\n<p>&nbsp;<\/p>\n","protected":false},"excerpt":{"rendered":"<p>Idag har jag och \u00e4ldsta dottern tr\u00e4nat Sh&#8217;Bam. Det \u00e4r verkligen superkul! \u00a0Kunde stegen ganska bra idag, trots att det var tv\u00e5 veckor sedan vi tr\u00e4nade Sh&#8217;Bam senast. Youtube-video p\u00e5 de tv\u00e5 b\u00e4sta l\u00e5tarna p\u00e5 Sh&#8217;Bam:en\u00a0(f\u00f6r den som \u00e4r nyfiken). Ikv\u00e4ll har jag fl\u00e4tat tjejernas h\u00e5r, s\u00e5 de f\u00e5r lockigt h\u00e5r tills imorgon. Har \u00e4ven [&hellip;]<\/p>\n","protected":false},"author":1,"featured_media":0,"comment_status":"open","ping_status":"open","sticky":false,"template":"","format":"standard","meta":{"ngg_post_thumbnail":0},"categories":[31,6],"tags":[],"_links":{"self":[{"href":"https:\/\/ulliso.se\/blog\/index.php?rest_route=\/wp\/v2\/posts\/3736"}],"collection":[{"href":"https:\/\/ulliso.se\/blog\/index.php?rest_route=\/wp\/v2\/posts"}],"about":[{"href":"https:\/\/ulliso.se\/blog\/index.php?rest_route=\/wp\/v2\/types\/post"}],"author":[{"embeddable":true,"href":"https:\/\/ulliso.se\/blog\/index.php?rest_route=\/wp\/v2\/users\/1"}],"replies":[{"embeddable":true,"href":"https:\/\/ulliso.se\/blog\/index.php?rest_route=%2Fwp%2Fv2%2Fcomments&post=3736"}],"version-history":[{"count":4,"href":"https:\/\/ulliso.se\/blog\/index.php?rest_route=\/wp\/v2\/posts\/3736\/revisions"}],"predecessor-version":[{"id":3739,"href":"https:\/\/ulliso.se\/blog\/index.php?rest_route=\/wp\/v2\/posts\/3736\/revisions\/3739"}],"wp:attachment":[{"href":"https:\/\/ulliso.se\/blog\/index.php?rest_route=%2Fwp%2Fv2%2Fmedia&parent=3736"}],"wp:term":[{"taxonomy":"category","embeddable":true,"href":"https:\/\/ulliso.se\/blog\/index.php?rest_route=%2Fwp%2Fv2%2Fcategories&post=3736"},{"taxonomy":"post_tag","embeddable":true,"href":"https:\/\/ulliso.se\/blog\/index.php?rest_route=%2Fwp%2Fv2%2Ftags&post=3736"}],"curies":[{"name":"wp","href":"https:\/\/api.w.org\/{rel}","templated":true}]}}