{"id":3781,"date":"2013-02-14T22:20:42","date_gmt":"2013-02-14T21:20:42","guid":{"rendered":"http:\/\/ulliso.se\/blog\/?p=3781"},"modified":"2013-02-14T22:21:27","modified_gmt":"2013-02-14T21:21:27","slug":"dag-21-av-100","status":"publish","type":"post","link":"https:\/\/ulliso.se\/blog\/?p=3781","title":{"rendered":"Dag 21 av 100"},"content":{"rendered":"<p>Jag har total bloggtorka idag.<\/p>\n<p>Det \u00e4r inte s\u00e5 kul att skriva om det vardagliga <em>varje<\/em> dag. Jag g\u00f6r ju i stort sett samma saker dag efter dag. S\u00e4kert inte s\u00e5 kul att l\u00e4sa om heller!<\/p>\n<p>Tr\u00e4ningen g\u00e5r bra nu! Idag har jag varit uppe p\u00e5 gymmet och k\u00f6rt igenom kroppen i 1,5 timme. Sedan avslutade jag med 30 minuters <a href=\"https:\/\/www.youtube.com\/watch?v=SJyl2tV530Y\" target=\"_blank\">CxWorx-pass<\/a> med instrukt\u00f6r Anna. \u00c4lskar Cx! Anna \u00e4r dessutom en toppenbra instrukt\u00f6r som kan k\u00f6ra musten ur en.<\/p>\n<p>Dagens l\u00e5t:\u00a0<a href=\"http:\/\/www.youtube.com\/watch?v=Cx5qYm6kvw0\" target=\"_blank\">Skrillex &#8211; In for the kill<\/a>. \u00c4ven detta \u00e4r en tr\u00e4ningsl\u00e5t, just fr\u00e5n cx:en. Mycket s\u00e5na l\u00e5tar just nu, det finns ju s\u00e5 mycket bra musik att tr\u00e4na till!<\/p>\n<p>Ska grunna vidare p\u00e5 vad jag ska kunna blogga om fram\u00f6ver. Men nu \u00e4r det dags f\u00f6r s\u00e4ngen, igen! Dagarna g\u00e5r alldeles f\u00f6r fort!<\/p>\n<!-- index.php -->\n<div\n\tclass=\"ngg-galleryoverview ngg-ajax-pagination-none\"\n\tid=\"ngg-gallery-701b080a5ac36c8438eb2b2e05d7e9ed-1\">\n\n    \t<div class=\"slideshowlink\">\n        <a href='https:\/\/ulliso.se\/blog\/index.php\/nggallery\/slideshow?p=3781'>[Show as slideshow]<\/a>\n\t\t\n\t<\/div>\n\t\t\t<!-- Thumbnails -->\n\t\t\t\t<div id=\"ngg-image-0\" class=\"ngg-gallery-thumbnail-box\" >\n\t\t\t\t        <div class=\"ngg-gallery-thumbnail\">\n            <a href=\"https:\/\/ulliso.se\/blog\/wp-content\/gallery\/tors14feb\/img_0574.jpg\"\n               title=\"K\u00f6pte rosa rosor ig\u00e5r.\"\n               data-src=\"https:\/\/ulliso.se\/blog\/wp-content\/gallery\/tors14feb\/img_0574.jpg\"\n               data-thumbnail=\"https:\/\/ulliso.se\/blog\/wp-content\/gallery\/tors14feb\/thumbs\/thumbs_img_0574.jpg\"\n               data-image-id=\"479\"\n               data-title=\"img_0574\"\n               data-description=\"K\u00f6pte rosa rosor ig\u00e5r.\"\n               data-image-slug=\"img_0574\"\n               class=\"shutterset_701b080a5ac36c8438eb2b2e05d7e9ed\">\n                <img\n                    title=\"img_0574\"\n                    alt=\"img_0574\"\n                    src=\"https:\/\/ulliso.se\/blog\/wp-content\/gallery\/tors14feb\/thumbs\/thumbs_img_0574.jpg\"\n                    width=\"100\"\n                    height=\"75\"\n                    style=\"max-width:100%;\"\n                \/>\n            <\/a>\n        <\/div>\n\t\t\t\t\t\t\t<\/div> \n\t\t\t\n        \n\t\t\t\t<div id=\"ngg-image-1\" class=\"ngg-gallery-thumbnail-box\" >\n\t\t\t\t        <div class=\"ngg-gallery-thumbnail\">\n            <a href=\"https:\/\/ulliso.se\/blog\/wp-content\/gallery\/tors14feb\/img_0577.jpg\"\n               title=\"Emmy ville ha r\u00f6da rosor p\u00e5 sitt rum.\"\n               data-src=\"https:\/\/ulliso.se\/blog\/wp-content\/gallery\/tors14feb\/img_0577.jpg\"\n               data-thumbnail=\"https:\/\/ulliso.se\/blog\/wp-content\/gallery\/tors14feb\/thumbs\/thumbs_img_0577.jpg\"\n               data-image-id=\"480\"\n               data-title=\"img_0577\"\n               data-description=\"Emmy ville ha r\u00f6da rosor p\u00e5 sitt rum.\"\n               data-image-slug=\"img_0577\"\n               class=\"shutterset_701b080a5ac36c8438eb2b2e05d7e9ed\">\n                <img\n                    title=\"img_0577\"\n                    alt=\"img_0577\"\n                    src=\"https:\/\/ulliso.se\/blog\/wp-content\/gallery\/tors14feb\/thumbs\/thumbs_img_0577.jpg\"\n                    width=\"100\"\n                    height=\"75\"\n                    style=\"max-width:100%;\"\n                \/>\n            <\/a>\n        <\/div>\n\t\t\t\t\t\t\t<\/div> \n\t\t\t\n        \n\t\t\t\t<div id=\"ngg-image-2\" class=\"ngg-gallery-thumbnail-box\" >\n\t\t\t\t        <div class=\"ngg-gallery-thumbnail\">\n            <a href=\"https:\/\/ulliso.se\/blog\/wp-content\/gallery\/tors14feb\/img_0606.jpg\"\n               title=\"Ros. H\u00e4r ser den vit ut, men den \u00e4r rosa.\"\n               data-src=\"https:\/\/ulliso.se\/blog\/wp-content\/gallery\/tors14feb\/img_0606.jpg\"\n               data-thumbnail=\"https:\/\/ulliso.se\/blog\/wp-content\/gallery\/tors14feb\/thumbs\/thumbs_img_0606.jpg\"\n               data-image-id=\"481\"\n               data-title=\"img_0606\"\n               data-description=\"Ros. H\u00e4r ser den vit ut, men den \u00e4r rosa.\"\n               data-image-slug=\"img_0606\"\n               class=\"shutterset_701b080a5ac36c8438eb2b2e05d7e9ed\">\n                <img\n                    title=\"img_0606\"\n                    alt=\"img_0606\"\n                    src=\"https:\/\/ulliso.se\/blog\/wp-content\/gallery\/tors14feb\/thumbs\/thumbs_img_0606.jpg\"\n                    width=\"100\"\n                    height=\"75\"\n                    style=\"max-width:100%;\"\n                \/>\n            <\/a>\n        <\/div>\n\t\t\t\t\t\t\t<\/div> \n\t\t\t\n        \n\t\t\t\t<div id=\"ngg-image-3\" class=\"ngg-gallery-thumbnail-box\" >\n\t\t\t\t        <div class=\"ngg-gallery-thumbnail\">\n            <a href=\"https:\/\/ulliso.se\/blog\/wp-content\/gallery\/tors14feb\/img_0616.jpg\"\n               title=\"Jonas kom hem med detta idag. :)\"\n               data-src=\"https:\/\/ulliso.se\/blog\/wp-content\/gallery\/tors14feb\/img_0616.jpg\"\n               data-thumbnail=\"https:\/\/ulliso.se\/blog\/wp-content\/gallery\/tors14feb\/thumbs\/thumbs_img_0616.jpg\"\n               data-image-id=\"482\"\n               data-title=\"img_0616\"\n               data-description=\"Jonas kom hem med detta idag. :)\"\n               data-image-slug=\"img_0616\"\n               class=\"shutterset_701b080a5ac36c8438eb2b2e05d7e9ed\">\n                <img\n                    title=\"img_0616\"\n                    alt=\"img_0616\"\n                    src=\"https:\/\/ulliso.se\/blog\/wp-content\/gallery\/tors14feb\/thumbs\/thumbs_img_0616.jpg\"\n                    width=\"100\"\n                    height=\"75\"\n                    style=\"max-width:100%;\"\n                \/>\n            <\/a>\n        <\/div>\n\t\t\t\t\t\t\t<\/div> \n\t\t\t\n        \n\t\t\n\t\t<!-- Pagination -->\n\t<div class='ngg-clear'><\/div>\t<\/div>\n\n","protected":false},"excerpt":{"rendered":"<p>Jag har total bloggtorka idag. Det \u00e4r inte s\u00e5 kul att skriva om det vardagliga varje dag. Jag g\u00f6r ju i stort sett samma saker dag efter dag. S\u00e4kert inte s\u00e5 kul att l\u00e4sa om heller! Tr\u00e4ningen g\u00e5r bra nu! Idag har jag varit uppe p\u00e5 gymmet och k\u00f6rt igenom kroppen i 1,5 timme. Sedan [&hellip;]<\/p>\n","protected":false},"author":1,"featured_media":0,"comment_status":"open","ping_status":"open","sticky":false,"template":"","format":"standard","meta":{"ngg_post_thumbnail":0},"categories":[31,6],"tags":[],"_links":{"self":[{"href":"https:\/\/ulliso.se\/blog\/index.php?rest_route=\/wp\/v2\/posts\/3781"}],"collection":[{"href":"https:\/\/ulliso.se\/blog\/index.php?rest_route=\/wp\/v2\/posts"}],"about":[{"href":"https:\/\/ulliso.se\/blog\/index.php?rest_route=\/wp\/v2\/types\/post"}],"author":[{"embeddable":true,"href":"https:\/\/ulliso.se\/blog\/index.php?rest_route=\/wp\/v2\/users\/1"}],"replies":[{"embeddable":true,"href":"https:\/\/ulliso.se\/blog\/index.php?rest_route=%2Fwp%2Fv2%2Fcomments&post=3781"}],"version-history":[{"count":2,"href":"https:\/\/ulliso.se\/blog\/index.php?rest_route=\/wp\/v2\/posts\/3781\/revisions"}],"predecessor-version":[{"id":3783,"href":"https:\/\/ulliso.se\/blog\/index.php?rest_route=\/wp\/v2\/posts\/3781\/revisions\/3783"}],"wp:attachment":[{"href":"https:\/\/ulliso.se\/blog\/index.php?rest_route=%2Fwp%2Fv2%2Fmedia&parent=3781"}],"wp:term":[{"taxonomy":"category","embeddable":true,"href":"https:\/\/ulliso.se\/blog\/index.php?rest_route=%2Fwp%2Fv2%2Fcategories&post=3781"},{"taxonomy":"post_tag","embeddable":true,"href":"https:\/\/ulliso.se\/blog\/index.php?rest_route=%2Fwp%2Fv2%2Ftags&post=3781"}],"curies":[{"name":"wp","href":"https:\/\/api.w.org\/{rel}","templated":true}]}}