{"id":3805,"date":"2013-02-16T22:36:56","date_gmt":"2013-02-16T21:36:56","guid":{"rendered":"http:\/\/ulliso.se\/blog\/?p=3805"},"modified":"2013-02-16T23:49:56","modified_gmt":"2013-02-16T22:49:56","slug":"dag-23-av-100","status":"publish","type":"post","link":"https:\/\/ulliso.se\/blog\/?p=3805","title":{"rendered":"Dag 23 av 100"},"content":{"rendered":"<p>L\u00e4ste inne \u00a0hos <a href=\"http:\/\/annalundberg.org\/\" target=\"_blank\">Anna<\/a> som hade problem med sn\u00f6 p\u00e5 sin parkeringsplats. D\u00e5 t\u00e4nkte jag att jag m\u00e5ste visa hur det s\u00e5g ut p\u00e5 v\u00e5r parkeringsplats i torsdags morse.<\/p>\n<p>N\u00e4r jag skulle k\u00f6ra och l\u00e4mna av d\u00f6ttrarna p\u00e5 sina skolor och sambon p\u00e5 sitt jobb, s\u00e5 h\u00f6ll sn\u00f6r\u00f6jningskillarna p\u00e5 riva upp gammal sn\u00f6\/is h\u00e4r utanf\u00f6r p\u00e5 parkeringen. Jag k\u00f6rde dit jag skulle med alla och n\u00e4r jag kom tillbaka s\u00e5 s\u00e5g det ut s\u00e5 h\u00e4r p\u00e5 v\u00e5r parkeringsplats! Jag kunde som ni ser inte parkera d\u00e4r. Jag blev riktigt irriterad! Fick st\u00e4lla mig p\u00e5 g\u00e4stparkeringen. Jag hade d\u00e5 ingen tillg\u00e5ng till v\u00e5r motorv\u00e4rmarstolpe. Som tur v\u00e4l var s\u00e5 var det inte s\u00e5 kallt just den dagen.<\/p>\n<p>N\u00e4r jag sedan skulle till gymmet 1,5 timmar senare s\u00e5 h\u00f6ll de p\u00e5 att lasta upp all is och sn\u00f6 p\u00e5 lastbilar f\u00f6r att k\u00f6ra iv\u00e4g med det. N\u00e4r jag kom hem efter 2 timmar p\u00e5 gymmet s\u00e5 var allt borta fr\u00e5n v\u00e5r parkeringsplats.<\/p>\n<!-- index.php -->\n<div\n\tclass=\"ngg-galleryoverview ngg-ajax-pagination-none\"\n\tid=\"ngg-gallery-f813eb3633fa0d88efb7e7d24383d89d-1\">\n\n    \t<div class=\"slideshowlink\">\n        <a href='https:\/\/ulliso.se\/blog\/index.php\/nggallery\/slideshow?p=3805'>[Show as slideshow]<\/a>\n\t\t\n\t<\/div>\n\t\t\t<!-- Thumbnails -->\n\t\t\t\t<div id=\"ngg-image-0\" class=\"ngg-gallery-thumbnail-box\" >\n\t\t\t\t        <div class=\"ngg-gallery-thumbnail\">\n            <a href=\"https:\/\/ulliso.se\/blog\/wp-content\/gallery\/snoispark\/bild-1.jpg\"\n               title=\"H\u00e4r kunde jag inte parkera \u00f6ht.\"\n               data-src=\"https:\/\/ulliso.se\/blog\/wp-content\/gallery\/snoispark\/bild-1.jpg\"\n               data-thumbnail=\"https:\/\/ulliso.se\/blog\/wp-content\/gallery\/snoispark\/thumbs\/thumbs_bild-1.jpg\"\n               data-image-id=\"483\"\n               data-title=\"bild-1\"\n               data-description=\"H\u00e4r kunde jag inte parkera \u00f6ht.\"\n               data-image-slug=\"bild-1\"\n               class=\"shutterset_f813eb3633fa0d88efb7e7d24383d89d\">\n                <img\n                    title=\"bild-1\"\n                    alt=\"bild-1\"\n                    src=\"https:\/\/ulliso.se\/blog\/wp-content\/gallery\/snoispark\/thumbs\/thumbs_bild-1.jpg\"\n                    width=\"100\"\n                    height=\"75\"\n                    style=\"max-width:100%;\"\n                \/>\n            <\/a>\n        <\/div>\n\t\t\t\t\t\t\t<\/div> \n\t\t\t\n        \n\t\t\t\t<div id=\"ngg-image-1\" class=\"ngg-gallery-thumbnail-box\" >\n\t\t\t\t        <div class=\"ngg-gallery-thumbnail\">\n            <a href=\"https:\/\/ulliso.se\/blog\/wp-content\/gallery\/snoispark\/bild-2.jpg\"\n               title=\"STOR sn\u00f6\/is-h\u00f6g p\u00e5 v\u00e5r parkeringsplats!\"\n               data-src=\"https:\/\/ulliso.se\/blog\/wp-content\/gallery\/snoispark\/bild-2.jpg\"\n               data-thumbnail=\"https:\/\/ulliso.se\/blog\/wp-content\/gallery\/snoispark\/thumbs\/thumbs_bild-2.jpg\"\n               data-image-id=\"484\"\n               data-title=\"bild-2\"\n               data-description=\"STOR sn\u00f6\/is-h\u00f6g p\u00e5 v\u00e5r parkeringsplats!\"\n               data-image-slug=\"bild-2\"\n               class=\"shutterset_f813eb3633fa0d88efb7e7d24383d89d\">\n                <img\n                    title=\"bild-2\"\n                    alt=\"bild-2\"\n                    src=\"https:\/\/ulliso.se\/blog\/wp-content\/gallery\/snoispark\/thumbs\/thumbs_bild-2.jpg\"\n                    width=\"100\"\n                    height=\"75\"\n                    style=\"max-width:100%;\"\n                \/>\n            <\/a>\n        <\/div>\n\t\t\t\t\t\t\t<\/div> \n\t\t\t\n        \n\t\t\n\t\t<!-- Pagination -->\n\t<div class='ngg-clear'><\/div>\t<\/div>\n\n","protected":false},"excerpt":{"rendered":"<p>L\u00e4ste inne \u00a0hos Anna som hade problem med sn\u00f6 p\u00e5 sin parkeringsplats. D\u00e5 t\u00e4nkte jag att jag m\u00e5ste visa hur det s\u00e5g ut p\u00e5 v\u00e5r parkeringsplats i torsdags morse. N\u00e4r jag skulle k\u00f6ra och l\u00e4mna av d\u00f6ttrarna p\u00e5 sina skolor och sambon p\u00e5 sitt jobb, s\u00e5 h\u00f6ll sn\u00f6r\u00f6jningskillarna p\u00e5 riva upp gammal sn\u00f6\/is h\u00e4r utanf\u00f6r [&hellip;]<\/p>\n","protected":false},"author":1,"featured_media":0,"comment_status":"open","ping_status":"open","sticky":false,"template":"","format":"standard","meta":{"ngg_post_thumbnail":0},"categories":[31,6],"tags":[],"_links":{"self":[{"href":"https:\/\/ulliso.se\/blog\/index.php?rest_route=\/wp\/v2\/posts\/3805"}],"collection":[{"href":"https:\/\/ulliso.se\/blog\/index.php?rest_route=\/wp\/v2\/posts"}],"about":[{"href":"https:\/\/ulliso.se\/blog\/index.php?rest_route=\/wp\/v2\/types\/post"}],"author":[{"embeddable":true,"href":"https:\/\/ulliso.se\/blog\/index.php?rest_route=\/wp\/v2\/users\/1"}],"replies":[{"embeddable":true,"href":"https:\/\/ulliso.se\/blog\/index.php?rest_route=%2Fwp%2Fv2%2Fcomments&post=3805"}],"version-history":[{"count":6,"href":"https:\/\/ulliso.se\/blog\/index.php?rest_route=\/wp\/v2\/posts\/3805\/revisions"}],"predecessor-version":[{"id":3810,"href":"https:\/\/ulliso.se\/blog\/index.php?rest_route=\/wp\/v2\/posts\/3805\/revisions\/3810"}],"wp:attachment":[{"href":"https:\/\/ulliso.se\/blog\/index.php?rest_route=%2Fwp%2Fv2%2Fmedia&parent=3805"}],"wp:term":[{"taxonomy":"category","embeddable":true,"href":"https:\/\/ulliso.se\/blog\/index.php?rest_route=%2Fwp%2Fv2%2Fcategories&post=3805"},{"taxonomy":"post_tag","embeddable":true,"href":"https:\/\/ulliso.se\/blog\/index.php?rest_route=%2Fwp%2Fv2%2Ftags&post=3805"}],"curies":[{"name":"wp","href":"https:\/\/api.w.org\/{rel}","templated":true}]}}