{"id":3824,"date":"2013-02-19T22:36:52","date_gmt":"2013-02-19T21:36:52","guid":{"rendered":"http:\/\/ulliso.se\/blog\/?p=3824"},"modified":"2013-02-21T19:24:22","modified_gmt":"2013-02-21T18:24:22","slug":"dag-26-av-100","status":"publish","type":"post","link":"https:\/\/ulliso.se\/blog\/?p=3824","title":{"rendered":"26 av 100"},"content":{"rendered":"<p>Idag n\u00e4r jag satt och \u00e5t lite lunch i godan ro h\u00e4r i soffan \u00a0s\u00e5 s\u00e5g jag en man uppe p\u00e5 grannhusets tak. Det var samma man som var uppe p\u00e5 taket ig\u00e5r. Se bilderna i galleriet nedan, det \u00e4r inte klokt att han var d\u00e4r uppe utan n\u00e5gon s\u00e4kerhetslina! Jag blev alldeles handsvettig av att se honom. Han var borta strax efter och jag trodde faktiskt att han hade ramlat ner, s\u00e5 jag var tvungen att g\u00e5 fram till f\u00f6nstret och kika. Men det l\u00e5g ingen p\u00e5 marken.<\/p>\n<p>Nu ikv\u00e4ll har jag och I tr\u00e4nat CxWorx och Sh&#8217;Bam. Jag \u00e4lskar releaserna av de b\u00e5da passen just nu! Jag \u00e4r s\u00e4rskilt svag f\u00f6r cx:en! Underbar musik, kul \u00f6vningar! Har gjort spellistor i Spotify f\u00f6r de olika pass-releaserna jag tr\u00e4nar just nu. Kanske lite n\u00f6rdigt, men h\u00e4rligt att lyssna p\u00e5!<\/p>\n<p>Sedan g\u00f6r ju grupptr\u00e4ningsinstrukt\u00f6ren otroligt mycket f\u00f6r att ett pass ska bli bra och roligt! Petra \u00e4r verkligen bra!<\/p>\n<p>Nej, nu v\u00e4ntar s\u00e4ngen! Jag lyckas alltid blogga s\u00e5 sent av n\u00e5gon anledning.<\/p>\n<!-- index.php -->\n<div\n\tclass=\"ngg-galleryoverview ngg-ajax-pagination-none\"\n\tid=\"ngg-gallery-08e17b6d08faa47b7571591da6383abf-1\">\n\n    \t<div class=\"slideshowlink\">\n        <a href='https:\/\/ulliso.se\/blog\/index.php\/nggallery\/slideshow?p=3824'>[Show as slideshow]<\/a>\n\t\t\n\t<\/div>\n\t\t\t<!-- Thumbnails -->\n\t\t\t\t<div id=\"ngg-image-0\" class=\"ngg-gallery-thumbnail-box\" >\n\t\t\t\t        <div class=\"ngg-gallery-thumbnail\">\n            <a href=\"https:\/\/ulliso.se\/blog\/wp-content\/gallery\/19feb2013\/img_0872.jpg\"\n               title=\"Mannen skottade taket idag ocks\u00e5. :s\"\n               data-src=\"https:\/\/ulliso.se\/blog\/wp-content\/gallery\/19feb2013\/img_0872.jpg\"\n               data-thumbnail=\"https:\/\/ulliso.se\/blog\/wp-content\/gallery\/19feb2013\/thumbs\/thumbs_img_0872.jpg\"\n               data-image-id=\"525\"\n               data-title=\"img_0872\"\n               data-description=\"Mannen skottade taket idag ocks\u00e5. :s\"\n               data-image-slug=\"img_0872\"\n               class=\"shutterset_08e17b6d08faa47b7571591da6383abf\">\n                <img\n                    title=\"img_0872\"\n                    alt=\"img_0872\"\n                    src=\"https:\/\/ulliso.se\/blog\/wp-content\/gallery\/19feb2013\/thumbs\/thumbs_img_0872.jpg\"\n                    width=\"100\"\n                    height=\"75\"\n                    style=\"max-width:100%;\"\n                \/>\n            <\/a>\n        <\/div>\n\t\t\t\t\t\t\t<\/div> \n\t\t\t\n        \n\t\t\t\t<div id=\"ngg-image-1\" class=\"ngg-gallery-thumbnail-box\" >\n\t\t\t\t        <div class=\"ngg-gallery-thumbnail\">\n            <a href=\"https:\/\/ulliso.se\/blog\/wp-content\/gallery\/19feb2013\/img_0873.jpg\"\n               title=\"Jag hade d\u00e5 ALDRIG gjort s\u00e5 h\u00e4r.\"\n               data-src=\"https:\/\/ulliso.se\/blog\/wp-content\/gallery\/19feb2013\/img_0873.jpg\"\n               data-thumbnail=\"https:\/\/ulliso.se\/blog\/wp-content\/gallery\/19feb2013\/thumbs\/thumbs_img_0873.jpg\"\n               data-image-id=\"526\"\n               data-title=\"img_0873\"\n               data-description=\"Jag hade d\u00e5 ALDRIG gjort s\u00e5 h\u00e4r.\"\n               data-image-slug=\"img_0873\"\n               class=\"shutterset_08e17b6d08faa47b7571591da6383abf\">\n                <img\n                    title=\"img_0873\"\n                    alt=\"img_0873\"\n                    src=\"https:\/\/ulliso.se\/blog\/wp-content\/gallery\/19feb2013\/thumbs\/thumbs_img_0873.jpg\"\n                    width=\"100\"\n                    height=\"75\"\n                    style=\"max-width:100%;\"\n                \/>\n            <\/a>\n        <\/div>\n\t\t\t\t\t\t\t<\/div> \n\t\t\t\n        \n\t\t\t\t<div id=\"ngg-image-2\" class=\"ngg-gallery-thumbnail-box\" >\n\t\t\t\t        <div class=\"ngg-gallery-thumbnail\">\n            <a href=\"https:\/\/ulliso.se\/blog\/wp-content\/gallery\/19feb2013\/img_0875.jpg\"\n               title=\"Jag fick handsvett bara av att titta p\u00e5 mannen p\u00e5 taket.\"\n               data-src=\"https:\/\/ulliso.se\/blog\/wp-content\/gallery\/19feb2013\/img_0875.jpg\"\n               data-thumbnail=\"https:\/\/ulliso.se\/blog\/wp-content\/gallery\/19feb2013\/thumbs\/thumbs_img_0875.jpg\"\n               data-image-id=\"527\"\n               data-title=\"img_0875\"\n               data-description=\"Jag fick handsvett bara av att titta p\u00e5 mannen p\u00e5 taket.\"\n               data-image-slug=\"img_0875\"\n               class=\"shutterset_08e17b6d08faa47b7571591da6383abf\">\n                <img\n                    title=\"img_0875\"\n                    alt=\"img_0875\"\n                    src=\"https:\/\/ulliso.se\/blog\/wp-content\/gallery\/19feb2013\/thumbs\/thumbs_img_0875.jpg\"\n                    width=\"100\"\n                    height=\"75\"\n                    style=\"max-width:100%;\"\n                \/>\n            <\/a>\n        <\/div>\n\t\t\t\t\t\t\t<\/div> \n\t\t\t\n        \n\t\t\t\t<div id=\"ngg-image-3\" class=\"ngg-gallery-thumbnail-box\" >\n\t\t\t\t        <div class=\"ngg-gallery-thumbnail\">\n            <a href=\"https:\/\/ulliso.se\/blog\/wp-content\/gallery\/19feb2013\/img_0883.jpg\"\n               title=\"Sn\u00f6.\"\n               data-src=\"https:\/\/ulliso.se\/blog\/wp-content\/gallery\/19feb2013\/img_0883.jpg\"\n               data-thumbnail=\"https:\/\/ulliso.se\/blog\/wp-content\/gallery\/19feb2013\/thumbs\/thumbs_img_0883.jpg\"\n               data-image-id=\"528\"\n               data-title=\"img_0883\"\n               data-description=\"Sn\u00f6.\"\n               data-image-slug=\"img_0883\"\n               class=\"shutterset_08e17b6d08faa47b7571591da6383abf\">\n                <img\n                    title=\"img_0883\"\n                    alt=\"img_0883\"\n                    src=\"https:\/\/ulliso.se\/blog\/wp-content\/gallery\/19feb2013\/thumbs\/thumbs_img_0883.jpg\"\n                    width=\"100\"\n                    height=\"75\"\n                    style=\"max-width:100%;\"\n                \/>\n            <\/a>\n        <\/div>\n\t\t\t\t\t\t\t<\/div> \n\t\t\t\n        \n\t\t\t\t<div id=\"ngg-image-4\" class=\"ngg-gallery-thumbnail-box\" >\n\t\t\t\t        <div class=\"ngg-gallery-thumbnail\">\n            <a href=\"https:\/\/ulliso.se\/blog\/wp-content\/gallery\/19feb2013\/img_0886.jpg\"\n               title=\"Istappar.\"\n               data-src=\"https:\/\/ulliso.se\/blog\/wp-content\/gallery\/19feb2013\/img_0886.jpg\"\n               data-thumbnail=\"https:\/\/ulliso.se\/blog\/wp-content\/gallery\/19feb2013\/thumbs\/thumbs_img_0886.jpg\"\n               data-image-id=\"529\"\n               data-title=\"img_0886\"\n               data-description=\"Istappar.\"\n               data-image-slug=\"img_0886\"\n               class=\"shutterset_08e17b6d08faa47b7571591da6383abf\">\n                <img\n                    title=\"img_0886\"\n                    alt=\"img_0886\"\n                    src=\"https:\/\/ulliso.se\/blog\/wp-content\/gallery\/19feb2013\/thumbs\/thumbs_img_0886.jpg\"\n                    width=\"100\"\n                    height=\"75\"\n                    style=\"max-width:100%;\"\n                \/>\n            <\/a>\n        <\/div>\n\t\t\t\t\t\t\t<\/div> \n\t\t\t\n        \n\t\t\n\t\t<!-- Pagination -->\n\t<div class='ngg-clear'><\/div>\t<\/div>\n\n","protected":false},"excerpt":{"rendered":"<p>Idag n\u00e4r jag satt och \u00e5t lite lunch i godan ro h\u00e4r i soffan \u00a0s\u00e5 s\u00e5g jag en man uppe p\u00e5 grannhusets tak. Det var samma man som var uppe p\u00e5 taket ig\u00e5r. Se bilderna i galleriet nedan, det \u00e4r inte klokt att han var d\u00e4r uppe utan n\u00e5gon s\u00e4kerhetslina! Jag blev alldeles handsvettig av [&hellip;]<\/p>\n","protected":false},"author":1,"featured_media":0,"comment_status":"open","ping_status":"open","sticky":false,"template":"","format":"standard","meta":{"ngg_post_thumbnail":0},"categories":[31,6],"tags":[],"_links":{"self":[{"href":"https:\/\/ulliso.se\/blog\/index.php?rest_route=\/wp\/v2\/posts\/3824"}],"collection":[{"href":"https:\/\/ulliso.se\/blog\/index.php?rest_route=\/wp\/v2\/posts"}],"about":[{"href":"https:\/\/ulliso.se\/blog\/index.php?rest_route=\/wp\/v2\/types\/post"}],"author":[{"embeddable":true,"href":"https:\/\/ulliso.se\/blog\/index.php?rest_route=\/wp\/v2\/users\/1"}],"replies":[{"embeddable":true,"href":"https:\/\/ulliso.se\/blog\/index.php?rest_route=%2Fwp%2Fv2%2Fcomments&post=3824"}],"version-history":[{"count":2,"href":"https:\/\/ulliso.se\/blog\/index.php?rest_route=\/wp\/v2\/posts\/3824\/revisions"}],"predecessor-version":[{"id":3859,"href":"https:\/\/ulliso.se\/blog\/index.php?rest_route=\/wp\/v2\/posts\/3824\/revisions\/3859"}],"wp:attachment":[{"href":"https:\/\/ulliso.se\/blog\/index.php?rest_route=%2Fwp%2Fv2%2Fmedia&parent=3824"}],"wp:term":[{"taxonomy":"category","embeddable":true,"href":"https:\/\/ulliso.se\/blog\/index.php?rest_route=%2Fwp%2Fv2%2Fcategories&post=3824"},{"taxonomy":"post_tag","embeddable":true,"href":"https:\/\/ulliso.se\/blog\/index.php?rest_route=%2Fwp%2Fv2%2Ftags&post=3824"}],"curies":[{"name":"wp","href":"https:\/\/api.w.org\/{rel}","templated":true}]}}