{"id":3966,"date":"2013-03-03T22:57:51","date_gmt":"2013-03-03T21:57:51","guid":{"rendered":"http:\/\/ulliso.se\/blog\/?p=3966"},"modified":"2013-03-03T22:58:47","modified_gmt":"2013-03-03T21:58:47","slug":"39-av-100","status":"publish","type":"post","link":"https:\/\/ulliso.se\/blog\/?p=3966","title":{"rendered":"39 av 100"},"content":{"rendered":"<p>Jag hade t\u00e4nkt ligga i s\u00e4ngen innan 23, men inser att jag inte kommer att hinna det. Jag har lagt in mina nytagna foton p\u00e5 mina olika lagringsutrymmen (har dem p\u00e5 tv\u00e5 olika st\u00e4llen, h\u00e4ngslen och livrem, ni vet). och det b\u00f6rjade jag g\u00f6ra senare \u00e4n jag t\u00e4nkt. Och nu m\u00e5ste jag ju blogga detta inl\u00e4gg.<\/p>\n<p>Idag har vi st\u00e4dat h\u00e4r hemma. Har ocks\u00e5 varit p\u00e5 Djurmagazinet och k\u00f6pt c-vitaminer till v\u00e5ra marsvin. Det \u00e4r alltid roligt att \u00e5ka dit och spana in djuren (jag \u00e4lskar att titta p\u00e5 marsvinen och p\u00e5 sk\u00e4ggagamen).<\/p>\n<p>Nu ikv\u00e4ll har vi \u00e4tit glutenfria kex (min mage m\u00e5r inte bra av gluten) med Cantadou och kollat p\u00e5 tv\u00e5 avsnitt av s\u00e4song tv\u00e5 av &#8221;Playa del Sol&#8221;. Imorgon forts\u00e4tter vi med n\u00e5gra avsnitt till.<\/p>\n<p>NU ska jag dock st\u00e4nga av h\u00e4r. Ska sedan torka av vardagsrumsbordet, b\u00e4dda rent i v\u00e5r s\u00e4ng, g\u00e5 p\u00e5 toa och till sist l\u00e4gga mig i s\u00e4ngen. Imorgon b\u00f6rjar jag plugga, det ska bli sp\u00e4nnande.<\/p>\n<p><a href=\"https:\/\/ulliso.se\/blog\/wp-content\/uploads\/2013\/03\/bild-1-e1362347554967.jpg\"><img loading=\"lazy\" class=\"alignnone size-medium wp-image-3967\" alt=\"bild 1\" src=\"https:\/\/ulliso.se\/blog\/wp-content\/uploads\/2013\/03\/bild-1-e1362347554967-225x300.jpg\" width=\"225\" height=\"300\" srcset=\"https:\/\/ulliso.se\/blog\/wp-content\/uploads\/2013\/03\/bild-1-e1362347554967-225x300.jpg 225w, https:\/\/ulliso.se\/blog\/wp-content\/uploads\/2013\/03\/bild-1-e1362347554967-768x1024.jpg 768w, https:\/\/ulliso.se\/blog\/wp-content\/uploads\/2013\/03\/bild-1-e1362347554967.jpg 1536w\" sizes=\"(max-width: 225px) 100vw, 225px\" \/><\/a><\/p>\n<p><a href=\"https:\/\/ulliso.se\/blog\/wp-content\/uploads\/2013\/03\/bild-2.jpg\"><img loading=\"lazy\" class=\"alignnone size-medium wp-image-3969\" alt=\"bild 2\" src=\"https:\/\/ulliso.se\/blog\/wp-content\/uploads\/2013\/03\/bild-2-300x232.jpg\" width=\"300\" height=\"232\" srcset=\"https:\/\/ulliso.se\/blog\/wp-content\/uploads\/2013\/03\/bild-2-300x232.jpg 300w, https:\/\/ulliso.se\/blog\/wp-content\/uploads\/2013\/03\/bild-2-1024x794.jpg 1024w, https:\/\/ulliso.se\/blog\/wp-content\/uploads\/2013\/03\/bild-2.jpg 1525w\" sizes=\"(max-width: 300px) 100vw, 300px\" \/><\/a><\/p>\n<p>&nbsp;<\/p>\n<p><em>Bilderna \u00e4r tagna med mobilen.\u00a0<\/em><\/p>\n","protected":false},"excerpt":{"rendered":"<p>Jag hade t\u00e4nkt ligga i s\u00e4ngen innan 23, men inser att jag inte kommer att hinna det. Jag har lagt in mina nytagna foton p\u00e5 mina olika lagringsutrymmen (har dem p\u00e5 tv\u00e5 olika st\u00e4llen, h\u00e4ngslen och livrem, ni vet). och det b\u00f6rjade jag g\u00f6ra senare \u00e4n jag t\u00e4nkt. Och nu m\u00e5ste jag ju blogga detta [&hellip;]<\/p>\n","protected":false},"author":1,"featured_media":0,"comment_status":"open","ping_status":"open","sticky":false,"template":"","format":"standard","meta":{"ngg_post_thumbnail":0},"categories":[31,6],"tags":[],"_links":{"self":[{"href":"https:\/\/ulliso.se\/blog\/index.php?rest_route=\/wp\/v2\/posts\/3966"}],"collection":[{"href":"https:\/\/ulliso.se\/blog\/index.php?rest_route=\/wp\/v2\/posts"}],"about":[{"href":"https:\/\/ulliso.se\/blog\/index.php?rest_route=\/wp\/v2\/types\/post"}],"author":[{"embeddable":true,"href":"https:\/\/ulliso.se\/blog\/index.php?rest_route=\/wp\/v2\/users\/1"}],"replies":[{"embeddable":true,"href":"https:\/\/ulliso.se\/blog\/index.php?rest_route=%2Fwp%2Fv2%2Fcomments&post=3966"}],"version-history":[{"count":3,"href":"https:\/\/ulliso.se\/blog\/index.php?rest_route=\/wp\/v2\/posts\/3966\/revisions"}],"predecessor-version":[{"id":3972,"href":"https:\/\/ulliso.se\/blog\/index.php?rest_route=\/wp\/v2\/posts\/3966\/revisions\/3972"}],"wp:attachment":[{"href":"https:\/\/ulliso.se\/blog\/index.php?rest_route=%2Fwp%2Fv2%2Fmedia&parent=3966"}],"wp:term":[{"taxonomy":"category","embeddable":true,"href":"https:\/\/ulliso.se\/blog\/index.php?rest_route=%2Fwp%2Fv2%2Fcategories&post=3966"},{"taxonomy":"post_tag","embeddable":true,"href":"https:\/\/ulliso.se\/blog\/index.php?rest_route=%2Fwp%2Fv2%2Ftags&post=3966"}],"curies":[{"name":"wp","href":"https:\/\/api.w.org\/{rel}","templated":true}]}}