{"id":3974,"date":"2013-03-04T22:52:12","date_gmt":"2013-03-04T21:52:12","guid":{"rendered":"http:\/\/ulliso.se\/blog\/?p=3974"},"modified":"2013-03-04T22:52:12","modified_gmt":"2013-03-04T21:52:12","slug":"40-av-100","status":"publish","type":"post","link":"https:\/\/ulliso.se\/blog\/?p=3974","title":{"rendered":"40 av 100"},"content":{"rendered":"<p>Idag har jag f\u00e5tt mycket gjort. Efter att jag l\u00e4mnat av d\u00f6ttrar p\u00e5 skolan och sambon p\u00e5 jobbet s\u00e5 k\u00f6rde jag hem och satte ig\u00e5ng med ett bak av <a href=\"http:\/\/www.jillsmat.se\/artiklar\/lchf-frallor-med-vallmo\/\" target=\"_blank\">glutenfria frallor<\/a>. Min mage t\u00e5l ju inte gluten. Idag gjorde jag dessutom frallorna laktosfria genom att anv\u00e4nda laktosfritt sm\u00f6r (<em>alltid<\/em> sm\u00f6r! a<em>ldrig, <strong>aldrig<\/strong><\/em> \u00e4ckel-p\u00e4ckel margarin!) och fet laktosfri turkisk yoghurt.<\/p>\n<p>Under tiden jag gjorde detta s\u00e5 satte jag p\u00e5 f\u00f6rsta maskinen tv\u00e4tt. Jag hann med en till under f\u00f6rmiddagen. Diskade. Hann ocks\u00e5 skala potatisen och sk\u00e4ra purjol\u00f6ken till dagens middag, potatissoppa. Sk\u00f6nt att slippa g\u00f6ra det sedan. Sedan var det dags f\u00f6r mig att g\u00e5 till skolan. Skolan var bara i 1,5 timme idag och vi fick bara h\u00f6ra en massa information.<\/p>\n<p>H\u00e4mtade upp dotter 1 p\u00e5 sin skola, sedan skulle jag h\u00e4mta dotter 2 p\u00e5 fritids. Men hon ville f\u00f6lja med en kompis och leka, det fick hon. S\u00e5 jag hade bara dotter nr 1 med mig hem. Lagade middagen och \u00e5t den. Diskade. Dotter 2 kom hem fr\u00e5n kompisen. Dotter 1 och jag for och tr\u00e4nade, idag var det Bodyvive. Sedan hem och duscha och \u00e4ta. Diska.<\/p>\n<p>Nu strax s\u00e4ngen<em> igen <\/em>(dagarna g\u00e5r fort). 20 minuter kvar tills klockan \u00e4r 23, hinner jag i s\u00e4ng innan dess? Njae, tveksamt! Men det \u00e4r bra att man har att g\u00f6ra om dagarna! Gillar inte att inte ha n\u00e5got att g\u00f6ra. Det h\u00e4nder iofs v\u00e4ldigt s\u00e4llan h\u00e4r. Det \u00e4r sp\u00e4ckat schema fr\u00e5n morgon till kv\u00e4ll.<\/p>\n<!-- index.php -->\n<div\n\tclass=\"ngg-galleryoverview ngg-ajax-pagination-none\"\n\tid=\"ngg-gallery-4c6c1c087ca604274ed11c7d8e3f7a38-1\">\n\n    \t<div class=\"slideshowlink\">\n        <a href='https:\/\/ulliso.se\/blog\/index.php\/nggallery\/slideshow?p=3974'>[Show as slideshow]<\/a>\n\t\t\n\t<\/div>\n\t\t\t<!-- Thumbnails -->\n\t\t\t\t<div id=\"ngg-image-0\" class=\"ngg-gallery-thumbnail-box\" >\n\t\t\t\t        <div class=\"ngg-gallery-thumbnail\">\n            <a href=\"https:\/\/ulliso.se\/blog\/wp-content\/gallery\/4mars\/img_1372.jpg\"\n               title=\"Sonens Bionicle-samling. Samlingen har varit hemma hos barnens pappa sedan de flyttade hit. Nu blev det \u00e4ntligen av att samlingen kom hit upp den ocks\u00e5. Vi hade l\u00e5nat tv\u00e5 stora resv\u00e4skor f\u00f6r att f\u00e5 plats med den.\"\n               data-src=\"https:\/\/ulliso.se\/blog\/wp-content\/gallery\/4mars\/img_1372.jpg\"\n               data-thumbnail=\"https:\/\/ulliso.se\/blog\/wp-content\/gallery\/4mars\/thumbs\/thumbs_img_1372.jpg\"\n               data-image-id=\"552\"\n               data-title=\"img_1372\"\n               data-description=\"Sonens Bionicle-samling. Samlingen har varit hemma hos barnens pappa sedan de flyttade hit. Nu blev det \u00e4ntligen av att samlingen kom hit upp den ocks\u00e5. Vi hade l\u00e5nat tv\u00e5 stora resv\u00e4skor f\u00f6r att f\u00e5 plats med den.\"\n               data-image-slug=\"img_1372\"\n               class=\"shutterset_4c6c1c087ca604274ed11c7d8e3f7a38\">\n                <img\n                    title=\"img_1372\"\n                    alt=\"img_1372\"\n                    src=\"https:\/\/ulliso.se\/blog\/wp-content\/gallery\/4mars\/thumbs\/thumbs_img_1372.jpg\"\n                    width=\"100\"\n                    height=\"75\"\n                    style=\"max-width:100%;\"\n                \/>\n            <\/a>\n        <\/div>\n\t\t\t\t\t\t\t<\/div> \n\t\t\t\n        \n\t\t\t\t<div id=\"ngg-image-1\" class=\"ngg-gallery-thumbnail-box\" >\n\t\t\t\t        <div class=\"ngg-gallery-thumbnail\">\n            <a href=\"https:\/\/ulliso.se\/blog\/wp-content\/gallery\/4mars\/img_1373.jpg\"\n               title=\"Massa Bionicles i delar.\"\n               data-src=\"https:\/\/ulliso.se\/blog\/wp-content\/gallery\/4mars\/img_1373.jpg\"\n               data-thumbnail=\"https:\/\/ulliso.se\/blog\/wp-content\/gallery\/4mars\/thumbs\/thumbs_img_1373.jpg\"\n               data-image-id=\"553\"\n               data-title=\"img_1373\"\n               data-description=\"Massa Bionicles i delar.\"\n               data-image-slug=\"img_1373\"\n               class=\"shutterset_4c6c1c087ca604274ed11c7d8e3f7a38\">\n                <img\n                    title=\"img_1373\"\n                    alt=\"img_1373\"\n                    src=\"https:\/\/ulliso.se\/blog\/wp-content\/gallery\/4mars\/thumbs\/thumbs_img_1373.jpg\"\n                    width=\"100\"\n                    height=\"75\"\n                    style=\"max-width:100%;\"\n                \/>\n            <\/a>\n        <\/div>\n\t\t\t\t\t\t\t<\/div> \n\t\t\t\n        \n\t\t\t\t<div id=\"ngg-image-2\" class=\"ngg-gallery-thumbnail-box\" >\n\t\t\t\t        <div class=\"ngg-gallery-thumbnail\">\n            <a href=\"https:\/\/ulliso.se\/blog\/wp-content\/gallery\/4mars\/img_1374.jpg\"\n               title=\"En del Bionicles \u00e4r ihopbyggda h\u00e4r (d\u00e5lig bild). Sonen har 116 stycken. Han har byggt ihop dessa ett antal g\u00e5nger f\u00f6rut, s\u00e5 p\u00e5 bara n\u00e5gra f\u00e5 timmar hade han byggt ihop alla igen.\"\n               data-src=\"https:\/\/ulliso.se\/blog\/wp-content\/gallery\/4mars\/img_1374.jpg\"\n               data-thumbnail=\"https:\/\/ulliso.se\/blog\/wp-content\/gallery\/4mars\/thumbs\/thumbs_img_1374.jpg\"\n               data-image-id=\"554\"\n               data-title=\"img_1374\"\n               data-description=\"En del Bionicles \u00e4r ihopbyggda h\u00e4r (d\u00e5lig bild). Sonen har 116 stycken. Han har byggt ihop dessa ett antal g\u00e5nger f\u00f6rut, s\u00e5 p\u00e5 bara n\u00e5gra f\u00e5 timmar hade han byggt ihop alla igen.\"\n               data-image-slug=\"img_1374\"\n               class=\"shutterset_4c6c1c087ca604274ed11c7d8e3f7a38\">\n                <img\n                    title=\"img_1374\"\n                    alt=\"img_1374\"\n                    src=\"https:\/\/ulliso.se\/blog\/wp-content\/gallery\/4mars\/thumbs\/thumbs_img_1374.jpg\"\n                    width=\"100\"\n                    height=\"75\"\n                    style=\"max-width:100%;\"\n                \/>\n            <\/a>\n        <\/div>\n\t\t\t\t\t\t\t<\/div> \n\t\t\t\n        \n\t\t\t\t<div id=\"ngg-image-3\" class=\"ngg-gallery-thumbnail-box\" >\n\t\t\t\t        <div class=\"ngg-gallery-thumbnail\">\n            <a href=\"https:\/\/ulliso.se\/blog\/wp-content\/gallery\/4mars\/img_1390.jpg\"\n               title=\"Mina gluten- och laktosfria frallor.\"\n               data-src=\"https:\/\/ulliso.se\/blog\/wp-content\/gallery\/4mars\/img_1390.jpg\"\n               data-thumbnail=\"https:\/\/ulliso.se\/blog\/wp-content\/gallery\/4mars\/thumbs\/thumbs_img_1390.jpg\"\n               data-image-id=\"555\"\n               data-title=\"img_1390\"\n               data-description=\"Mina gluten- och laktosfria frallor.\"\n               data-image-slug=\"img_1390\"\n               class=\"shutterset_4c6c1c087ca604274ed11c7d8e3f7a38\">\n                <img\n                    title=\"img_1390\"\n                    alt=\"img_1390\"\n                    src=\"https:\/\/ulliso.se\/blog\/wp-content\/gallery\/4mars\/thumbs\/thumbs_img_1390.jpg\"\n                    width=\"100\"\n                    height=\"75\"\n                    style=\"max-width:100%;\"\n                \/>\n            <\/a>\n        <\/div>\n\t\t\t\t\t\t\t<\/div> \n\t\t\t\n        \n\t\t\t\t<div id=\"ngg-image-4\" class=\"ngg-gallery-thumbnail-box\" >\n\t\t\t\t        <div class=\"ngg-gallery-thumbnail\">\n            <a href=\"https:\/\/ulliso.se\/blog\/wp-content\/gallery\/4mars\/bild.jpg\"\n               title=\"P\u00e5 tr\u00e4ningen = bodyvive.\"\n               data-src=\"https:\/\/ulliso.se\/blog\/wp-content\/gallery\/4mars\/bild.jpg\"\n               data-thumbnail=\"https:\/\/ulliso.se\/blog\/wp-content\/gallery\/4mars\/thumbs\/thumbs_bild.jpg\"\n               data-image-id=\"556\"\n               data-title=\"bild\"\n               data-description=\"P\u00e5 tr\u00e4ningen = bodyvive.\"\n               data-image-slug=\"bild\"\n               class=\"shutterset_4c6c1c087ca604274ed11c7d8e3f7a38\">\n                <img\n                    title=\"bild\"\n                    alt=\"bild\"\n                    src=\"https:\/\/ulliso.se\/blog\/wp-content\/gallery\/4mars\/thumbs\/thumbs_bild.jpg\"\n                    width=\"100\"\n                    height=\"75\"\n                    style=\"max-width:100%;\"\n                \/>\n            <\/a>\n        <\/div>\n\t\t\t\t\t\t\t<\/div> \n\t\t\t\n        \n\t\t\n\t\t<!-- Pagination -->\n\t<div class='ngg-clear'><\/div>\t<\/div>\n\n","protected":false},"excerpt":{"rendered":"<p>Idag har jag f\u00e5tt mycket gjort. Efter att jag l\u00e4mnat av d\u00f6ttrar p\u00e5 skolan och sambon p\u00e5 jobbet s\u00e5 k\u00f6rde jag hem och satte ig\u00e5ng med ett bak av glutenfria frallor. Min mage t\u00e5l ju inte gluten. Idag gjorde jag dessutom frallorna laktosfria genom att anv\u00e4nda laktosfritt sm\u00f6r (alltid sm\u00f6r! aldrig, aldrig \u00e4ckel-p\u00e4ckel margarin!) och [&hellip;]<\/p>\n","protected":false},"author":1,"featured_media":0,"comment_status":"open","ping_status":"open","sticky":false,"template":"","format":"standard","meta":{"ngg_post_thumbnail":0},"categories":[31,6],"tags":[],"_links":{"self":[{"href":"https:\/\/ulliso.se\/blog\/index.php?rest_route=\/wp\/v2\/posts\/3974"}],"collection":[{"href":"https:\/\/ulliso.se\/blog\/index.php?rest_route=\/wp\/v2\/posts"}],"about":[{"href":"https:\/\/ulliso.se\/blog\/index.php?rest_route=\/wp\/v2\/types\/post"}],"author":[{"embeddable":true,"href":"https:\/\/ulliso.se\/blog\/index.php?rest_route=\/wp\/v2\/users\/1"}],"replies":[{"embeddable":true,"href":"https:\/\/ulliso.se\/blog\/index.php?rest_route=%2Fwp%2Fv2%2Fcomments&post=3974"}],"version-history":[{"count":2,"href":"https:\/\/ulliso.se\/blog\/index.php?rest_route=\/wp\/v2\/posts\/3974\/revisions"}],"predecessor-version":[{"id":3976,"href":"https:\/\/ulliso.se\/blog\/index.php?rest_route=\/wp\/v2\/posts\/3974\/revisions\/3976"}],"wp:attachment":[{"href":"https:\/\/ulliso.se\/blog\/index.php?rest_route=%2Fwp%2Fv2%2Fmedia&parent=3974"}],"wp:term":[{"taxonomy":"category","embeddable":true,"href":"https:\/\/ulliso.se\/blog\/index.php?rest_route=%2Fwp%2Fv2%2Fcategories&post=3974"},{"taxonomy":"post_tag","embeddable":true,"href":"https:\/\/ulliso.se\/blog\/index.php?rest_route=%2Fwp%2Fv2%2Ftags&post=3974"}],"curies":[{"name":"wp","href":"https:\/\/api.w.org\/{rel}","templated":true}]}}