{"id":4062,"date":"2013-03-13T22:35:27","date_gmt":"2013-03-13T21:35:27","guid":{"rendered":"http:\/\/ulliso.se\/blog\/?p=4062"},"modified":"2013-03-13T22:35:27","modified_gmt":"2013-03-13T21:35:27","slug":"47-av-100-laxa-och-tankar-om-kost","status":"publish","type":"post","link":"https:\/\/ulliso.se\/blog\/?p=4062","title":{"rendered":"47 av 100 &#8211; l\u00e4xa och tankar om kost"},"content":{"rendered":"<p>I skolan l\u00e4ser vi ju h\u00e4lsopedagogik just nu och 3 veckor fram\u00e5t. Idag fick vi en &#8221;l\u00e4xa&#8221; att g\u00f6ra hemma. Den handlar om ens egen kost och h\u00e4lsa. Jag har ju redan min strategi klar eftersom jag t\u00e4nker mycket p\u00e5 det i min vardag. <em>Just nu<\/em> \u00e4ter jag tyv\u00e4rr inte riktigt som jag vill (LCHF till 100%). Jag tr\u00e4nar inte heller s\u00e5 mycket som jag vill just nu, men det \u00e4r sv\u00e5rt att hinna med det med tre barn, husdjur, tv\u00e4tt, disk, osv. Men n\u00e4r jag f\u00e5tt in rutinerna (skola och jobb varannan helg) s\u00e5 ska det bli total ordning p\u00e5 mat och tr\u00e4ning.<\/p>\n<p><a href=\"http:\/\/sisu.it.su.se\/search\/info\/UE2012\" target=\"_blank\">H\u00e4lsopedagogik<\/a> \u00e4r f\u00f6r \u00f6vrigt ett intressant \u00e4mne! Men jag ska dock <em>inte<\/em> bli n\u00e5gon <a href=\"http:\/\/sv.wikipedia.org\/wiki\/H%C3%A4lsopedagog\" target=\"_blank\">h\u00e4lsopedagog<\/a>.<\/p>\n<p>Det \u00e4r ocks\u00e5 roligt att jag h\u00e5ller p\u00e5 att l\u00e4ra k\u00e4nna 24\u00a0nya personer (22 klasskamrater och tv\u00e5 l\u00e4rare) nu. En del har jag b\u00e4ttre kontakt med \u00e4n andra, men det blir l\u00e4tt s\u00e5 i en stor grupp.<\/p>\n<p>P\u00e5 tal om tr\u00e4ning s\u00e5 har jag och I tr\u00e4nat Sh&#8217;bam. J\u00e4ttekul!<\/p>\n<p>Strax blir det s\u00e4ngen. Somnar tv\u00e4rt om kv\u00e4llarna numera!<\/p>\n<p><a href=\"https:\/\/ulliso.se\/blog\/wp-content\/uploads\/2013\/03\/bild-21-e1363210382741.jpg\"><img loading=\"lazy\" class=\"alignnone size-medium wp-image-4063\" alt=\"bild 2\" src=\"https:\/\/ulliso.se\/blog\/wp-content\/uploads\/2013\/03\/bild-21-e1363210382741-225x300.jpg\" width=\"225\" height=\"300\" srcset=\"https:\/\/ulliso.se\/blog\/wp-content\/uploads\/2013\/03\/bild-21-e1363210382741-225x300.jpg 225w, https:\/\/ulliso.se\/blog\/wp-content\/uploads\/2013\/03\/bild-21-e1363210382741-768x1024.jpg 768w, https:\/\/ulliso.se\/blog\/wp-content\/uploads\/2013\/03\/bild-21-e1363210382741.jpg 1536w\" sizes=\"(max-width: 225px) 100vw, 225px\" \/><\/a><\/p>\n<p>&nbsp;<\/p>\n","protected":false},"excerpt":{"rendered":"<p>I skolan l\u00e4ser vi ju h\u00e4lsopedagogik just nu och 3 veckor fram\u00e5t. Idag fick vi en &#8221;l\u00e4xa&#8221; att g\u00f6ra hemma. Den handlar om ens egen kost och h\u00e4lsa. Jag har ju redan min strategi klar eftersom jag t\u00e4nker mycket p\u00e5 det i min vardag. Just nu \u00e4ter jag tyv\u00e4rr inte riktigt som jag vill (LCHF [&hellip;]<\/p>\n","protected":false},"author":1,"featured_media":0,"comment_status":"open","ping_status":"open","sticky":false,"template":"","format":"standard","meta":{"ngg_post_thumbnail":0},"categories":[31,18,6],"tags":[],"_links":{"self":[{"href":"https:\/\/ulliso.se\/blog\/index.php?rest_route=\/wp\/v2\/posts\/4062"}],"collection":[{"href":"https:\/\/ulliso.se\/blog\/index.php?rest_route=\/wp\/v2\/posts"}],"about":[{"href":"https:\/\/ulliso.se\/blog\/index.php?rest_route=\/wp\/v2\/types\/post"}],"author":[{"embeddable":true,"href":"https:\/\/ulliso.se\/blog\/index.php?rest_route=\/wp\/v2\/users\/1"}],"replies":[{"embeddable":true,"href":"https:\/\/ulliso.se\/blog\/index.php?rest_route=%2Fwp%2Fv2%2Fcomments&post=4062"}],"version-history":[{"count":1,"href":"https:\/\/ulliso.se\/blog\/index.php?rest_route=\/wp\/v2\/posts\/4062\/revisions"}],"predecessor-version":[{"id":4064,"href":"https:\/\/ulliso.se\/blog\/index.php?rest_route=\/wp\/v2\/posts\/4062\/revisions\/4064"}],"wp:attachment":[{"href":"https:\/\/ulliso.se\/blog\/index.php?rest_route=%2Fwp%2Fv2%2Fmedia&parent=4062"}],"wp:term":[{"taxonomy":"category","embeddable":true,"href":"https:\/\/ulliso.se\/blog\/index.php?rest_route=%2Fwp%2Fv2%2Fcategories&post=4062"},{"taxonomy":"post_tag","embeddable":true,"href":"https:\/\/ulliso.se\/blog\/index.php?rest_route=%2Fwp%2Fv2%2Ftags&post=4062"}],"curies":[{"name":"wp","href":"https:\/\/api.w.org\/{rel}","templated":true}]}}