{"id":410,"date":"2009-11-08T13:57:37","date_gmt":"2009-11-08T12:57:37","guid":{"rendered":"http:\/\/ulliso.se\/blog\/?p=410"},"modified":"2009-12-07T02:17:45","modified_gmt":"2009-12-07T01:17:45","slug":"svarta-linjer","status":"publish","type":"post","link":"https:\/\/ulliso.se\/blog\/?p=410","title":{"rendered":"Svarta linjer"},"content":{"rendered":"<p><span>Svarta linjer<br \/>\ndet \u00e4r allt jag ser<\/p>\n<p>Svarta linjer<br \/>\nsom h\u00e5ller oss tv\u00e5 kvar<br \/>\ni v\u00e5r bur<\/p>\n<p>Svarta linjer<br \/>\ndet \u00e4r allt vi har<\/p>\n<p>Svarta linjer<br \/>\nminns du hur det var<br \/>\nden d\u00e4r vintern<\/p>\n<p>Svarta linjer<br \/>\n-vad du \u00e4n g\u00f6r, t\u00e4nk dig alltid f\u00f6r<br \/>\nen askgr\u00e5 horisont<br \/>\n-t\u00e4nk dig f\u00f6r, t\u00e4nk p\u00e5 vad du g\u00f6r<\/p>\n<p>Svarta linjer,<br \/>\n-allt har ett pris, t\u00e4nk dig alltid f\u00f6r<br \/>\nsom sp\u00e5rljus \u00f6ver stan<br \/>\n-t\u00e4nk dig f\u00f6r, t\u00e4nk dig alltid f\u00f6r<br \/>\nkommer v\u00e5ren<\/p>\n<p><em>Svarta linjer<br \/>\n-m\u00e5ste t\u00e4nka fram\u00e5t, m\u00e5ste t\u00e4nka stort<br \/>\njag h\u00e4nger envist kvar<br \/>\n-m\u00e5ste bli n\u00e5nting, m\u00e5ste f\u00e5 n\u00e5t gjort<\/em><\/p>\n<p>Svarta linjer<br \/>\n-t\u00e4nk dig f\u00f6r, t\u00e4nk dig alltid f\u00f6r<br \/>\nvi ljuger som sm\u00e5 barn<br \/>\n-vad du \u00e4n g\u00f6r, s\u00e5 t\u00e4nk dig alltid f\u00f6r<br \/>\nsl\u00e5r ifr\u00e5n oss<br \/>\nsvarta linjer<\/p>\n<p>Vita linjer<br \/>\n-vad du \u00e4n g\u00f6r, t\u00e4nk dig alltid f\u00f6r<br \/>\ni en tunnel ser jag ljus<br \/>\n-t\u00e4nk dig f\u00f6r, t\u00e4nk p\u00e5 vad du g\u00f6r<\/p>\n<p>Vita linjer<br \/>\n-allt har ett pris, t\u00e4nk dig alltid f\u00f6r<br \/>\nsom ett spikrakt sp\u00e5r mot gud<br \/>\n-t\u00e4nk dig f\u00f6r, t\u00e4nk p\u00e5 vad du g\u00f6r<br \/>\nom man tror p\u00e5 s\u00e5nt<\/p>\n<p>Vita linjer<br \/>\n-m\u00e5ste t\u00e4nka fram\u00e5t, m\u00e5ste t\u00e4nka stort<br \/>\ndom leder ingenstans<br \/>\n-m\u00e5ste bli n\u00e5nting, m\u00e5ste f\u00e5 n\u00e5t gjort<\/p>\n<p>Vita linjer<br \/>\n-t\u00e4nk dig f\u00f6r, t\u00e4nk dig alltid f\u00f6r<br \/>\nvi har en mikroskopisk chans<br \/>\n-allt har ett pris, t\u00e4nk dig alltid f\u00f6r<br \/>\n<em>att bli gamla tillsammans<\/em> <\/span><\/p>\n<p><a href=\"http:\/\/www.youtube.com\/watch?v=PA7GhAF54LM\" target=\"_blank\">Kent &#8211; Svarta linjer<\/a><\/p>\n","protected":false},"excerpt":{"rendered":"<p>Svarta linjer det \u00e4r allt jag ser Svarta linjer som h\u00e5ller oss tv\u00e5 kvar i v\u00e5r bur Svarta linjer det \u00e4r allt vi har Svarta linjer minns du hur det var den d\u00e4r vintern Svarta linjer -vad du \u00e4n g\u00f6r, t\u00e4nk dig alltid f\u00f6r en askgr\u00e5 horisont -t\u00e4nk dig f\u00f6r, t\u00e4nk p\u00e5 vad du g\u00f6r [&hellip;]<\/p>\n","protected":false},"author":1,"featured_media":0,"comment_status":"open","ping_status":"open","sticky":false,"template":"","format":"standard","meta":{"ngg_post_thumbnail":0},"categories":[12],"tags":[],"_links":{"self":[{"href":"https:\/\/ulliso.se\/blog\/index.php?rest_route=\/wp\/v2\/posts\/410"}],"collection":[{"href":"https:\/\/ulliso.se\/blog\/index.php?rest_route=\/wp\/v2\/posts"}],"about":[{"href":"https:\/\/ulliso.se\/blog\/index.php?rest_route=\/wp\/v2\/types\/post"}],"author":[{"embeddable":true,"href":"https:\/\/ulliso.se\/blog\/index.php?rest_route=\/wp\/v2\/users\/1"}],"replies":[{"embeddable":true,"href":"https:\/\/ulliso.se\/blog\/index.php?rest_route=%2Fwp%2Fv2%2Fcomments&post=410"}],"version-history":[{"count":2,"href":"https:\/\/ulliso.se\/blog\/index.php?rest_route=\/wp\/v2\/posts\/410\/revisions"}],"predecessor-version":[{"id":528,"href":"https:\/\/ulliso.se\/blog\/index.php?rest_route=\/wp\/v2\/posts\/410\/revisions\/528"}],"wp:attachment":[{"href":"https:\/\/ulliso.se\/blog\/index.php?rest_route=%2Fwp%2Fv2%2Fmedia&parent=410"}],"wp:term":[{"taxonomy":"category","embeddable":true,"href":"https:\/\/ulliso.se\/blog\/index.php?rest_route=%2Fwp%2Fv2%2Fcategories&post=410"},{"taxonomy":"post_tag","embeddable":true,"href":"https:\/\/ulliso.se\/blog\/index.php?rest_route=%2Fwp%2Fv2%2Ftags&post=410"}],"curies":[{"name":"wp","href":"https:\/\/api.w.org\/{rel}","templated":true}]}}