{"id":4174,"date":"2013-03-26T22:54:10","date_gmt":"2013-03-26T21:54:10","guid":{"rendered":"http:\/\/ulliso.se\/blog\/?p=4174"},"modified":"2013-03-26T22:56:09","modified_gmt":"2013-03-26T21:56:09","slug":"59-av-100-tisdag","status":"publish","type":"post","link":"https:\/\/ulliso.se\/blog\/?p=4174","title":{"rendered":"59 av 100 &#8211; tisdag"},"content":{"rendered":"<p>Har precis renskrivit lite anteckningar om LCHF h\u00e4r p\u00e5 datorn. Jag och mina klasskompisar ska ber\u00e4tta om olika koster och sjukhuskoster. Min grupp ska ber\u00e4tta om LCHF, Atkins, raw food, gelekost, A-kost och E-kost. Vi ska redovisa detta inf\u00f6r de andra i klassen.<\/p>\n<p>En klasskamrat fyllde \u00e5r idag och bj\u00f6d p\u00e5 fika. Jag t\u00e4nkte att hon kanske skulle bjuda p\u00e5 n\u00e5got som inneh\u00f6ll en massa gluten och att jag d\u00e5 t\u00e4nkte avst\u00e5 det.\u00a0\u00a0<strong>MEN!<\/strong> Hon hade bakat en kaka s\u00e4rskilt till mig och en annan tjej med laktosintolerans! :) Jag \u00e4r verkligen inte van att folk g\u00f6r s\u00e5nt extra f\u00f6r lilla mig. Det normala \u00e4r att jag antingen f\u00e5r avst\u00e5 n\u00e5got med gluten i, eller \u00e4ta det, men d\u00e5 med magont i flera dagar som f\u00f6ljd. Jag blev s\u00e5 glad och r\u00f6rd \u00f6ver hennes omtanke. &lt;3 Det kanske \u00e4r en liten sak f\u00f6r andra, men f\u00f6r mig var det stort! Jag har verkligen en j\u00e4ttebra klass! En annan av mina klasskamrater brukar ge oss andra axelmassage.<\/p>\n<p><a href=\"https:\/\/ulliso.se\/blog\/wp-content\/uploads\/2013\/03\/bild.jpg\"><img loading=\"lazy\" class=\"alignnone size-medium wp-image-4176\" alt=\"bild\" src=\"https:\/\/ulliso.se\/blog\/wp-content\/uploads\/2013\/03\/bild-300x237.jpg\" width=\"300\" height=\"237\" srcset=\"https:\/\/ulliso.se\/blog\/wp-content\/uploads\/2013\/03\/bild-300x237.jpg 300w, https:\/\/ulliso.se\/blog\/wp-content\/uploads\/2013\/03\/bild.jpg 1000w\" sizes=\"(max-width: 300px) 100vw, 300px\" \/><\/a><\/p>\n<p>&nbsp;<\/p>\n<p>P\u00e5 tal om att baka s\u00e5 har sonen (17 \u00e5r) och tv\u00e5 av hans klasskamrater varit h\u00e4r hemma och bakat 2 kladdkakor idag. De har ett projekt i skolan och d\u00e5 ska de s\u00e4lja dessa tv\u00e5 kladdkakor i skolcafeterian. \u00a0De har f\u00e5tt pengar av skolan till ingredienserna och sedan har de g\u00e5tt till aff\u00e4ren och handlat.<\/p>\n<p>&nbsp;<\/p>\n<p>Har \u00e4ven varit p\u00e5 utvecklingssamtal f\u00f6r sonen idag, allt g\u00e5r bara bra d\u00e4r. Jag har s\u00e5 duktiga barn!<\/p>\n<p>Nu ska jag strax g\u00e5 och l\u00e4gga mig h\u00e4r. Klockan b\u00f6rjar bli f\u00f6r mycket igen.<\/p>\n","protected":false},"excerpt":{"rendered":"<p>Har precis renskrivit lite anteckningar om LCHF h\u00e4r p\u00e5 datorn. Jag och mina klasskompisar ska ber\u00e4tta om olika koster och sjukhuskoster. Min grupp ska ber\u00e4tta om LCHF, Atkins, raw food, gelekost, A-kost och E-kost. Vi ska redovisa detta inf\u00f6r de andra i klassen. En klasskamrat fyllde \u00e5r idag och bj\u00f6d p\u00e5 fika. Jag t\u00e4nkte att [&hellip;]<\/p>\n","protected":false},"author":1,"featured_media":0,"comment_status":"open","ping_status":"open","sticky":false,"template":"","format":"standard","meta":{"ngg_post_thumbnail":0},"categories":[31,6],"tags":[],"_links":{"self":[{"href":"https:\/\/ulliso.se\/blog\/index.php?rest_route=\/wp\/v2\/posts\/4174"}],"collection":[{"href":"https:\/\/ulliso.se\/blog\/index.php?rest_route=\/wp\/v2\/posts"}],"about":[{"href":"https:\/\/ulliso.se\/blog\/index.php?rest_route=\/wp\/v2\/types\/post"}],"author":[{"embeddable":true,"href":"https:\/\/ulliso.se\/blog\/index.php?rest_route=\/wp\/v2\/users\/1"}],"replies":[{"embeddable":true,"href":"https:\/\/ulliso.se\/blog\/index.php?rest_route=%2Fwp%2Fv2%2Fcomments&post=4174"}],"version-history":[{"count":2,"href":"https:\/\/ulliso.se\/blog\/index.php?rest_route=\/wp\/v2\/posts\/4174\/revisions"}],"predecessor-version":[{"id":4178,"href":"https:\/\/ulliso.se\/blog\/index.php?rest_route=\/wp\/v2\/posts\/4174\/revisions\/4178"}],"wp:attachment":[{"href":"https:\/\/ulliso.se\/blog\/index.php?rest_route=%2Fwp%2Fv2%2Fmedia&parent=4174"}],"wp:term":[{"taxonomy":"category","embeddable":true,"href":"https:\/\/ulliso.se\/blog\/index.php?rest_route=%2Fwp%2Fv2%2Fcategories&post=4174"},{"taxonomy":"post_tag","embeddable":true,"href":"https:\/\/ulliso.se\/blog\/index.php?rest_route=%2Fwp%2Fv2%2Ftags&post=4174"}],"curies":[{"name":"wp","href":"https:\/\/api.w.org\/{rel}","templated":true}]}}