{"id":4256,"date":"2013-04-01T21:57:06","date_gmt":"2013-04-01T19:57:06","guid":{"rendered":"http:\/\/ulliso.se\/blog\/?p=4256"},"modified":"2013-04-01T21:57:34","modified_gmt":"2013-04-01T19:57:34","slug":"dag-67-av-100-pasken-i-text-bilder","status":"publish","type":"post","link":"https:\/\/ulliso.se\/blog\/?p=4256","title":{"rendered":"Dag 66 av 100 &#8211; p\u00e5sken i text &#038; bilder"},"content":{"rendered":"<p>Nu \u00e4r d\u00e5 snart p\u00e5sken \u00f6ver. Vi har haft 5 hellediga dagar tillsammans i familjen. Inte dumt. Hela p\u00e5sken har varit solig! H\u00e4rligt!<\/p>\n<p><em>Sk\u00e4rtorsdagen:<\/em> Vi var i K\u00e5bdalis och i Jokkmokk. Bilder d\u00e4rifr\u00e5n har ni ju redan f\u00e5tt se.<\/p>\n<p>L\u00e5ngfredagen: Jonas hade namnsdag och fick ett fint kort av Emmy. Jag hade ont i huvudet denna dagen s\u00e5 vi gjorde inte mycket alls. Vi var iallafall och handlade middagsmat.<\/p>\n<p><em>P\u00e5skafton:<\/em> Vi var ute p\u00e5 Furun\u00e4set och fotade lite. Jag bad Emmy att g\u00e5 upp p\u00e5 en liten kulle f\u00f6r att jag skulle kunna fota henne. D\u00e5 halkade hon p\u00e5 isen och slog i huvudet. Men hon tuppade inte av eller s\u00e5. Jag h\u00f6ll noga koll p\u00e5 henne under dagen. Men hon blev inte d\u00e5lig (hon hade ju kunnat f\u00e5tt en liten hj\u00e4rnskakning om vi haft otur). Ringde 1177 och dubbelkollade med dem men de tyckte inte att det l\u00e4t s\u00e5 farligt. S\u00e5g ett norrsken, men tyv\u00e4rr s\u00e5 f\u00f6rsvann det snabbt.<\/p>\n<p><em>P\u00e5skdagen:<\/em> P\u00e5 morgonen sa Emmy att hon hade lite mer ont i huvudet och i nacken s\u00e5 jag ringde 1177 igen. Hon tyckte inte att det l\u00e4t s\u00e5 farligt idag heller, men sa att jag kunde \u00e5ka till akuten om jag var orolig. Jag valde att g\u00e5 dit med Emmy (ja, <em>g\u00e5<\/em>, vi har bara ca 200 meter dit). L\u00e4karen s\u00e5g inga fel, men k\u00e4nde att Emmy var stel i nacken. Nackmusklerna hade s\u00e4kerligen belastats extra i fallet. P\u00e5 eftermiddagen \u00e5kte vi ut i solen en sv\u00e4ng samt handlade lite.<\/p>\n<p><em>Annandag p\u00e5sk:<\/em> En varm dag. Vi var ute p\u00e5 Gl\u00e4ntan och solade och fotade. Handlade lite p\u00e5 Ica Kvantum inf\u00f6r veckans middagar. Jag har handlat en hel del p\u00e5 Coop under dessa \u00e5ren jag bott h\u00e4r, men nu bojkottar jag dem s\u00e5 mycket jag kan faktiskt. De har blivit s\u00e5 d\u00e5liga p\u00e5 att h\u00e5lla ett bra sortiment. Saker \u00e4r ofta slut och det \u00e4r ofta ofr\u00e4scha frukter och gr\u00f6nsaker. S\u00e5 d\u00e4rf\u00f6r handlar jag mest p\u00e5 Ica Kvantum. Saknar dock ett Ica Maxi h\u00e4r. Oj, nu gled jag visst fr\u00e5n \u00e4mnet lite&#8230;.<\/p>\n<p>Bilderna d\u00e5:<\/p>\n<!-- index.php -->\n<div\n\tclass=\"ngg-galleryoverview ngg-ajax-pagination-none\"\n\tid=\"ngg-gallery-750a843a08da63b3d8ec886e1e935fc4-1\">\n\n    \t<div class=\"slideshowlink\">\n        <a href='https:\/\/ulliso.se\/blog\/index.php\/nggallery\/slideshow?p=4256'>[Show as slideshow]<\/a>\n\t\t\n\t<\/div>\n\t\t\t<!-- Thumbnails -->\n\t\t\t\t<div id=\"ngg-image-0\" class=\"ngg-gallery-thumbnail-box\" >\n\t\t\t\t        <div class=\"ngg-gallery-thumbnail\">\n            <a href=\"https:\/\/ulliso.se\/blog\/wp-content\/gallery\/pask\/img_2339.jpg\"\n               title=\"Jag fixar p\u00e5sk\u00e4gg till familjen.\"\n               data-src=\"https:\/\/ulliso.se\/blog\/wp-content\/gallery\/pask\/img_2339.jpg\"\n               data-thumbnail=\"https:\/\/ulliso.se\/blog\/wp-content\/gallery\/pask\/thumbs\/thumbs_img_2339.jpg\"\n               data-image-id=\"637\"\n               data-title=\"img_2339\"\n               data-description=\"Jag fixar p\u00e5sk\u00e4gg till familjen.\"\n               data-image-slug=\"img_2339\"\n               class=\"shutterset_750a843a08da63b3d8ec886e1e935fc4\">\n                <img\n                    title=\"img_2339\"\n                    alt=\"img_2339\"\n                    src=\"https:\/\/ulliso.se\/blog\/wp-content\/gallery\/pask\/thumbs\/thumbs_img_2339.jpg\"\n                    width=\"100\"\n                    height=\"75\"\n                    style=\"max-width:100%;\"\n                \/>\n            <\/a>\n        <\/div>\n\t\t\t\t\t\t\t<\/div> \n\t\t\t\n        \n\t\t\t\t<div id=\"ngg-image-1\" class=\"ngg-gallery-thumbnail-box\" >\n\t\t\t\t        <div class=\"ngg-gallery-thumbnail\">\n            <a href=\"https:\/\/ulliso.se\/blog\/wp-content\/gallery\/pask\/img_2347.jpg\"\n               title=\"11 grader!\"\n               data-src=\"https:\/\/ulliso.se\/blog\/wp-content\/gallery\/pask\/img_2347.jpg\"\n               data-thumbnail=\"https:\/\/ulliso.se\/blog\/wp-content\/gallery\/pask\/thumbs\/thumbs_img_2347.jpg\"\n               data-image-id=\"638\"\n               data-title=\"img_2347\"\n               data-description=\"11 grader!\"\n               data-image-slug=\"img_2347\"\n               class=\"shutterset_750a843a08da63b3d8ec886e1e935fc4\">\n                <img\n                    title=\"img_2347\"\n                    alt=\"img_2347\"\n                    src=\"https:\/\/ulliso.se\/blog\/wp-content\/gallery\/pask\/thumbs\/thumbs_img_2347.jpg\"\n                    width=\"100\"\n                    height=\"75\"\n                    style=\"max-width:100%;\"\n                \/>\n            <\/a>\n        <\/div>\n\t\t\t\t\t\t\t<\/div> \n\t\t\t\n        \n\t\t\t\t<div id=\"ngg-image-2\" class=\"ngg-gallery-thumbnail-box\" >\n\t\t\t\t        <div class=\"ngg-gallery-thumbnail\">\n            <a href=\"https:\/\/ulliso.se\/blog\/wp-content\/gallery\/pask\/img_2354.jpg\"\n               title=\"SOL!\"\n               data-src=\"https:\/\/ulliso.se\/blog\/wp-content\/gallery\/pask\/img_2354.jpg\"\n               data-thumbnail=\"https:\/\/ulliso.se\/blog\/wp-content\/gallery\/pask\/thumbs\/thumbs_img_2354.jpg\"\n               data-image-id=\"639\"\n               data-title=\"img_2354\"\n               data-description=\"SOL!\"\n               data-image-slug=\"img_2354\"\n               class=\"shutterset_750a843a08da63b3d8ec886e1e935fc4\">\n                <img\n                    title=\"img_2354\"\n                    alt=\"img_2354\"\n                    src=\"https:\/\/ulliso.se\/blog\/wp-content\/gallery\/pask\/thumbs\/thumbs_img_2354.jpg\"\n                    width=\"100\"\n                    height=\"75\"\n                    style=\"max-width:100%;\"\n                \/>\n            <\/a>\n        <\/div>\n\t\t\t\t\t\t\t<\/div> \n\t\t\t\n        \n\t\t\t\t<div id=\"ngg-image-3\" class=\"ngg-gallery-thumbnail-box\" >\n\t\t\t\t        <div class=\"ngg-gallery-thumbnail\">\n            <a href=\"https:\/\/ulliso.se\/blog\/wp-content\/gallery\/pask\/img_2355.jpg\"\n               title=\"Skoter och Kappa.\"\n               data-src=\"https:\/\/ulliso.se\/blog\/wp-content\/gallery\/pask\/img_2355.jpg\"\n               data-thumbnail=\"https:\/\/ulliso.se\/blog\/wp-content\/gallery\/pask\/thumbs\/thumbs_img_2355.jpg\"\n               data-image-id=\"640\"\n               data-title=\"img_2355\"\n               data-description=\"Skoter och Kappa.\"\n               data-image-slug=\"img_2355\"\n               class=\"shutterset_750a843a08da63b3d8ec886e1e935fc4\">\n                <img\n                    title=\"img_2355\"\n                    alt=\"img_2355\"\n                    src=\"https:\/\/ulliso.se\/blog\/wp-content\/gallery\/pask\/thumbs\/thumbs_img_2355.jpg\"\n                    width=\"100\"\n                    height=\"75\"\n                    style=\"max-width:100%;\"\n                \/>\n            <\/a>\n        <\/div>\n\t\t\t\t\t\t\t<\/div> \n\t\t\t\n        \n\t\t\t\t<div id=\"ngg-image-4\" class=\"ngg-gallery-thumbnail-box\" >\n\t\t\t\t        <div class=\"ngg-gallery-thumbnail\">\n            <a href=\"https:\/\/ulliso.se\/blog\/wp-content\/gallery\/pask\/img_2371.jpg\"\n               title=\"P\u00e5skaftonsmiddag: tzatziki, klyftpotatis, fl\u00e4skfile och halloumi.\"\n               data-src=\"https:\/\/ulliso.se\/blog\/wp-content\/gallery\/pask\/img_2371.jpg\"\n               data-thumbnail=\"https:\/\/ulliso.se\/blog\/wp-content\/gallery\/pask\/thumbs\/thumbs_img_2371.jpg\"\n               data-image-id=\"641\"\n               data-title=\"img_2371\"\n               data-description=\"P\u00e5skaftonsmiddag: tzatziki, klyftpotatis, fl\u00e4skfile och halloumi.\"\n               data-image-slug=\"img_2371\"\n               class=\"shutterset_750a843a08da63b3d8ec886e1e935fc4\">\n                <img\n                    title=\"img_2371\"\n                    alt=\"img_2371\"\n                    src=\"https:\/\/ulliso.se\/blog\/wp-content\/gallery\/pask\/thumbs\/thumbs_img_2371.jpg\"\n                    width=\"100\"\n                    height=\"75\"\n                    style=\"max-width:100%;\"\n                \/>\n            <\/a>\n        <\/div>\n\t\t\t\t\t\t\t<\/div> \n\t\t\t\n        \n\t\t\t\t<div id=\"ngg-image-5\" class=\"ngg-gallery-thumbnail-box\" >\n\t\t\t\t        <div class=\"ngg-gallery-thumbnail\">\n            <a href=\"https:\/\/ulliso.se\/blog\/wp-content\/gallery\/pask\/img_2372.jpg\"\n               title=\"Solnedg\u00e5ng \u00f6ver stan.\"\n               data-src=\"https:\/\/ulliso.se\/blog\/wp-content\/gallery\/pask\/img_2372.jpg\"\n               data-thumbnail=\"https:\/\/ulliso.se\/blog\/wp-content\/gallery\/pask\/thumbs\/thumbs_img_2372.jpg\"\n               data-image-id=\"642\"\n               data-title=\"img_2372\"\n               data-description=\"Solnedg\u00e5ng \u00f6ver stan.\"\n               data-image-slug=\"img_2372\"\n               class=\"shutterset_750a843a08da63b3d8ec886e1e935fc4\">\n                <img\n                    title=\"img_2372\"\n                    alt=\"img_2372\"\n                    src=\"https:\/\/ulliso.se\/blog\/wp-content\/gallery\/pask\/thumbs\/thumbs_img_2372.jpg\"\n                    width=\"100\"\n                    height=\"75\"\n                    style=\"max-width:100%;\"\n                \/>\n            <\/a>\n        <\/div>\n\t\t\t\t\t\t\t<\/div> \n\t\t\t\n        \n\t\t\t\t<div id=\"ngg-image-6\" class=\"ngg-gallery-thumbnail-box\" >\n\t\t\t\t        <div class=\"ngg-gallery-thumbnail\">\n            <a href=\"https:\/\/ulliso.se\/blog\/wp-content\/gallery\/pask\/img_2377.jpg\"\n               title=\"Emmy har gjort ett namnsdags-grattiskort till Jonas.\"\n               data-src=\"https:\/\/ulliso.se\/blog\/wp-content\/gallery\/pask\/img_2377.jpg\"\n               data-thumbnail=\"https:\/\/ulliso.se\/blog\/wp-content\/gallery\/pask\/thumbs\/thumbs_img_2377.jpg\"\n               data-image-id=\"643\"\n               data-title=\"img_2377\"\n               data-description=\"Emmy har gjort ett namnsdags-grattiskort till Jonas.\"\n               data-image-slug=\"img_2377\"\n               class=\"shutterset_750a843a08da63b3d8ec886e1e935fc4\">\n                <img\n                    title=\"img_2377\"\n                    alt=\"img_2377\"\n                    src=\"https:\/\/ulliso.se\/blog\/wp-content\/gallery\/pask\/thumbs\/thumbs_img_2377.jpg\"\n                    width=\"100\"\n                    height=\"75\"\n                    style=\"max-width:100%;\"\n                \/>\n            <\/a>\n        <\/div>\n\t\t\t\t\t\t\t<\/div> \n\t\t\t\n        \n\t\t\t\t<div id=\"ngg-image-7\" class=\"ngg-gallery-thumbnail-box\" >\n\t\t\t\t        <div class=\"ngg-gallery-thumbnail\">\n            <a href=\"https:\/\/ulliso.se\/blog\/wp-content\/gallery\/pask\/img_2402.jpg\"\n               title=\"\\&quot;Heta Hyttan\\&quot; hade st\u00e4ngt idag.\"\n               data-src=\"https:\/\/ulliso.se\/blog\/wp-content\/gallery\/pask\/img_2402.jpg\"\n               data-thumbnail=\"https:\/\/ulliso.se\/blog\/wp-content\/gallery\/pask\/thumbs\/thumbs_img_2402.jpg\"\n               data-image-id=\"644\"\n               data-title=\"img_2402\"\n               data-description=\"&quot;Heta Hyttan&quot; hade st\u00e4ngt idag.\"\n               data-image-slug=\"img_2402\"\n               class=\"shutterset_750a843a08da63b3d8ec886e1e935fc4\">\n                <img\n                    title=\"img_2402\"\n                    alt=\"img_2402\"\n                    src=\"https:\/\/ulliso.se\/blog\/wp-content\/gallery\/pask\/thumbs\/thumbs_img_2402.jpg\"\n                    width=\"100\"\n                    height=\"75\"\n                    style=\"max-width:100%;\"\n                \/>\n            <\/a>\n        <\/div>\n\t\t\t\t\t\t\t<\/div> \n\t\t\t\n        \n\t\t\t\t<div id=\"ngg-image-8\" class=\"ngg-gallery-thumbnail-box\" >\n\t\t\t\t        <div class=\"ngg-gallery-thumbnail\">\n            <a href=\"https:\/\/ulliso.se\/blog\/wp-content\/gallery\/pask\/img_2413.jpg\"\n               title=\"P\u00e5skdagens middag: Tacos. Detta \u00e4r min tacotallrik. Jag \u00e4ter, som ni s\u00e4kert vet vid det h\u00e4r laget, tacos utan br\u00f6d. Det \u00e4r dessutom s\u00e5\u00e5\u00e5 mycket godare utan \u00e4n _med_ br\u00f6d.\"\n               data-src=\"https:\/\/ulliso.se\/blog\/wp-content\/gallery\/pask\/img_2413.jpg\"\n               data-thumbnail=\"https:\/\/ulliso.se\/blog\/wp-content\/gallery\/pask\/thumbs\/thumbs_img_2413.jpg\"\n               data-image-id=\"645\"\n               data-title=\"img_2413\"\n               data-description=\"P\u00e5skdagens middag: Tacos. Detta \u00e4r min tacotallrik. Jag \u00e4ter, som ni s\u00e4kert vet vid det h\u00e4r laget, tacos utan br\u00f6d. Det \u00e4r dessutom s\u00e5\u00e5\u00e5 mycket godare utan \u00e4n _med_ br\u00f6d.\"\n               data-image-slug=\"img_2413\"\n               class=\"shutterset_750a843a08da63b3d8ec886e1e935fc4\">\n                <img\n                    title=\"img_2413\"\n                    alt=\"img_2413\"\n                    src=\"https:\/\/ulliso.se\/blog\/wp-content\/gallery\/pask\/thumbs\/thumbs_img_2413.jpg\"\n                    width=\"100\"\n                    height=\"75\"\n                    style=\"max-width:100%;\"\n                \/>\n            <\/a>\n        <\/div>\n\t\t\t\t\t\t\t<\/div> \n\t\t\t\n        \n\t\t\t\t<div id=\"ngg-image-9\" class=\"ngg-gallery-thumbnail-box\" >\n\t\t\t\t        <div class=\"ngg-gallery-thumbnail\">\n            <a href=\"https:\/\/ulliso.se\/blog\/wp-content\/gallery\/pask\/img_2420.jpg\"\n               title=\"Ostkaka med gr\u00e4dde och jordgubbssylt.\"\n               data-src=\"https:\/\/ulliso.se\/blog\/wp-content\/gallery\/pask\/img_2420.jpg\"\n               data-thumbnail=\"https:\/\/ulliso.se\/blog\/wp-content\/gallery\/pask\/thumbs\/thumbs_img_2420.jpg\"\n               data-image-id=\"646\"\n               data-title=\"img_2420\"\n               data-description=\"Ostkaka med gr\u00e4dde och jordgubbssylt.\"\n               data-image-slug=\"img_2420\"\n               class=\"shutterset_750a843a08da63b3d8ec886e1e935fc4\">\n                <img\n                    title=\"img_2420\"\n                    alt=\"img_2420\"\n                    src=\"https:\/\/ulliso.se\/blog\/wp-content\/gallery\/pask\/thumbs\/thumbs_img_2420.jpg\"\n                    width=\"100\"\n                    height=\"75\"\n                    style=\"max-width:100%;\"\n                \/>\n            <\/a>\n        <\/div>\n\t\t\t\t\t\t\t<\/div> \n\t\t\t\n        \n\t\t\t\t<div id=\"ngg-image-10\" class=\"ngg-gallery-thumbnail-box\" >\n\t\t\t\t        <div class=\"ngg-gallery-thumbnail\">\n            <a href=\"https:\/\/ulliso.se\/blog\/wp-content\/gallery\/pask\/img_2452.jpg\"\n               title=\"Emmy leker bageri.\"\n               data-src=\"https:\/\/ulliso.se\/blog\/wp-content\/gallery\/pask\/img_2452.jpg\"\n               data-thumbnail=\"https:\/\/ulliso.se\/blog\/wp-content\/gallery\/pask\/thumbs\/thumbs_img_2452.jpg\"\n               data-image-id=\"647\"\n               data-title=\"img_2452\"\n               data-description=\"Emmy leker bageri.\"\n               data-image-slug=\"img_2452\"\n               class=\"shutterset_750a843a08da63b3d8ec886e1e935fc4\">\n                <img\n                    title=\"img_2452\"\n                    alt=\"img_2452\"\n                    src=\"https:\/\/ulliso.se\/blog\/wp-content\/gallery\/pask\/thumbs\/thumbs_img_2452.jpg\"\n                    width=\"100\"\n                    height=\"75\"\n                    style=\"max-width:100%;\"\n                \/>\n            <\/a>\n        <\/div>\n\t\t\t\t\t\t\t<\/div> \n\t\t\t\n        \n\t\t\t\t<div id=\"ngg-image-11\" class=\"ngg-gallery-thumbnail-box\" >\n\t\t\t\t        <div class=\"ngg-gallery-thumbnail\">\n            <a href=\"https:\/\/ulliso.se\/blog\/wp-content\/gallery\/pask\/img_2479.jpg\"\n               title=\"Emmy leker.\"\n               data-src=\"https:\/\/ulliso.se\/blog\/wp-content\/gallery\/pask\/img_2479.jpg\"\n               data-thumbnail=\"https:\/\/ulliso.se\/blog\/wp-content\/gallery\/pask\/thumbs\/thumbs_img_2479.jpg\"\n               data-image-id=\"648\"\n               data-title=\"img_2479\"\n               data-description=\"Emmy leker.\"\n               data-image-slug=\"img_2479\"\n               class=\"shutterset_750a843a08da63b3d8ec886e1e935fc4\">\n                <img\n                    title=\"img_2479\"\n                    alt=\"img_2479\"\n                    src=\"https:\/\/ulliso.se\/blog\/wp-content\/gallery\/pask\/thumbs\/thumbs_img_2479.jpg\"\n                    width=\"100\"\n                    height=\"75\"\n                    style=\"max-width:100%;\"\n                \/>\n            <\/a>\n        <\/div>\n\t\t\t\t\t\t\t<\/div> \n\t\t\t\n        \n\t\t\t\t<div id=\"ngg-image-12\" class=\"ngg-gallery-thumbnail-box\" >\n\t\t\t\t        <div class=\"ngg-gallery-thumbnail\">\n            <a href=\"https:\/\/ulliso.se\/blog\/wp-content\/gallery\/pask\/img_2499.jpg\"\n               title=\"Is.\"\n               data-src=\"https:\/\/ulliso.se\/blog\/wp-content\/gallery\/pask\/img_2499.jpg\"\n               data-thumbnail=\"https:\/\/ulliso.se\/blog\/wp-content\/gallery\/pask\/thumbs\/thumbs_img_2499.jpg\"\n               data-image-id=\"649\"\n               data-title=\"img_2499\"\n               data-description=\"Is.\"\n               data-image-slug=\"img_2499\"\n               class=\"shutterset_750a843a08da63b3d8ec886e1e935fc4\">\n                <img\n                    title=\"img_2499\"\n                    alt=\"img_2499\"\n                    src=\"https:\/\/ulliso.se\/blog\/wp-content\/gallery\/pask\/thumbs\/thumbs_img_2499.jpg\"\n                    width=\"100\"\n                    height=\"75\"\n                    style=\"max-width:100%;\"\n                \/>\n            <\/a>\n        <\/div>\n\t\t\t\t\t\t\t<\/div> \n\t\t\t\n        \n\t\t\t\t<div id=\"ngg-image-13\" class=\"ngg-gallery-thumbnail-box\" >\n\t\t\t\t        <div class=\"ngg-gallery-thumbnail\">\n            <a href=\"https:\/\/ulliso.se\/blog\/wp-content\/gallery\/pask\/img_2529.jpg\"\n               title=\"Liten sn\u00f6boll fotad ur grodperspektiv.\"\n               data-src=\"https:\/\/ulliso.se\/blog\/wp-content\/gallery\/pask\/img_2529.jpg\"\n               data-thumbnail=\"https:\/\/ulliso.se\/blog\/wp-content\/gallery\/pask\/thumbs\/thumbs_img_2529.jpg\"\n               data-image-id=\"650\"\n               data-title=\"img_2529\"\n               data-description=\"Liten sn\u00f6boll fotad ur grodperspektiv.\"\n               data-image-slug=\"img_2529\"\n               class=\"shutterset_750a843a08da63b3d8ec886e1e935fc4\">\n                <img\n                    title=\"img_2529\"\n                    alt=\"img_2529\"\n                    src=\"https:\/\/ulliso.se\/blog\/wp-content\/gallery\/pask\/thumbs\/thumbs_img_2529.jpg\"\n                    width=\"100\"\n                    height=\"75\"\n                    style=\"max-width:100%;\"\n                \/>\n            <\/a>\n        <\/div>\n\t\t\t\t\t\t\t<\/div> \n\t\t\t\n        \n\t\t\t\t<div id=\"ngg-image-14\" class=\"ngg-gallery-thumbnail-box\" >\n\t\t\t\t        <div class=\"ngg-gallery-thumbnail\">\n            <a href=\"https:\/\/ulliso.se\/blog\/wp-content\/gallery\/pask\/img_2538.jpg\"\n               title=\"Skog.\"\n               data-src=\"https:\/\/ulliso.se\/blog\/wp-content\/gallery\/pask\/img_2538.jpg\"\n               data-thumbnail=\"https:\/\/ulliso.se\/blog\/wp-content\/gallery\/pask\/thumbs\/thumbs_img_2538.jpg\"\n               data-image-id=\"651\"\n               data-title=\"img_2538\"\n               data-description=\"Skog.\"\n               data-image-slug=\"img_2538\"\n               class=\"shutterset_750a843a08da63b3d8ec886e1e935fc4\">\n                <img\n                    title=\"img_2538\"\n                    alt=\"img_2538\"\n                    src=\"https:\/\/ulliso.se\/blog\/wp-content\/gallery\/pask\/thumbs\/thumbs_img_2538.jpg\"\n                    width=\"100\"\n                    height=\"75\"\n                    style=\"max-width:100%;\"\n                \/>\n            <\/a>\n        <\/div>\n\t\t\t\t\t\t\t<\/div> \n\t\t\t\n        \n\t\t\t\t<div id=\"ngg-image-15\" class=\"ngg-gallery-thumbnail-box\" >\n\t\t\t\t        <div class=\"ngg-gallery-thumbnail\">\n            <a href=\"https:\/\/ulliso.se\/blog\/wp-content\/gallery\/pask\/img_2546.jpg\"\n               title=\"Annandag p\u00e5sk-middagen: mangochutney-kyckling. Jag hade quinoa till.\"\n               data-src=\"https:\/\/ulliso.se\/blog\/wp-content\/gallery\/pask\/img_2546.jpg\"\n               data-thumbnail=\"https:\/\/ulliso.se\/blog\/wp-content\/gallery\/pask\/thumbs\/thumbs_img_2546.jpg\"\n               data-image-id=\"652\"\n               data-title=\"img_2546\"\n               data-description=\"Annandag p\u00e5sk-middagen: mangochutney-kyckling. Jag hade quinoa till.\"\n               data-image-slug=\"img_2546\"\n               class=\"shutterset_750a843a08da63b3d8ec886e1e935fc4\">\n                <img\n                    title=\"img_2546\"\n                    alt=\"img_2546\"\n                    src=\"https:\/\/ulliso.se\/blog\/wp-content\/gallery\/pask\/thumbs\/thumbs_img_2546.jpg\"\n                    width=\"100\"\n                    height=\"75\"\n                    style=\"max-width:100%;\"\n                \/>\n            <\/a>\n        <\/div>\n\t\t\t\t\t\t\t<\/div> \n\t\t\t\n        \n\t\t\n\t\t<!-- Pagination -->\n\t<div class='ngg-clear'><\/div>\t<\/div>\n\n<p>&nbsp;<\/p>\n","protected":false},"excerpt":{"rendered":"<p>Nu \u00e4r d\u00e5 snart p\u00e5sken \u00f6ver. Vi har haft 5 hellediga dagar tillsammans i familjen. Inte dumt. Hela p\u00e5sken har varit solig! H\u00e4rligt! Sk\u00e4rtorsdagen: Vi var i K\u00e5bdalis och i Jokkmokk. Bilder d\u00e4rifr\u00e5n har ni ju redan f\u00e5tt se. L\u00e5ngfredagen: Jonas hade namnsdag och fick ett fint kort av Emmy. Jag hade ont i huvudet [&hellip;]<\/p>\n","protected":false},"author":1,"featured_media":0,"comment_status":"open","ping_status":"open","sticky":false,"template":"","format":"standard","meta":{"ngg_post_thumbnail":0},"categories":[31,6],"tags":[],"_links":{"self":[{"href":"https:\/\/ulliso.se\/blog\/index.php?rest_route=\/wp\/v2\/posts\/4256"}],"collection":[{"href":"https:\/\/ulliso.se\/blog\/index.php?rest_route=\/wp\/v2\/posts"}],"about":[{"href":"https:\/\/ulliso.se\/blog\/index.php?rest_route=\/wp\/v2\/types\/post"}],"author":[{"embeddable":true,"href":"https:\/\/ulliso.se\/blog\/index.php?rest_route=\/wp\/v2\/users\/1"}],"replies":[{"embeddable":true,"href":"https:\/\/ulliso.se\/blog\/index.php?rest_route=%2Fwp%2Fv2%2Fcomments&post=4256"}],"version-history":[{"count":2,"href":"https:\/\/ulliso.se\/blog\/index.php?rest_route=\/wp\/v2\/posts\/4256\/revisions"}],"predecessor-version":[{"id":4258,"href":"https:\/\/ulliso.se\/blog\/index.php?rest_route=\/wp\/v2\/posts\/4256\/revisions\/4258"}],"wp:attachment":[{"href":"https:\/\/ulliso.se\/blog\/index.php?rest_route=%2Fwp%2Fv2%2Fmedia&parent=4256"}],"wp:term":[{"taxonomy":"category","embeddable":true,"href":"https:\/\/ulliso.se\/blog\/index.php?rest_route=%2Fwp%2Fv2%2Fcategories&post=4256"},{"taxonomy":"post_tag","embeddable":true,"href":"https:\/\/ulliso.se\/blog\/index.php?rest_route=%2Fwp%2Fv2%2Ftags&post=4256"}],"curies":[{"name":"wp","href":"https:\/\/api.w.org\/{rel}","templated":true}]}}