{"id":4263,"date":"2013-04-05T23:30:49","date_gmt":"2013-04-05T21:30:49","guid":{"rendered":"http:\/\/ulliso.se\/blog\/?p=4263"},"modified":"2013-04-06T00:16:32","modified_gmt":"2013-04-05T22:16:32","slug":"dag-67-av-100-fredag","status":"publish","type":"post","link":"https:\/\/ulliso.se\/blog\/?p=4263","title":{"rendered":"Dag 67 av 100 &#8211; fredag"},"content":{"rendered":"<p>Varit vaken sedan kl. 06.15 imorse och det b\u00f6rjar k\u00e4nnas nu. Ser att klockan blivit mycket ocks\u00e5. Har suttit h\u00e4r och l\u00e4st ikapp lite bloggar och d\u00e4rf\u00f6r inte haft koll p\u00e5 klockan.<\/p>\n<p>Imorse var jag d\u00e5 hos en sjukgymnast med kn\u00e4 som specialitet. Jag fick en f\u00f6rklaring till mitt kn\u00e4problem! Det \u00e4r sk\u00f6nt att veta att jag inte \u00e4r en hypokondriker \u00e4nd\u00e5. Har den k\u00e4nslan ibland n\u00e4r jag s\u00f6ker l\u00e4karv\u00e5rd, inga fel hittas p\u00e5 mig (men det \u00e4r ju f\u00f6rst\u00e5s bra). L\u00e4karen som jag upps\u00f6kte i f\u00f6rra veckan ang kn\u00e4et hittade ju heller inget konkret. Men &#8221;kn\u00e4specialisten&#8221; s\u00e5g direkt vad som var fel, n\u00e4mligen &#8221;<a href=\"http:\/\/www.xn--lparkn-gua2l.org\/hopparknae.htm\" target=\"_blank\">hopparkn\u00e4<\/a>&#8221;. En sena i kn\u00e4t \u00e4r lite &#8221;irriterad&#8221;. I mitt fall orsakad av m\u00e5nga <em>squats<\/em> (=kn\u00e4b\u00f6j) i kombination med att jag omedvetet vrider mitt v\u00e4nstra kn\u00e4 in\u00e5t lite d\u00e5 jag g\u00f6r detta.\u00a0\u00a0S\u00e5 nu ska jag tr\u00e4na upp senan i det v\u00e4nstra kn\u00e4et med lite \u00f6vningar. M\u00e5ste \u00e4ven t\u00e4nka p\u00e5 hur jag st\u00e5r och p\u00e5 hur jag vrider kn\u00e4t n\u00e4r jag g\u00f6r squats. M\u00e5ste b\u00f6rja kolla i speglarna p\u00e5 gymmet (avskyr verkligen att g\u00f6ra det) n\u00e4r jag g\u00f6r dem. M\u00e5ste \u00e4ven t\u00e4nka p\u00e5 att ha ordentliga skor d\u00e5 jag har h\u00f6ga fotvalv.<\/p>\n<p>Ida och jag klippte oss idag. Det var d\u00e5 verkligen p\u00e5 tiden f\u00f6r oss! Det var n\u00e5gra m\u00e5nader sedan sist. Min frissa klippte snedlugg p\u00e5 mig, f\u00e5r se om jag kan v\u00e4nja mig vid det. ;) Min frissa ska ha barn i juni, s\u00e5 nu kommer jag inte att f\u00e5 tr\u00e4ffa henne p\u00e5 ett tag. Det \u00e4r trist (ja, inte att hon ska ha barn s\u00e5klart) f\u00f6r hon \u00e4r s\u00e5 himla duktig! Jag har aldrig varit s\u00e5 n\u00f6jd med mitt h\u00e5r som jag varit nu sedan jag b\u00f6rjade g\u00e5 hos henne.<\/p>\n<p>Nu ikv\u00e4ll var vi ute vid Pitholmsheden och kollade in renarna som tillf\u00e4lligt bor i sandtallskogen d\u00e4r. Jag gillar renar v\u00e4ldigt mycket. Otroligt fina djur!<\/p>\n<p>Nu ska jag leta upp n\u00e5gra \u00a0passande bilder att l\u00e4gga in h\u00e4r, sedan \u00e4r det verkligen dags att dra sig mot s\u00e4ngen. L\u00e4r somna ovaggad!<\/p>\n<!-- index.php -->\n<div\n\tclass=\"ngg-galleryoverview ngg-ajax-pagination-none\"\n\tid=\"ngg-gallery-ab61fb46bff625d8601be6a5523d115a-1\">\n\n    \t<div class=\"slideshowlink\">\n        <a href='https:\/\/ulliso.se\/blog\/index.php\/nggallery\/slideshow?p=4263'>[Show as slideshow]<\/a>\n\t\t\n\t<\/div>\n\t\t\t<!-- Thumbnails -->\n\t\t\t\t<div id=\"ngg-image-0\" class=\"ngg-gallery-thumbnail-box\" >\n\t\t\t\t        <div class=\"ngg-gallery-thumbnail\">\n            <a href=\"https:\/\/ulliso.se\/blog\/wp-content\/gallery\/fredag6ap\/img_2614.jpg\"\n               title=\"Renar.\"\n               data-src=\"https:\/\/ulliso.se\/blog\/wp-content\/gallery\/fredag6ap\/img_2614.jpg\"\n               data-thumbnail=\"https:\/\/ulliso.se\/blog\/wp-content\/gallery\/fredag6ap\/thumbs\/thumbs_img_2614.jpg\"\n               data-image-id=\"653\"\n               data-title=\"img_2614\"\n               data-description=\"Renar.\"\n               data-image-slug=\"img_2614\"\n               class=\"shutterset_ab61fb46bff625d8601be6a5523d115a\">\n                <img\n                    title=\"img_2614\"\n                    alt=\"img_2614\"\n                    src=\"https:\/\/ulliso.se\/blog\/wp-content\/gallery\/fredag6ap\/thumbs\/thumbs_img_2614.jpg\"\n                    width=\"100\"\n                    height=\"75\"\n                    style=\"max-width:100%;\"\n                \/>\n            <\/a>\n        <\/div>\n\t\t\t\t\t\t\t<\/div> \n\t\t\t\n        \n\t\t\t\t<div id=\"ngg-image-1\" class=\"ngg-gallery-thumbnail-box\" >\n\t\t\t\t        <div class=\"ngg-gallery-thumbnail\">\n            <a href=\"https:\/\/ulliso.se\/blog\/wp-content\/gallery\/fredag6ap\/img_2622.jpg\"\n               title=\"Denna ren stod och h\u00f6ll koll p\u00e5 oss. Vek inte undan blicken f\u00f6r en sekund.\"\n               data-src=\"https:\/\/ulliso.se\/blog\/wp-content\/gallery\/fredag6ap\/img_2622.jpg\"\n               data-thumbnail=\"https:\/\/ulliso.se\/blog\/wp-content\/gallery\/fredag6ap\/thumbs\/thumbs_img_2622.jpg\"\n               data-image-id=\"654\"\n               data-title=\"img_2622\"\n               data-description=\"Denna ren stod och h\u00f6ll koll p\u00e5 oss. Vek inte undan blicken f\u00f6r en sekund.\"\n               data-image-slug=\"img_2622\"\n               class=\"shutterset_ab61fb46bff625d8601be6a5523d115a\">\n                <img\n                    title=\"img_2622\"\n                    alt=\"img_2622\"\n                    src=\"https:\/\/ulliso.se\/blog\/wp-content\/gallery\/fredag6ap\/thumbs\/thumbs_img_2622.jpg\"\n                    width=\"100\"\n                    height=\"75\"\n                    style=\"max-width:100%;\"\n                \/>\n            <\/a>\n        <\/div>\n\t\t\t\t\t\t\t<\/div> \n\t\t\t\n        \n\t\t\t\t<div id=\"ngg-image-2\" class=\"ngg-gallery-thumbnail-box\" >\n\t\t\t\t        <div class=\"ngg-gallery-thumbnail\">\n            <a href=\"https:\/\/ulliso.se\/blog\/wp-content\/gallery\/fredag6ap\/img_2631.jpg\"\n               title=\"Vackert i backspegeln.\"\n               data-src=\"https:\/\/ulliso.se\/blog\/wp-content\/gallery\/fredag6ap\/img_2631.jpg\"\n               data-thumbnail=\"https:\/\/ulliso.se\/blog\/wp-content\/gallery\/fredag6ap\/thumbs\/thumbs_img_2631.jpg\"\n               data-image-id=\"655\"\n               data-title=\"img_2631\"\n               data-description=\"Vackert i backspegeln.\"\n               data-image-slug=\"img_2631\"\n               class=\"shutterset_ab61fb46bff625d8601be6a5523d115a\">\n                <img\n                    title=\"img_2631\"\n                    alt=\"img_2631\"\n                    src=\"https:\/\/ulliso.se\/blog\/wp-content\/gallery\/fredag6ap\/thumbs\/thumbs_img_2631.jpg\"\n                    width=\"100\"\n                    height=\"75\"\n                    style=\"max-width:100%;\"\n                \/>\n            <\/a>\n        <\/div>\n\t\t\t\t\t\t\t<\/div> \n\t\t\t\n        \n\t\t\n\t\t<!-- Pagination -->\n\t<div class='ngg-clear'><\/div>\t<\/div>\n\n<p>&nbsp;<\/p>\n","protected":false},"excerpt":{"rendered":"<p>Varit vaken sedan kl. 06.15 imorse och det b\u00f6rjar k\u00e4nnas nu. Ser att klockan blivit mycket ocks\u00e5. Har suttit h\u00e4r och l\u00e4st ikapp lite bloggar och d\u00e4rf\u00f6r inte haft koll p\u00e5 klockan. Imorse var jag d\u00e5 hos en sjukgymnast med kn\u00e4 som specialitet. Jag fick en f\u00f6rklaring till mitt kn\u00e4problem! Det \u00e4r sk\u00f6nt att veta [&hellip;]<\/p>\n","protected":false},"author":1,"featured_media":0,"comment_status":"open","ping_status":"open","sticky":false,"template":"","format":"standard","meta":{"ngg_post_thumbnail":0},"categories":[31,6],"tags":[],"_links":{"self":[{"href":"https:\/\/ulliso.se\/blog\/index.php?rest_route=\/wp\/v2\/posts\/4263"}],"collection":[{"href":"https:\/\/ulliso.se\/blog\/index.php?rest_route=\/wp\/v2\/posts"}],"about":[{"href":"https:\/\/ulliso.se\/blog\/index.php?rest_route=\/wp\/v2\/types\/post"}],"author":[{"embeddable":true,"href":"https:\/\/ulliso.se\/blog\/index.php?rest_route=\/wp\/v2\/users\/1"}],"replies":[{"embeddable":true,"href":"https:\/\/ulliso.se\/blog\/index.php?rest_route=%2Fwp%2Fv2%2Fcomments&post=4263"}],"version-history":[{"count":5,"href":"https:\/\/ulliso.se\/blog\/index.php?rest_route=\/wp\/v2\/posts\/4263\/revisions"}],"predecessor-version":[{"id":4268,"href":"https:\/\/ulliso.se\/blog\/index.php?rest_route=\/wp\/v2\/posts\/4263\/revisions\/4268"}],"wp:attachment":[{"href":"https:\/\/ulliso.se\/blog\/index.php?rest_route=%2Fwp%2Fv2%2Fmedia&parent=4263"}],"wp:term":[{"taxonomy":"category","embeddable":true,"href":"https:\/\/ulliso.se\/blog\/index.php?rest_route=%2Fwp%2Fv2%2Fcategories&post=4263"},{"taxonomy":"post_tag","embeddable":true,"href":"https:\/\/ulliso.se\/blog\/index.php?rest_route=%2Fwp%2Fv2%2Ftags&post=4263"}],"curies":[{"name":"wp","href":"https:\/\/api.w.org\/{rel}","templated":true}]}}