{"id":4290,"date":"2013-04-12T13:53:19","date_gmt":"2013-04-12T11:53:19","guid":{"rendered":"http:\/\/ulliso.se\/blog\/?p=4290"},"modified":"2013-04-19T20:06:39","modified_gmt":"2013-04-19T18:06:39","slug":"dag-70-av-100","status":"publish","type":"post","link":"https:\/\/ulliso.se\/blog\/?p=4290","title":{"rendered":"70 av 100"},"content":{"rendered":"<p>Ligger efter i utmaningen, men har ingen inspiration till att skriva n\u00e5got roligt. :( Men jag kan ju inte hoppa av nu n\u00e4r jag n\u00e4stan \u00e4r framme i m\u00e5l! N\u00e4, det g\u00f6r jag bara inte, jag \u00e4r en avslutare!<\/p>\n<p>Kanske kan det bero p\u00e5 att jag inte \u00e4r p\u00e5 topp-hum\u00f6r nu. Dessutom ska jag jobba i helgen och det g\u00f6r inte saken b\u00e4ttre. Tyv\u00e4rr! Jag \u00f6nskar att jag inte k\u00e4nt s\u00e5, men nu g\u00f6r jag det. Men jag h\u00e5ller ju p\u00e5 att byta yrkesbana och <em>det<\/em> k\u00e4nns s\u00e5klart bra! Eller byta och byta, jag har ju jobbat inom det f\u00f6rut, men nu ska jag f\u00e5 en titel som g\u00f6r att jag f\u00f6rhoppningsvis kan f\u00e5 en l\u00e4ngre anst\u00e4llning \u00a0i framtiden. <em>Hatar<\/em> att inte veta n\u00e4r\/om jag f\u00e5r jobba. Jag har ju ett liv som jag vill kunna planera n\u00e5gorlunda. Men det \u00e4r ju bara jag som kan \u00e4ndra p\u00e5 det jag \u00e4r missn\u00f6jd med, s\u00e5 d\u00e4rf\u00f6r b\u00f6rjade jag plugga ist\u00e4llet. Jag skulle kunna skriva ett l\u00e5ngt inl\u00e4gg om detta, men jag avst\u00e5r.<\/p>\n<p>N\u00e4, dags att rycka upp sig h\u00e4r. M\u00e5ste fundera ut n\u00e5gon middagsmat. \u00c4r inte sugen p\u00e5 n\u00e5t alls. :( Inte sugen p\u00e5 att laga mat \u00f6ht. Men jag m\u00e5ste.<\/p>\n<p>Har iallafall tr\u00e4nat idag och <em>det<\/em> gav mig positiv energi! Livet vore verkligen trist och tr\u00e5kigt utan tr\u00e4ning.<\/p>\n","protected":false},"excerpt":{"rendered":"<p>Ligger efter i utmaningen, men har ingen inspiration till att skriva n\u00e5got roligt. :( Men jag kan ju inte hoppa av nu n\u00e4r jag n\u00e4stan \u00e4r framme i m\u00e5l! N\u00e4, det g\u00f6r jag bara inte, jag \u00e4r en avslutare! Kanske kan det bero p\u00e5 att jag inte \u00e4r p\u00e5 topp-hum\u00f6r nu. Dessutom ska jag jobba [&hellip;]<\/p>\n","protected":false},"author":1,"featured_media":0,"comment_status":"open","ping_status":"open","sticky":false,"template":"","format":"standard","meta":{"ngg_post_thumbnail":0},"categories":[31,6],"tags":[],"_links":{"self":[{"href":"https:\/\/ulliso.se\/blog\/index.php?rest_route=\/wp\/v2\/posts\/4290"}],"collection":[{"href":"https:\/\/ulliso.se\/blog\/index.php?rest_route=\/wp\/v2\/posts"}],"about":[{"href":"https:\/\/ulliso.se\/blog\/index.php?rest_route=\/wp\/v2\/types\/post"}],"author":[{"embeddable":true,"href":"https:\/\/ulliso.se\/blog\/index.php?rest_route=\/wp\/v2\/users\/1"}],"replies":[{"embeddable":true,"href":"https:\/\/ulliso.se\/blog\/index.php?rest_route=%2Fwp%2Fv2%2Fcomments&post=4290"}],"version-history":[{"count":9,"href":"https:\/\/ulliso.se\/blog\/index.php?rest_route=\/wp\/v2\/posts\/4290\/revisions"}],"predecessor-version":[{"id":4298,"href":"https:\/\/ulliso.se\/blog\/index.php?rest_route=\/wp\/v2\/posts\/4290\/revisions\/4298"}],"wp:attachment":[{"href":"https:\/\/ulliso.se\/blog\/index.php?rest_route=%2Fwp%2Fv2%2Fmedia&parent=4290"}],"wp:term":[{"taxonomy":"category","embeddable":true,"href":"https:\/\/ulliso.se\/blog\/index.php?rest_route=%2Fwp%2Fv2%2Fcategories&post=4290"},{"taxonomy":"post_tag","embeddable":true,"href":"https:\/\/ulliso.se\/blog\/index.php?rest_route=%2Fwp%2Fv2%2Ftags&post=4290"}],"curies":[{"name":"wp","href":"https:\/\/api.w.org\/{rel}","templated":true}]}}