{"id":4421,"date":"2013-04-21T23:08:43","date_gmt":"2013-04-21T21:08:43","guid":{"rendered":"http:\/\/ulliso.se\/blog\/?p=4421"},"modified":"2013-04-21T23:12:05","modified_gmt":"2013-04-21T21:12:05","slug":"79-av-100-helgen-som-varit","status":"publish","type":"post","link":"https:\/\/ulliso.se\/blog\/?p=4421","title":{"rendered":"79 av 100 &#8211; helgen som varit"},"content":{"rendered":"<p>Det b\u00f6rjar n\u00e4rma sig slutet p\u00e5 <a href=\"http:\/\/bisonblog.se\/tag\/blogg100\/\" target=\"_blank\">Blogg100-utmaningen<\/a>. Bara 21 inl\u00e4gg kvar nu. Jag ska inte haka p\u00e5 fler s\u00e5na h\u00e4r saker sedan, har inte tid. S\u00e4rskilt inte nu n\u00e4r v\u00e5ren och sommaren \u00e4r p\u00e5 g\u00e5ng, d\u00e5 vill jag verkligen inte k\u00e4nna mig fast vid datorn. Men jag \u00e4r ju en avslutare, s\u00e5 d\u00e4rf\u00f6r \u00a0vill jag inte sluta mitt i.<\/p>\n<p>N\u00e5v\u00e4l, jag skulle skriva lite om helgen:<\/p>\n<p><em><strong>I l\u00f6rdags<\/strong><\/em> var vi och kollade en snabbis p\u00e5 YOHIO n\u00e4r han var p\u00e5 snabb-bes\u00f6k i Sm\u00e5staden.<\/p>\n<p>P\u00e5 eftermiddagen hade b\u00e5da d\u00f6ttrarna en varsin kompis h\u00e4r hemma. Vid 15 blev Emmys kompis h\u00e4mtad och d\u00e5 f\u00f6ljde E med hem till kompisen. Idas kompis stannade och \u00e5t middag med oss. Emmy ringde och ville sova hos kompisen, men n\u00e4r jag skulle k\u00f6ra hem Emmy f\u00f6r att h\u00e4mta sovgrejer s\u00e5 hade hon \u00e4ndrat sig, hon ville inte sova \u00f6ver. &#8221;<em>Jag \u00e4r ju inte van att sova borta och sedan vill jag vara n\u00e4ra er<\/em>&#8221; sa hon. :)<\/p>\n<p><strong><em>Idag, s\u00f6ndag<\/em><\/strong> s\u00e5 var vi och grattade Jonas bror Micke som snart fyller \u00e5r. Han blir 28 \u00e5r. Lika trevligt som vanligt. :)<\/p>\n<p>Efter det kalaset s\u00e5 k\u00f6rde vi Emmy till en klasskompis kalas, ett badkalas i Hortlax simhall.<\/p>\n<p>Jag funderar p\u00e5 hur jag ska ordna kalaset f\u00f6r Emmy n\u00e4r hon fyller \u00e5r i h\u00f6st. Vi bor s\u00e5 tr\u00e5ngt, s\u00e5 det funkar inte att vara h\u00e4r hemma. Kanske blir det ett bowlingkalas?<\/p>\n<p>N\u00c4, nu \u00e4r det dags att logga ur och g\u00e5 och l\u00e4gga mig. Borde gjort det redan f\u00f6r \u00f6ver en timme sedan, men jag ville sl\u00e4nga upp detta inl\u00e4gget f\u00f6rst.<\/p>\n<!-- index.php -->\n<div\n\tclass=\"ngg-galleryoverview ngg-ajax-pagination-none\"\n\tid=\"ngg-gallery-8b098d351e4d7ece0332aa22c99c9885-1\">\n\n    \t<div class=\"slideshowlink\">\n        <a href='https:\/\/ulliso.se\/blog\/index.php\/nggallery\/slideshow?p=4421'>[Show as slideshow]<\/a>\n\t\t\n\t<\/div>\n\t\t\t<!-- Thumbnails -->\n\t\t\t\t<div id=\"ngg-image-0\" class=\"ngg-gallery-thumbnail-box\" >\n\t\t\t\t        <div class=\"ngg-gallery-thumbnail\">\n            <a href=\"https:\/\/ulliso.se\/blog\/wp-content\/gallery\/21april\/01.jpg\"\n               title=\"YOHIO kom till Sm\u00e5staden. Han sj\u00f6ng dock inget. :( Han signerade inte heller p\u00e5 vanligt papper, utan man var tvungen att k\u00f6pa en cd med tillh\u00f6rande plansch. Sn\u00e5lt! Han var sedan i Lule\u00e5, och D\u00c4R sj\u00f6ng han. Mysko.\"\n               data-src=\"https:\/\/ulliso.se\/blog\/wp-content\/gallery\/21april\/01.jpg\"\n               data-thumbnail=\"https:\/\/ulliso.se\/blog\/wp-content\/gallery\/21april\/thumbs\/thumbs_01.jpg\"\n               data-image-id=\"661\"\n               data-title=\"01\"\n               data-description=\"YOHIO kom till Sm\u00e5staden. Han sj\u00f6ng dock inget. :( Han signerade inte heller p\u00e5 vanligt papper, utan man var tvungen att k\u00f6pa en cd med tillh\u00f6rande plansch. Sn\u00e5lt! Han var sedan i Lule\u00e5, och D\u00c4R sj\u00f6ng han. Mysko.\"\n               data-image-slug=\"01-4\"\n               class=\"shutterset_8b098d351e4d7ece0332aa22c99c9885\">\n                <img\n                    title=\"01\"\n                    alt=\"01\"\n                    src=\"https:\/\/ulliso.se\/blog\/wp-content\/gallery\/21april\/thumbs\/thumbs_01.jpg\"\n                    width=\"100\"\n                    height=\"75\"\n                    style=\"max-width:100%;\"\n                \/>\n            <\/a>\n        <\/div>\n\t\t\t\t\t\t\t<\/div> \n\t\t\t\n        \n\t\t\t\t<div id=\"ngg-image-1\" class=\"ngg-gallery-thumbnail-box\" >\n\t\t\t\t        <div class=\"ngg-gallery-thumbnail\">\n            <a href=\"https:\/\/ulliso.se\/blog\/wp-content\/gallery\/21april\/02.jpg\"\n               title=\"Rosa rosor p\u00e5 k\u00f6ksbordet.\"\n               data-src=\"https:\/\/ulliso.se\/blog\/wp-content\/gallery\/21april\/02.jpg\"\n               data-thumbnail=\"https:\/\/ulliso.se\/blog\/wp-content\/gallery\/21april\/thumbs\/thumbs_02.jpg\"\n               data-image-id=\"662\"\n               data-title=\"02\"\n               data-description=\"Rosa rosor p\u00e5 k\u00f6ksbordet.\"\n               data-image-slug=\"02-4\"\n               class=\"shutterset_8b098d351e4d7ece0332aa22c99c9885\">\n                <img\n                    title=\"02\"\n                    alt=\"02\"\n                    src=\"https:\/\/ulliso.se\/blog\/wp-content\/gallery\/21april\/thumbs\/thumbs_02.jpg\"\n                    width=\"100\"\n                    height=\"75\"\n                    style=\"max-width:100%;\"\n                \/>\n            <\/a>\n        <\/div>\n\t\t\t\t\t\t\t<\/div> \n\t\t\t\n        \n\t\t\t\t<div id=\"ngg-image-2\" class=\"ngg-gallery-thumbnail-box\" >\n\t\t\t\t        <div class=\"ngg-gallery-thumbnail\">\n            <a href=\"https:\/\/ulliso.se\/blog\/wp-content\/gallery\/21april\/03.jpg\"\n               title=\"Fin!\"\n               data-src=\"https:\/\/ulliso.se\/blog\/wp-content\/gallery\/21april\/03.jpg\"\n               data-thumbnail=\"https:\/\/ulliso.se\/blog\/wp-content\/gallery\/21april\/thumbs\/thumbs_03.jpg\"\n               data-image-id=\"663\"\n               data-title=\"03\"\n               data-description=\"Fin!\"\n               data-image-slug=\"03-4\"\n               class=\"shutterset_8b098d351e4d7ece0332aa22c99c9885\">\n                <img\n                    title=\"03\"\n                    alt=\"03\"\n                    src=\"https:\/\/ulliso.se\/blog\/wp-content\/gallery\/21april\/thumbs\/thumbs_03.jpg\"\n                    width=\"100\"\n                    height=\"75\"\n                    style=\"max-width:100%;\"\n                \/>\n            <\/a>\n        <\/div>\n\t\t\t\t\t\t\t<\/div> \n\t\t\t\n        \n\t\t\t\t<div id=\"ngg-image-3\" class=\"ngg-gallery-thumbnail-box\" >\n\t\t\t\t        <div class=\"ngg-gallery-thumbnail\">\n            <a href=\"https:\/\/ulliso.se\/blog\/wp-content\/gallery\/21april\/04.jpg\"\n               title=\"Gillar rosa!\"\n               data-src=\"https:\/\/ulliso.se\/blog\/wp-content\/gallery\/21april\/04.jpg\"\n               data-thumbnail=\"https:\/\/ulliso.se\/blog\/wp-content\/gallery\/21april\/thumbs\/thumbs_04.jpg\"\n               data-image-id=\"664\"\n               data-title=\"04\"\n               data-description=\"Gillar rosa!\"\n               data-image-slug=\"04\"\n               class=\"shutterset_8b098d351e4d7ece0332aa22c99c9885\">\n                <img\n                    title=\"04\"\n                    alt=\"04\"\n                    src=\"https:\/\/ulliso.se\/blog\/wp-content\/gallery\/21april\/thumbs\/thumbs_04.jpg\"\n                    width=\"100\"\n                    height=\"75\"\n                    style=\"max-width:100%;\"\n                \/>\n            <\/a>\n        <\/div>\n\t\t\t\t\t\t\t<\/div> \n\t\t\t\n        \n\t\t\t\t<div id=\"ngg-image-4\" class=\"ngg-gallery-thumbnail-box\" >\n\t\t\t\t        <div class=\"ngg-gallery-thumbnail\">\n            <a href=\"https:\/\/ulliso.se\/blog\/wp-content\/gallery\/21april\/05.jpg\"\n               title=\"Svart hand! Jag h\u00f6ll p\u00e5 att f\u00e4rga....\"\n               data-src=\"https:\/\/ulliso.se\/blog\/wp-content\/gallery\/21april\/05.jpg\"\n               data-thumbnail=\"https:\/\/ulliso.se\/blog\/wp-content\/gallery\/21april\/thumbs\/thumbs_05.jpg\"\n               data-image-id=\"665\"\n               data-title=\"05\"\n               data-description=\"Svart hand! Jag h\u00f6ll p\u00e5 att f\u00e4rga....\"\n               data-image-slug=\"05-3\"\n               class=\"shutterset_8b098d351e4d7ece0332aa22c99c9885\">\n                <img\n                    title=\"05\"\n                    alt=\"05\"\n                    src=\"https:\/\/ulliso.se\/blog\/wp-content\/gallery\/21april\/thumbs\/thumbs_05.jpg\"\n                    width=\"100\"\n                    height=\"75\"\n                    style=\"max-width:100%;\"\n                \/>\n            <\/a>\n        <\/div>\n\t\t\t\t\t\t\t<\/div> \n\t\t\t\n        \n\t\t\t\t<div id=\"ngg-image-5\" class=\"ngg-gallery-thumbnail-box\" >\n\t\t\t\t        <div class=\"ngg-gallery-thumbnail\">\n            <a href=\"https:\/\/ulliso.se\/blog\/wp-content\/gallery\/21april\/06.jpg\"\n               title=\"... lite playdoh-lera \u00e5t dottern och hennes kompis.\"\n               data-src=\"https:\/\/ulliso.se\/blog\/wp-content\/gallery\/21april\/06.jpg\"\n               data-thumbnail=\"https:\/\/ulliso.se\/blog\/wp-content\/gallery\/21april\/thumbs\/thumbs_06.jpg\"\n               data-image-id=\"666\"\n               data-title=\"06\"\n               data-description=\"... lite playdoh-lera \u00e5t dottern och hennes kompis.\"\n               data-image-slug=\"06-3\"\n               class=\"shutterset_8b098d351e4d7ece0332aa22c99c9885\">\n                <img\n                    title=\"06\"\n                    alt=\"06\"\n                    src=\"https:\/\/ulliso.se\/blog\/wp-content\/gallery\/21april\/thumbs\/thumbs_06.jpg\"\n                    width=\"100\"\n                    height=\"75\"\n                    style=\"max-width:100%;\"\n                \/>\n            <\/a>\n        <\/div>\n\t\t\t\t\t\t\t<\/div> \n\t\t\t\n        \n\t\t\t\t<div id=\"ngg-image-6\" class=\"ngg-gallery-thumbnail-box\" >\n\t\t\t\t        <div class=\"ngg-gallery-thumbnail\">\n            <a href=\"https:\/\/ulliso.se\/blog\/wp-content\/gallery\/21april\/07.jpg\"\n               title=\"Emmy \u00e4ter lite mat.\"\n               data-src=\"https:\/\/ulliso.se\/blog\/wp-content\/gallery\/21april\/07.jpg\"\n               data-thumbnail=\"https:\/\/ulliso.se\/blog\/wp-content\/gallery\/21april\/thumbs\/thumbs_07.jpg\"\n               data-image-id=\"667\"\n               data-title=\"07\"\n               data-description=\"Emmy \u00e4ter lite mat.\"\n               data-image-slug=\"07-2\"\n               class=\"shutterset_8b098d351e4d7ece0332aa22c99c9885\">\n                <img\n                    title=\"07\"\n                    alt=\"07\"\n                    src=\"https:\/\/ulliso.se\/blog\/wp-content\/gallery\/21april\/thumbs\/thumbs_07.jpg\"\n                    width=\"100\"\n                    height=\"75\"\n                    style=\"max-width:100%;\"\n                \/>\n            <\/a>\n        <\/div>\n\t\t\t\t\t\t\t<\/div> \n\t\t\t\n        \n\t\t\t\t<div id=\"ngg-image-7\" class=\"ngg-gallery-thumbnail-box\" >\n\t\t\t\t        <div class=\"ngg-gallery-thumbnail\">\n            <a href=\"https:\/\/ulliso.se\/blog\/wp-content\/gallery\/21april\/08.jpg\"\n               title=\"Krokus!\"\n               data-src=\"https:\/\/ulliso.se\/blog\/wp-content\/gallery\/21april\/08.jpg\"\n               data-thumbnail=\"https:\/\/ulliso.se\/blog\/wp-content\/gallery\/21april\/thumbs\/thumbs_08.jpg\"\n               data-image-id=\"668\"\n               data-title=\"08\"\n               data-description=\"Krokus!\"\n               data-image-slug=\"08-2\"\n               class=\"shutterset_8b098d351e4d7ece0332aa22c99c9885\">\n                <img\n                    title=\"08\"\n                    alt=\"08\"\n                    src=\"https:\/\/ulliso.se\/blog\/wp-content\/gallery\/21april\/thumbs\/thumbs_08.jpg\"\n                    width=\"100\"\n                    height=\"75\"\n                    style=\"max-width:100%;\"\n                \/>\n            <\/a>\n        <\/div>\n\t\t\t\t\t\t\t<\/div> \n\t\t\t\n        \n\t\t\t\t<div id=\"ngg-image-8\" class=\"ngg-gallery-thumbnail-box\" >\n\t\t\t\t        <div class=\"ngg-gallery-thumbnail\">\n            <a href=\"https:\/\/ulliso.se\/blog\/wp-content\/gallery\/21april\/09.jpg\"\n               title=\"Emmy har lerat Pingu. :)\"\n               data-src=\"https:\/\/ulliso.se\/blog\/wp-content\/gallery\/21april\/09.jpg\"\n               data-thumbnail=\"https:\/\/ulliso.se\/blog\/wp-content\/gallery\/21april\/thumbs\/thumbs_09.jpg\"\n               data-image-id=\"669\"\n               data-title=\"09\"\n               data-description=\"Emmy har lerat Pingu. :)\"\n               data-image-slug=\"09-2\"\n               class=\"shutterset_8b098d351e4d7ece0332aa22c99c9885\">\n                <img\n                    title=\"09\"\n                    alt=\"09\"\n                    src=\"https:\/\/ulliso.se\/blog\/wp-content\/gallery\/21april\/thumbs\/thumbs_09.jpg\"\n                    width=\"100\"\n                    height=\"75\"\n                    style=\"max-width:100%;\"\n                \/>\n            <\/a>\n        <\/div>\n\t\t\t\t\t\t\t<\/div> \n\t\t\t\n        \n\t\t\t\t<div id=\"ngg-image-9\" class=\"ngg-gallery-thumbnail-box\" >\n\t\t\t\t        <div class=\"ngg-gallery-thumbnail\">\n            <a href=\"https:\/\/ulliso.se\/blog\/wp-content\/gallery\/21april\/10.jpg\"\n               title=\"P\u00e5 kalas f\u00f6r Jonas bror Micke.\"\n               data-src=\"https:\/\/ulliso.se\/blog\/wp-content\/gallery\/21april\/10.jpg\"\n               data-thumbnail=\"https:\/\/ulliso.se\/blog\/wp-content\/gallery\/21april\/thumbs\/thumbs_10.jpg\"\n               data-image-id=\"670\"\n               data-title=\"10\"\n               data-description=\"P\u00e5 kalas f\u00f6r Jonas bror Micke.\"\n               data-image-slug=\"10-4\"\n               class=\"shutterset_8b098d351e4d7ece0332aa22c99c9885\">\n                <img\n                    title=\"10\"\n                    alt=\"10\"\n                    src=\"https:\/\/ulliso.se\/blog\/wp-content\/gallery\/21april\/thumbs\/thumbs_10.jpg\"\n                    width=\"100\"\n                    height=\"75\"\n                    style=\"max-width:100%;\"\n                \/>\n            <\/a>\n        <\/div>\n\t\t\t\t\t\t\t<\/div> \n\t\t\t\n        \n\t\t\t\t<div id=\"ngg-image-10\" class=\"ngg-gallery-thumbnail-box\" >\n\t\t\t\t        <div class=\"ngg-gallery-thumbnail\">\n            <a href=\"https:\/\/ulliso.se\/blog\/wp-content\/gallery\/21april\/11.jpg\"\n               title=\"Inte dumt. :) \u00c5t lite kakor trots att jag inte b\u00f6r \u00e4ta mj\u00f6l...\"\n               data-src=\"https:\/\/ulliso.se\/blog\/wp-content\/gallery\/21april\/11.jpg\"\n               data-thumbnail=\"https:\/\/ulliso.se\/blog\/wp-content\/gallery\/21april\/thumbs\/thumbs_11.jpg\"\n               data-image-id=\"671\"\n               data-title=\"11\"\n               data-description=\"Inte dumt. :) \u00c5t lite kakor trots att jag inte b\u00f6r \u00e4ta mj\u00f6l...\"\n               data-image-slug=\"11-9\"\n               class=\"shutterset_8b098d351e4d7ece0332aa22c99c9885\">\n                <img\n                    title=\"11\"\n                    alt=\"11\"\n                    src=\"https:\/\/ulliso.se\/blog\/wp-content\/gallery\/21april\/thumbs\/thumbs_11.jpg\"\n                    width=\"100\"\n                    height=\"75\"\n                    style=\"max-width:100%;\"\n                \/>\n            <\/a>\n        <\/div>\n\t\t\t\t\t\t\t<\/div> \n\t\t\t\n        \n\t\t\t\t<div id=\"ngg-image-11\" class=\"ngg-gallery-thumbnail-box\" >\n\t\t\t\t        <div class=\"ngg-gallery-thumbnail\">\n            <a href=\"https:\/\/ulliso.se\/blog\/wp-content\/gallery\/21april\/12.jpg\"\n               title=\"Mickes sambo Micke hade bakat cupcakes.\"\n               data-src=\"https:\/\/ulliso.se\/blog\/wp-content\/gallery\/21april\/12.jpg\"\n               data-thumbnail=\"https:\/\/ulliso.se\/blog\/wp-content\/gallery\/21april\/thumbs\/thumbs_12.jpg\"\n               data-image-id=\"672\"\n               data-title=\"12\"\n               data-description=\"Mickes sambo Micke hade bakat cupcakes.\"\n               data-image-slug=\"12-7\"\n               class=\"shutterset_8b098d351e4d7ece0332aa22c99c9885\">\n                <img\n                    title=\"12\"\n                    alt=\"12\"\n                    src=\"https:\/\/ulliso.se\/blog\/wp-content\/gallery\/21april\/thumbs\/thumbs_12.jpg\"\n                    width=\"100\"\n                    height=\"75\"\n                    style=\"max-width:100%;\"\n                \/>\n            <\/a>\n        <\/div>\n\t\t\t\t\t\t\t<\/div> \n\t\t\t\n        \n\t\t\t\t<div id=\"ngg-image-12\" class=\"ngg-gallery-thumbnail-box\" >\n\t\t\t\t        <div class=\"ngg-gallery-thumbnail\">\n            <a href=\"https:\/\/ulliso.se\/blog\/wp-content\/gallery\/21april\/13.jpg\"\n               title=\"Rosa p\u00e5 k\u00f6ksbordet.\"\n               data-src=\"https:\/\/ulliso.se\/blog\/wp-content\/gallery\/21april\/13.jpg\"\n               data-thumbnail=\"https:\/\/ulliso.se\/blog\/wp-content\/gallery\/21april\/thumbs\/thumbs_13.jpg\"\n               data-image-id=\"673\"\n               data-title=\"13\"\n               data-description=\"Rosa p\u00e5 k\u00f6ksbordet.\"\n               data-image-slug=\"13-9\"\n               class=\"shutterset_8b098d351e4d7ece0332aa22c99c9885\">\n                <img\n                    title=\"13\"\n                    alt=\"13\"\n                    src=\"https:\/\/ulliso.se\/blog\/wp-content\/gallery\/21april\/thumbs\/thumbs_13.jpg\"\n                    width=\"100\"\n                    height=\"75\"\n                    style=\"max-width:100%;\"\n                \/>\n            <\/a>\n        <\/div>\n\t\t\t\t\t\t\t<\/div> \n\t\t\t\n        \n\t\t\n\t\t<!-- Pagination -->\n\t<div class='ngg-clear'><\/div>\t<\/div>\n\n","protected":false},"excerpt":{"rendered":"<p>Det b\u00f6rjar n\u00e4rma sig slutet p\u00e5 Blogg100-utmaningen. Bara 21 inl\u00e4gg kvar nu. Jag ska inte haka p\u00e5 fler s\u00e5na h\u00e4r saker sedan, har inte tid. S\u00e4rskilt inte nu n\u00e4r v\u00e5ren och sommaren \u00e4r p\u00e5 g\u00e5ng, d\u00e5 vill jag verkligen inte k\u00e4nna mig fast vid datorn. Men jag \u00e4r ju en avslutare, s\u00e5 d\u00e4rf\u00f6r \u00a0vill jag [&hellip;]<\/p>\n","protected":false},"author":1,"featured_media":0,"comment_status":"open","ping_status":"open","sticky":false,"template":"","format":"standard","meta":{"ngg_post_thumbnail":0},"categories":[31,6],"tags":[],"_links":{"self":[{"href":"https:\/\/ulliso.se\/blog\/index.php?rest_route=\/wp\/v2\/posts\/4421"}],"collection":[{"href":"https:\/\/ulliso.se\/blog\/index.php?rest_route=\/wp\/v2\/posts"}],"about":[{"href":"https:\/\/ulliso.se\/blog\/index.php?rest_route=\/wp\/v2\/types\/post"}],"author":[{"embeddable":true,"href":"https:\/\/ulliso.se\/blog\/index.php?rest_route=\/wp\/v2\/users\/1"}],"replies":[{"embeddable":true,"href":"https:\/\/ulliso.se\/blog\/index.php?rest_route=%2Fwp%2Fv2%2Fcomments&post=4421"}],"version-history":[{"count":4,"href":"https:\/\/ulliso.se\/blog\/index.php?rest_route=\/wp\/v2\/posts\/4421\/revisions"}],"predecessor-version":[{"id":4425,"href":"https:\/\/ulliso.se\/blog\/index.php?rest_route=\/wp\/v2\/posts\/4421\/revisions\/4425"}],"wp:attachment":[{"href":"https:\/\/ulliso.se\/blog\/index.php?rest_route=%2Fwp%2Fv2%2Fmedia&parent=4421"}],"wp:term":[{"taxonomy":"category","embeddable":true,"href":"https:\/\/ulliso.se\/blog\/index.php?rest_route=%2Fwp%2Fv2%2Fcategories&post=4421"},{"taxonomy":"post_tag","embeddable":true,"href":"https:\/\/ulliso.se\/blog\/index.php?rest_route=%2Fwp%2Fv2%2Ftags&post=4421"}],"curies":[{"name":"wp","href":"https:\/\/api.w.org\/{rel}","templated":true}]}}