{"id":4429,"date":"2013-04-24T18:00:22","date_gmt":"2013-04-24T16:00:22","guid":{"rendered":"http:\/\/ulliso.se\/blog\/?p=4429"},"modified":"2013-04-24T21:50:04","modified_gmt":"2013-04-24T19:50:04","slug":"81-av-100","status":"publish","type":"post","link":"https:\/\/ulliso.se\/blog\/?p=4429","title":{"rendered":"81 av 100"},"content":{"rendered":"<p>Ig\u00e5r laddade jag ner en mobilapp fr\u00e5n <a href=\"http:\/\/www.lrf.se\/Mat\/Vaga-fraga---fa-en-bonde-pa-kopet\/\" target=\"_blank\">LRF<\/a>. I den kan man kolla om r\u00e5varorna i en matvara \u00e4r svensk. H\u00e4r kan man se ett tv-reportage om appen: <a href=\"http:\/\/www.svt.se\/nyheter\/sverige\/mat-app-avslojar-ravarornas-ursprung\" target=\"_blank\">L\u00c4NK<\/a>.<\/p>\n<p>Jag vill ha mat med r\u00e5varor fr\u00e5n Sverige! (frukt undantaget). Men n\u00e4r det kommer till k\u00f6tt s\u00e5 vill jag ha <em>svenskt<\/em> k\u00f6tt, g\u00e4rna n\u00e4rproducerat. Jag k\u00f6per n\u00e4rproducerat,\u00a0ekologiskt samt KRAV-m\u00e4rkt s\u00e5 mycket jag bara kan.<\/p>\n<p>Ibland har jag m\u00f6tt argumentet att &#8221;<em>n\u00e4r du \u00e5ker utomlands s\u00e5 finns det inte svenskt k\u00f6tt<\/em>&#8221;. Det \u00e4r s\u00e5 larvigt argument! Det \u00e4r\u00a0klart att jag f\u00f6rst\u00e5r det! Givetvis skulle \u00a0jag f\u00e5 \u00e4ta landets mat om jag nu \u00e5kte iv\u00e4g, men nu \u00e4r det s\u00e5 att jag aldrig <em>\u00e4r<\/em>\u00a0utomlands. S\u00e5 man kan inte k\u00f6ra med det argumentet. I Sverige vill jag ha svenskt. Punkt.<\/p>\n<p>Sen kan<em> jag<\/em> tycka att det \u00e4r tokigt att k\u00f6pa irl\u00e4ndskt och brasilianskt k\u00f6tt som fraktats l\u00e5ngt. <em>Jag<\/em> k\u00f6per icke s\u00e5nt k\u00f6tt. Exotiska frukter \u00e4r lika illa&#8230; Men <em>d\u00e4r<\/em> \u00e4r jag en liten bov, f\u00f6r jag k\u00f6per ju en och annan banan (dock ekologisk), melon ibland samt en och annan kiwi till barnen d\u00e5 och d\u00e5. Jag dricker ju \u00e4ven kaffe. S\u00e5 jod\u00e5, en <em>liten<\/em> dubbelmoralist \u00e4r jag allt. ;) \u00a0Men jag v\u00e4ger som sagt upp det med att k\u00f6pa n\u00e4rproducerat, ekologiskt samt KRAV-m\u00e4rkt.<\/p>\n<p>En viktig principfr\u00e5ga f\u00f6r mig \u00e4r detta med palmolja! Jag undviker produkter med palmolja i! Varf\u00f6r g\u00f6r jag d\u00e5 det? Jo, det kan du l\u00e4sa om\u00a0<a href=\"http:\/\/www.wwf.se\/vrt-arbete\/ekologiska-fotavtryck\/1127730-palmolja-ett-hot-mot-regnskogen-och-orangutangen\" target=\"_blank\">H\u00c4R<\/a>.<\/p>\n<p>&nbsp;<\/p>\n","protected":false},"excerpt":{"rendered":"<p>Ig\u00e5r laddade jag ner en mobilapp fr\u00e5n LRF. I den kan man kolla om r\u00e5varorna i en matvara \u00e4r svensk. H\u00e4r kan man se ett tv-reportage om appen: L\u00c4NK. Jag vill ha mat med r\u00e5varor fr\u00e5n Sverige! (frukt undantaget). Men n\u00e4r det kommer till k\u00f6tt s\u00e5 vill jag ha svenskt k\u00f6tt, g\u00e4rna n\u00e4rproducerat. Jag k\u00f6per [&hellip;]<\/p>\n","protected":false},"author":1,"featured_media":0,"comment_status":"open","ping_status":"open","sticky":false,"template":"","format":"standard","meta":{"ngg_post_thumbnail":0},"categories":[31,6],"tags":[],"_links":{"self":[{"href":"https:\/\/ulliso.se\/blog\/index.php?rest_route=\/wp\/v2\/posts\/4429"}],"collection":[{"href":"https:\/\/ulliso.se\/blog\/index.php?rest_route=\/wp\/v2\/posts"}],"about":[{"href":"https:\/\/ulliso.se\/blog\/index.php?rest_route=\/wp\/v2\/types\/post"}],"author":[{"embeddable":true,"href":"https:\/\/ulliso.se\/blog\/index.php?rest_route=\/wp\/v2\/users\/1"}],"replies":[{"embeddable":true,"href":"https:\/\/ulliso.se\/blog\/index.php?rest_route=%2Fwp%2Fv2%2Fcomments&post=4429"}],"version-history":[{"count":2,"href":"https:\/\/ulliso.se\/blog\/index.php?rest_route=\/wp\/v2\/posts\/4429\/revisions"}],"predecessor-version":[{"id":4432,"href":"https:\/\/ulliso.se\/blog\/index.php?rest_route=\/wp\/v2\/posts\/4429\/revisions\/4432"}],"wp:attachment":[{"href":"https:\/\/ulliso.se\/blog\/index.php?rest_route=%2Fwp%2Fv2%2Fmedia&parent=4429"}],"wp:term":[{"taxonomy":"category","embeddable":true,"href":"https:\/\/ulliso.se\/blog\/index.php?rest_route=%2Fwp%2Fv2%2Fcategories&post=4429"},{"taxonomy":"post_tag","embeddable":true,"href":"https:\/\/ulliso.se\/blog\/index.php?rest_route=%2Fwp%2Fv2%2Ftags&post=4429"}],"curies":[{"name":"wp","href":"https:\/\/api.w.org\/{rel}","templated":true}]}}