{"id":4467,"date":"2013-05-02T12:48:15","date_gmt":"2013-05-02T10:48:15","guid":{"rendered":"http:\/\/ulliso.se\/blog\/?p=4467"},"modified":"2013-05-02T12:48:15","modified_gmt":"2013-05-02T10:48:15","slug":"92-av-100-valborg","status":"publish","type":"post","link":"https:\/\/ulliso.se\/blog\/?p=4467","title":{"rendered":"92 av 100 &#8211; valborg"},"content":{"rendered":"<p>H\u00e4r kommer lite bilder fr\u00e5n valborgsm\u00e4ssoafton.<\/p>\n<!-- index.php -->\n<div\n\tclass=\"ngg-galleryoverview ngg-ajax-pagination-none\"\n\tid=\"ngg-gallery-1be3c6245f4f48ee7a5ae2146fe271a1-1\">\n\n    \t<div class=\"slideshowlink\">\n        <a href='https:\/\/ulliso.se\/blog\/index.php\/nggallery\/slideshow?p=4467'>[Show as slideshow]<\/a>\n\t\t\n\t<\/div>\n\t\t\t<!-- Thumbnails -->\n\t\t\t\t<div id=\"ngg-image-0\" class=\"ngg-gallery-thumbnail-box\" >\n\t\t\t\t        <div class=\"ngg-gallery-thumbnail\">\n            <a href=\"https:\/\/ulliso.se\/blog\/wp-content\/gallery\/valborg\/img_3197.jpg\"\n               title=\"Publik vid Hortlax Kyrka.\"\n               data-src=\"https:\/\/ulliso.se\/blog\/wp-content\/gallery\/valborg\/img_3197.jpg\"\n               data-thumbnail=\"https:\/\/ulliso.se\/blog\/wp-content\/gallery\/valborg\/thumbs\/thumbs_img_3197.jpg\"\n               data-image-id=\"694\"\n               data-title=\"img_3197\"\n               data-description=\"Publik vid Hortlax Kyrka.\"\n               data-image-slug=\"img_3197\"\n               class=\"shutterset_1be3c6245f4f48ee7a5ae2146fe271a1\">\n                <img\n                    title=\"img_3197\"\n                    alt=\"img_3197\"\n                    src=\"https:\/\/ulliso.se\/blog\/wp-content\/gallery\/valborg\/thumbs\/thumbs_img_3197.jpg\"\n                    width=\"100\"\n                    height=\"75\"\n                    style=\"max-width:100%;\"\n                \/>\n            <\/a>\n        <\/div>\n\t\t\t\t\t\t\t<\/div> \n\t\t\t\n        \n\t\t\t\t<div id=\"ngg-image-1\" class=\"ngg-gallery-thumbnail-box\" >\n\t\t\t\t        <div class=\"ngg-gallery-thumbnail\">\n            <a href=\"https:\/\/ulliso.se\/blog\/wp-content\/gallery\/valborg\/img_3199.jpg\"\n               title=\"Hortlax Kyrka.\"\n               data-src=\"https:\/\/ulliso.se\/blog\/wp-content\/gallery\/valborg\/img_3199.jpg\"\n               data-thumbnail=\"https:\/\/ulliso.se\/blog\/wp-content\/gallery\/valborg\/thumbs\/thumbs_img_3199.jpg\"\n               data-image-id=\"695\"\n               data-title=\"img_3199\"\n               data-description=\"Hortlax Kyrka.\"\n               data-image-slug=\"img_3199\"\n               class=\"shutterset_1be3c6245f4f48ee7a5ae2146fe271a1\">\n                <img\n                    title=\"img_3199\"\n                    alt=\"img_3199\"\n                    src=\"https:\/\/ulliso.se\/blog\/wp-content\/gallery\/valborg\/thumbs\/thumbs_img_3199.jpg\"\n                    width=\"100\"\n                    height=\"75\"\n                    style=\"max-width:100%;\"\n                \/>\n            <\/a>\n        <\/div>\n\t\t\t\t\t\t\t<\/div> \n\t\t\t\n        \n\t\t\t\t<div id=\"ngg-image-2\" class=\"ngg-gallery-thumbnail-box\" >\n\t\t\t\t        <div class=\"ngg-gallery-thumbnail\">\n            <a href=\"https:\/\/ulliso.se\/blog\/wp-content\/gallery\/valborg\/img_3202.jpg\"\n               title=\"Mansk\u00f6ren.\"\n               data-src=\"https:\/\/ulliso.se\/blog\/wp-content\/gallery\/valborg\/img_3202.jpg\"\n               data-thumbnail=\"https:\/\/ulliso.se\/blog\/wp-content\/gallery\/valborg\/thumbs\/thumbs_img_3202.jpg\"\n               data-image-id=\"696\"\n               data-title=\"img_3202\"\n               data-description=\"Mansk\u00f6ren.\"\n               data-image-slug=\"img_3202\"\n               class=\"shutterset_1be3c6245f4f48ee7a5ae2146fe271a1\">\n                <img\n                    title=\"img_3202\"\n                    alt=\"img_3202\"\n                    src=\"https:\/\/ulliso.se\/blog\/wp-content\/gallery\/valborg\/thumbs\/thumbs_img_3202.jpg\"\n                    width=\"100\"\n                    height=\"75\"\n                    style=\"max-width:100%;\"\n                \/>\n            <\/a>\n        <\/div>\n\t\t\t\t\t\t\t<\/div> \n\t\t\t\n        \n\t\t\t\t<div id=\"ngg-image-3\" class=\"ngg-gallery-thumbnail-box\" >\n\t\t\t\t        <div class=\"ngg-gallery-thumbnail\">\n            <a href=\"https:\/\/ulliso.se\/blog\/wp-content\/gallery\/valborg\/img_3208.jpg\"\n               title=\"Brasan i Hortlax. Dessv\u00e4rre hade vi inte tid att stanna kvar och v\u00e4nta p\u00e5 att de skulle t\u00e4nda den. :(\"\n               data-src=\"https:\/\/ulliso.se\/blog\/wp-content\/gallery\/valborg\/img_3208.jpg\"\n               data-thumbnail=\"https:\/\/ulliso.se\/blog\/wp-content\/gallery\/valborg\/thumbs\/thumbs_img_3208.jpg\"\n               data-image-id=\"697\"\n               data-title=\"img_3208\"\n               data-description=\"Brasan i Hortlax. Dessv\u00e4rre hade vi inte tid att stanna kvar och v\u00e4nta p\u00e5 att de skulle t\u00e4nda den. :(\"\n               data-image-slug=\"img_3208\"\n               class=\"shutterset_1be3c6245f4f48ee7a5ae2146fe271a1\">\n                <img\n                    title=\"img_3208\"\n                    alt=\"img_3208\"\n                    src=\"https:\/\/ulliso.se\/blog\/wp-content\/gallery\/valborg\/thumbs\/thumbs_img_3208.jpg\"\n                    width=\"100\"\n                    height=\"75\"\n                    style=\"max-width:100%;\"\n                \/>\n            <\/a>\n        <\/div>\n\t\t\t\t\t\t\t<\/div> \n\t\t\t\n        \n\t\t\t\t<div id=\"ngg-image-4\" class=\"ngg-gallery-thumbnail-box\" >\n\t\t\t\t        <div class=\"ngg-gallery-thumbnail\">\n            <a href=\"https:\/\/ulliso.se\/blog\/wp-content\/gallery\/valborg\/img_3216.jpg\"\n               title=\"Kanalsimmet.\"\n               data-src=\"https:\/\/ulliso.se\/blog\/wp-content\/gallery\/valborg\/img_3216.jpg\"\n               data-thumbnail=\"https:\/\/ulliso.se\/blog\/wp-content\/gallery\/valborg\/thumbs\/thumbs_img_3216.jpg\"\n               data-image-id=\"698\"\n               data-title=\"img_3216\"\n               data-description=\"Kanalsimmet.\"\n               data-image-slug=\"img_3216\"\n               class=\"shutterset_1be3c6245f4f48ee7a5ae2146fe271a1\">\n                <img\n                    title=\"img_3216\"\n                    alt=\"img_3216\"\n                    src=\"https:\/\/ulliso.se\/blog\/wp-content\/gallery\/valborg\/thumbs\/thumbs_img_3216.jpg\"\n                    width=\"100\"\n                    height=\"75\"\n                    style=\"max-width:100%;\"\n                \/>\n            <\/a>\n        <\/div>\n\t\t\t\t\t\t\t<\/div> \n\t\t\t\n        \n\t\t\t\t<div id=\"ngg-image-5\" class=\"ngg-gallery-thumbnail-box\" >\n\t\t\t\t        <div class=\"ngg-gallery-thumbnail\">\n            <a href=\"https:\/\/ulliso.se\/blog\/wp-content\/gallery\/valborg\/img_3219.jpg\"\n               title=\"Kanalsimmet.\"\n               data-src=\"https:\/\/ulliso.se\/blog\/wp-content\/gallery\/valborg\/img_3219.jpg\"\n               data-thumbnail=\"https:\/\/ulliso.se\/blog\/wp-content\/gallery\/valborg\/thumbs\/thumbs_img_3219.jpg\"\n               data-image-id=\"699\"\n               data-title=\"img_3219\"\n               data-description=\"Kanalsimmet.\"\n               data-image-slug=\"img_3219\"\n               class=\"shutterset_1be3c6245f4f48ee7a5ae2146fe271a1\">\n                <img\n                    title=\"img_3219\"\n                    alt=\"img_3219\"\n                    src=\"https:\/\/ulliso.se\/blog\/wp-content\/gallery\/valborg\/thumbs\/thumbs_img_3219.jpg\"\n                    width=\"100\"\n                    height=\"75\"\n                    style=\"max-width:100%;\"\n                \/>\n            <\/a>\n        <\/div>\n\t\t\t\t\t\t\t<\/div> \n\t\t\t\n        \n\t\t\t\t<div id=\"ngg-image-6\" class=\"ngg-gallery-thumbnail-box\" >\n\t\t\t\t        <div class=\"ngg-gallery-thumbnail\">\n            <a href=\"https:\/\/ulliso.se\/blog\/wp-content\/gallery\/valborg\/img_3222.jpg\"\n               title=\"Kanalsimmet.\"\n               data-src=\"https:\/\/ulliso.se\/blog\/wp-content\/gallery\/valborg\/img_3222.jpg\"\n               data-thumbnail=\"https:\/\/ulliso.se\/blog\/wp-content\/gallery\/valborg\/thumbs\/thumbs_img_3222.jpg\"\n               data-image-id=\"700\"\n               data-title=\"img_3222\"\n               data-description=\"Kanalsimmet.\"\n               data-image-slug=\"img_3222\"\n               class=\"shutterset_1be3c6245f4f48ee7a5ae2146fe271a1\">\n                <img\n                    title=\"img_3222\"\n                    alt=\"img_3222\"\n                    src=\"https:\/\/ulliso.se\/blog\/wp-content\/gallery\/valborg\/thumbs\/thumbs_img_3222.jpg\"\n                    width=\"100\"\n                    height=\"75\"\n                    style=\"max-width:100%;\"\n                \/>\n            <\/a>\n        <\/div>\n\t\t\t\t\t\t\t<\/div> \n\t\t\t\n        \n\t\t\t\t<div id=\"ngg-image-7\" class=\"ngg-gallery-thumbnail-box\" >\n\t\t\t\t        <div class=\"ngg-gallery-thumbnail\">\n            <a href=\"https:\/\/ulliso.se\/blog\/wp-content\/gallery\/valborg\/img_3236.jpg\"\n               title=\"\\&quot;Majbrasan\\&quot; i Badhusparken.\"\n               data-src=\"https:\/\/ulliso.se\/blog\/wp-content\/gallery\/valborg\/img_3236.jpg\"\n               data-thumbnail=\"https:\/\/ulliso.se\/blog\/wp-content\/gallery\/valborg\/thumbs\/thumbs_img_3236.jpg\"\n               data-image-id=\"701\"\n               data-title=\"img_3236\"\n               data-description=\"&quot;Majbrasan&quot; i Badhusparken.\"\n               data-image-slug=\"img_3236\"\n               class=\"shutterset_1be3c6245f4f48ee7a5ae2146fe271a1\">\n                <img\n                    title=\"img_3236\"\n                    alt=\"img_3236\"\n                    src=\"https:\/\/ulliso.se\/blog\/wp-content\/gallery\/valborg\/thumbs\/thumbs_img_3236.jpg\"\n                    width=\"100\"\n                    height=\"75\"\n                    style=\"max-width:100%;\"\n                \/>\n            <\/a>\n        <\/div>\n\t\t\t\t\t\t\t<\/div> \n\t\t\t\n        \n\t\t\t\t<div id=\"ngg-image-8\" class=\"ngg-gallery-thumbnail-box\" >\n\t\t\t\t        <div class=\"ngg-gallery-thumbnail\">\n            <a href=\"https:\/\/ulliso.se\/blog\/wp-content\/gallery\/valborg\/img_3237.jpg\"\n               title=\"Det grillades korv.\"\n               data-src=\"https:\/\/ulliso.se\/blog\/wp-content\/gallery\/valborg\/img_3237.jpg\"\n               data-thumbnail=\"https:\/\/ulliso.se\/blog\/wp-content\/gallery\/valborg\/thumbs\/thumbs_img_3237.jpg\"\n               data-image-id=\"702\"\n               data-title=\"img_3237\"\n               data-description=\"Det grillades korv.\"\n               data-image-slug=\"img_3237\"\n               class=\"shutterset_1be3c6245f4f48ee7a5ae2146fe271a1\">\n                <img\n                    title=\"img_3237\"\n                    alt=\"img_3237\"\n                    src=\"https:\/\/ulliso.se\/blog\/wp-content\/gallery\/valborg\/thumbs\/thumbs_img_3237.jpg\"\n                    width=\"100\"\n                    height=\"75\"\n                    style=\"max-width:100%;\"\n                \/>\n            <\/a>\n        <\/div>\n\t\t\t\t\t\t\t<\/div> \n\t\t\t\n        \n\t\t\n\t\t<!-- Pagination -->\n\t<div class='ngg-clear'><\/div>\t<\/div>\n\n","protected":false},"excerpt":{"rendered":"<p>H\u00e4r kommer lite bilder fr\u00e5n valborgsm\u00e4ssoafton.<\/p>\n","protected":false},"author":1,"featured_media":0,"comment_status":"open","ping_status":"open","sticky":false,"template":"","format":"standard","meta":{"ngg_post_thumbnail":0},"categories":[31,6],"tags":[],"_links":{"self":[{"href":"https:\/\/ulliso.se\/blog\/index.php?rest_route=\/wp\/v2\/posts\/4467"}],"collection":[{"href":"https:\/\/ulliso.se\/blog\/index.php?rest_route=\/wp\/v2\/posts"}],"about":[{"href":"https:\/\/ulliso.se\/blog\/index.php?rest_route=\/wp\/v2\/types\/post"}],"author":[{"embeddable":true,"href":"https:\/\/ulliso.se\/blog\/index.php?rest_route=\/wp\/v2\/users\/1"}],"replies":[{"embeddable":true,"href":"https:\/\/ulliso.se\/blog\/index.php?rest_route=%2Fwp%2Fv2%2Fcomments&post=4467"}],"version-history":[{"count":1,"href":"https:\/\/ulliso.se\/blog\/index.php?rest_route=\/wp\/v2\/posts\/4467\/revisions"}],"predecessor-version":[{"id":4468,"href":"https:\/\/ulliso.se\/blog\/index.php?rest_route=\/wp\/v2\/posts\/4467\/revisions\/4468"}],"wp:attachment":[{"href":"https:\/\/ulliso.se\/blog\/index.php?rest_route=%2Fwp%2Fv2%2Fmedia&parent=4467"}],"wp:term":[{"taxonomy":"category","embeddable":true,"href":"https:\/\/ulliso.se\/blog\/index.php?rest_route=%2Fwp%2Fv2%2Fcategories&post=4467"},{"taxonomy":"post_tag","embeddable":true,"href":"https:\/\/ulliso.se\/blog\/index.php?rest_route=%2Fwp%2Fv2%2Ftags&post=4467"}],"curies":[{"name":"wp","href":"https:\/\/api.w.org\/{rel}","templated":true}]}}