{"id":4742,"date":"2013-06-23T23:26:35","date_gmt":"2013-06-23T21:26:35","guid":{"rendered":"http:\/\/ulliso.se\/blog\/?p=4742"},"modified":"2013-06-23T23:26:35","modified_gmt":"2013-06-23T21:26:35","slug":"midsommarhelgen","status":"publish","type":"post","link":"https:\/\/ulliso.se\/blog\/?p=4742","title":{"rendered":"Midsommarhelgen"},"content":{"rendered":"<p><strong>Midsommarafton<\/strong> firade vi f\u00f6rst p\u00e5 Svensbylida. Jag gillar deras tradition med att b\u00e4ra in midsommarst\u00e5ngen under musik. Jag har ingen bild p\u00e5 midsommarst\u00e5ngen i mitt bildspel, men det beror p\u00e5 att den bilden ska komma som ett 365-tema snart.<\/p>\n<p>Efter Svensbylida s\u00e5 var det middag hemma hos Jonas f\u00f6r\u00e4ldrar, d\u00e4r \u00e4ven Jonas bror M med sambo M var. Vi fick som vanligt j\u00e4ttegod mat, grillat med en massa tillbeh\u00f6r (olika sallader, r\u00f6ror, osv). Efterr\u00e4tten var en glutenfri t\u00e5rta.<\/p>\n<p>Vi var hemma strax efter kl. 20 och resten av kv\u00e4llen tillbringades i soffan framf\u00f6r tv:n.<\/p>\n<p>P\u00e5 <strong>midsommardagen<\/strong> regnade det hela eftermiddagen. Jag passade p\u00e5 att plugga p\u00e5 om MS eftersom jag missade den f\u00f6rel\u00e4sningen i skolan (var sjuk). Senare fram\u00e5t kv\u00e4llen slutade det regna och solen kom fram. D\u00e5 passade vi p\u00e5 att \u00e5ka en runda med bilen. Vi var bl.a. till Lomtj\u00e4rn.<\/p>\n<p><strong>Idag<\/strong> var det ocks\u00e5 tr\u00e5kigt v\u00e4der p\u00e5 eftermiddagen, s\u00e5 \u00e4ven d\u00e5 passade jag p\u00e5 att plugga lite, idag blev det om Parkinson, epilepsi och hj\u00e4rnskador (missade \u00e4ven de f\u00f6rel\u00e4sningarna). Det jag har kvar att l\u00e4sa in \u00e4r om hj\u00e4rtsjukdomar, men det t\u00e4nkte jag ta imorgon. Sedan \u00e4r jag ikapp det l\u00e4raren pratat om i skolan under mina sjukdagar f\u00f6rra veckan. Nu ikv\u00e4ll blev det riktigt fint v\u00e4der, s\u00e5 \u00e5ter igen tog vi bilen en sv\u00e4ng. Idag hamnade vi f\u00f6rst i Hamnviken, en badplats i \u00d6jebyn. Sedan letade vi upp Gr\u00f6nan, som \u00e4r ett vattenfyllt sandtag. Vi har f\u00f6rs\u00f6kt hitta detta st\u00e4lle<em> tv\u00e5<\/em> g\u00e5nger tidigare, men inte hittat. Men idag hittade vi \u00e4ntligen det! Tredje g\u00e5ngen gillt! En klasskompis hade f\u00f6rklarat en annan v\u00e4g dit, och den var l\u00e4ttare att hitta. N\u00e4r jag s\u00e5g Gr\u00f6nan s\u00e5 k\u00e4nde jag f\u00f6r att utbrista <strong>\u00c4NTLIGEN!<\/strong> ;)<\/p>\n<p>P\u00e5 tal om skolan s\u00e5 \u00e4r det tre veckor kvar av medicinkursen nu. Men from imorgon m\u00e5ndag och fram till den 19 augusti, s\u00e5 g\u00e4ller det att p\u00e5 egen hand l\u00e4sa p\u00e5 om diverse olika kroppsfunktioner och sjukdomar, eftersom vi ska l\u00e4sa p\u00e5 distans under sommaren. Detta eftersom m\u00e5nga av oss vill sommarjobba. Men jag har ju mina medicinb\u00f6cker att l\u00e4sa i. Men man kan \u00e4ven <a href=\"http:\/\/www.sanomautbildning.se\/Laromedel\/Gymnasie--vuxenutbildning\/Vard-och-omsorgsprogrammet\/Programgemensamma\/Medicin-1\/Lyssna-mp3-filer\/\" target=\"_blank\">lyssna<\/a> p\u00e5 en medicinbok p\u00e5 n\u00e4tet om man vill. Vecka 29 och 30 ska vi l\u00e4sa <em>psykologi<\/em>. Vecka 31 b\u00f6rjar vi l\u00e4sa <em>v\u00e5rd- och omsorgsarbete 2<\/em>. Vi har bildat studiegrupper som vi ska arbeta i under sommaren. Vi f\u00e5r tr\u00e4ffas n\u00e4r och hur vi vill under sommaren. Jag \u00e4r med tre andra tjejer i klassen. Jag \u00e4lskar verkligen min klass! &lt;3 Vi \u00e4r ett superbra g\u00e4ng. Kommer att sakna dem mycket den dagen vi slutar p\u00e5 utbildningen.<\/p>\n<p>Nu ska jag natta Emmy h\u00e4r!<\/p>\n<!-- index.php -->\n<div\n\tclass=\"ngg-galleryoverview ngg-ajax-pagination-none\"\n\tid=\"ngg-gallery-961e75e9f5ae0b9d8fa6abc49697266f-1\">\n\n    \t<div class=\"slideshowlink\">\n        <a href='https:\/\/ulliso.se\/blog\/index.php\/nggallery\/slideshow?p=4742'>[Show as slideshow]<\/a>\n\t\t\n\t<\/div>\n\t\t\t<!-- Thumbnails -->\n\t\t\t\t<div id=\"ngg-image-0\" class=\"ngg-gallery-thumbnail-box\" >\n\t\t\t\t        <div class=\"ngg-gallery-thumbnail\">\n            <a href=\"https:\/\/ulliso.se\/blog\/wp-content\/gallery\/midsommar\/01.jpg\"\n               title=\"Svensbylida.\"\n               data-src=\"https:\/\/ulliso.se\/blog\/wp-content\/gallery\/midsommar\/01.jpg\"\n               data-thumbnail=\"https:\/\/ulliso.se\/blog\/wp-content\/gallery\/midsommar\/thumbs\/thumbs_01.jpg\"\n               data-image-id=\"764\"\n               data-title=\"01\"\n               data-description=\"Svensbylida.\"\n               data-image-slug=\"01-8\"\n               class=\"shutterset_961e75e9f5ae0b9d8fa6abc49697266f\">\n                <img\n                    title=\"01\"\n                    alt=\"01\"\n                    src=\"https:\/\/ulliso.se\/blog\/wp-content\/gallery\/midsommar\/thumbs\/thumbs_01.jpg\"\n                    width=\"100\"\n                    height=\"75\"\n                    style=\"max-width:100%;\"\n                \/>\n            <\/a>\n        <\/div>\n\t\t\t\t\t\t\t<\/div> \n\t\t\t\n        \n\t\t\t\t<div id=\"ngg-image-1\" class=\"ngg-gallery-thumbnail-box\" >\n\t\t\t\t        <div class=\"ngg-gallery-thumbnail\">\n            <a href=\"https:\/\/ulliso.se\/blog\/wp-content\/gallery\/midsommar\/02.jpg\"\n               title=\"Svensbylida.\"\n               data-src=\"https:\/\/ulliso.se\/blog\/wp-content\/gallery\/midsommar\/02.jpg\"\n               data-thumbnail=\"https:\/\/ulliso.se\/blog\/wp-content\/gallery\/midsommar\/thumbs\/thumbs_02.jpg\"\n               data-image-id=\"765\"\n               data-title=\"02\"\n               data-description=\"Svensbylida.\"\n               data-image-slug=\"02-8\"\n               class=\"shutterset_961e75e9f5ae0b9d8fa6abc49697266f\">\n                <img\n                    title=\"02\"\n                    alt=\"02\"\n                    src=\"https:\/\/ulliso.se\/blog\/wp-content\/gallery\/midsommar\/thumbs\/thumbs_02.jpg\"\n                    width=\"100\"\n                    height=\"75\"\n                    style=\"max-width:100%;\"\n                \/>\n            <\/a>\n        <\/div>\n\t\t\t\t\t\t\t<\/div> \n\t\t\t\n        \n\t\t\t\t<div id=\"ngg-image-2\" class=\"ngg-gallery-thumbnail-box\" >\n\t\t\t\t        <div class=\"ngg-gallery-thumbnail\">\n            <a href=\"https:\/\/ulliso.se\/blog\/wp-content\/gallery\/midsommar\/03.jpg\"\n               title=\"Svensbylida.\"\n               data-src=\"https:\/\/ulliso.se\/blog\/wp-content\/gallery\/midsommar\/03.jpg\"\n               data-thumbnail=\"https:\/\/ulliso.se\/blog\/wp-content\/gallery\/midsommar\/thumbs\/thumbs_03.jpg\"\n               data-image-id=\"766\"\n               data-title=\"03\"\n               data-description=\"Svensbylida.\"\n               data-image-slug=\"03-8\"\n               class=\"shutterset_961e75e9f5ae0b9d8fa6abc49697266f\">\n                <img\n                    title=\"03\"\n                    alt=\"03\"\n                    src=\"https:\/\/ulliso.se\/blog\/wp-content\/gallery\/midsommar\/thumbs\/thumbs_03.jpg\"\n                    width=\"100\"\n                    height=\"75\"\n                    style=\"max-width:100%;\"\n                \/>\n            <\/a>\n        <\/div>\n\t\t\t\t\t\t\t<\/div> \n\t\t\t\n        \n\t\t\t\t<div id=\"ngg-image-3\" class=\"ngg-gallery-thumbnail-box\" >\n\t\t\t\t        <div class=\"ngg-gallery-thumbnail\">\n            <a href=\"https:\/\/ulliso.se\/blog\/wp-content\/gallery\/midsommar\/04.jpg\"\n               title=\"Svensbylida.\"\n               data-src=\"https:\/\/ulliso.se\/blog\/wp-content\/gallery\/midsommar\/04.jpg\"\n               data-thumbnail=\"https:\/\/ulliso.se\/blog\/wp-content\/gallery\/midsommar\/thumbs\/thumbs_04.jpg\"\n               data-image-id=\"767\"\n               data-title=\"04\"\n               data-description=\"Svensbylida.\"\n               data-image-slug=\"04-5\"\n               class=\"shutterset_961e75e9f5ae0b9d8fa6abc49697266f\">\n                <img\n                    title=\"04\"\n                    alt=\"04\"\n                    src=\"https:\/\/ulliso.se\/blog\/wp-content\/gallery\/midsommar\/thumbs\/thumbs_04.jpg\"\n                    width=\"100\"\n                    height=\"75\"\n                    style=\"max-width:100%;\"\n                \/>\n            <\/a>\n        <\/div>\n\t\t\t\t\t\t\t<\/div> \n\t\t\t\n        \n\t\t\t\t<div id=\"ngg-image-4\" class=\"ngg-gallery-thumbnail-box\" >\n\t\t\t\t        <div class=\"ngg-gallery-thumbnail\">\n            <a href=\"https:\/\/ulliso.se\/blog\/wp-content\/gallery\/midsommar\/05.jpg\"\n               title=\"Svensbylida.\"\n               data-src=\"https:\/\/ulliso.se\/blog\/wp-content\/gallery\/midsommar\/05.jpg\"\n               data-thumbnail=\"https:\/\/ulliso.se\/blog\/wp-content\/gallery\/midsommar\/thumbs\/thumbs_05.jpg\"\n               data-image-id=\"768\"\n               data-title=\"05\"\n               data-description=\"Svensbylida.\"\n               data-image-slug=\"05-7\"\n               class=\"shutterset_961e75e9f5ae0b9d8fa6abc49697266f\">\n                <img\n                    title=\"05\"\n                    alt=\"05\"\n                    src=\"https:\/\/ulliso.se\/blog\/wp-content\/gallery\/midsommar\/thumbs\/thumbs_05.jpg\"\n                    width=\"100\"\n                    height=\"75\"\n                    style=\"max-width:100%;\"\n                \/>\n            <\/a>\n        <\/div>\n\t\t\t\t\t\t\t<\/div> \n\t\t\t\n        \n\t\t\t\t<div id=\"ngg-image-5\" class=\"ngg-gallery-thumbnail-box\" >\n\t\t\t\t        <div class=\"ngg-gallery-thumbnail\">\n            <a href=\"https:\/\/ulliso.se\/blog\/wp-content\/gallery\/midsommar\/06.jpg\"\n               title=\"Svensbylida.\"\n               data-src=\"https:\/\/ulliso.se\/blog\/wp-content\/gallery\/midsommar\/06.jpg\"\n               data-thumbnail=\"https:\/\/ulliso.se\/blog\/wp-content\/gallery\/midsommar\/thumbs\/thumbs_06.jpg\"\n               data-image-id=\"769\"\n               data-title=\"06\"\n               data-description=\"Svensbylida.\"\n               data-image-slug=\"06-7\"\n               class=\"shutterset_961e75e9f5ae0b9d8fa6abc49697266f\">\n                <img\n                    title=\"06\"\n                    alt=\"06\"\n                    src=\"https:\/\/ulliso.se\/blog\/wp-content\/gallery\/midsommar\/thumbs\/thumbs_06.jpg\"\n                    width=\"100\"\n                    height=\"75\"\n                    style=\"max-width:100%;\"\n                \/>\n            <\/a>\n        <\/div>\n\t\t\t\t\t\t\t<\/div> \n\t\t\t\n        \n\t\t\t\t<div id=\"ngg-image-6\" class=\"ngg-gallery-thumbnail-box\" >\n\t\t\t\t        <div class=\"ngg-gallery-thumbnail\">\n            <a href=\"https:\/\/ulliso.se\/blog\/wp-content\/gallery\/midsommar\/07.jpg\"\n               title=\"Emmy fick en v\u00e5ffla p\u00e5 Svensbylida.\"\n               data-src=\"https:\/\/ulliso.se\/blog\/wp-content\/gallery\/midsommar\/07.jpg\"\n               data-thumbnail=\"https:\/\/ulliso.se\/blog\/wp-content\/gallery\/midsommar\/thumbs\/thumbs_07.jpg\"\n               data-image-id=\"770\"\n               data-title=\"07\"\n               data-description=\"Emmy fick en v\u00e5ffla p\u00e5 Svensbylida.\"\n               data-image-slug=\"07-6\"\n               class=\"shutterset_961e75e9f5ae0b9d8fa6abc49697266f\">\n                <img\n                    title=\"07\"\n                    alt=\"07\"\n                    src=\"https:\/\/ulliso.se\/blog\/wp-content\/gallery\/midsommar\/thumbs\/thumbs_07.jpg\"\n                    width=\"100\"\n                    height=\"75\"\n                    style=\"max-width:100%;\"\n                \/>\n            <\/a>\n        <\/div>\n\t\t\t\t\t\t\t<\/div> \n\t\t\t\n        \n\t\t\t\t<div id=\"ngg-image-7\" class=\"ngg-gallery-thumbnail-box\" >\n\t\t\t\t        <div class=\"ngg-gallery-thumbnail\">\n            <a href=\"https:\/\/ulliso.se\/blog\/wp-content\/gallery\/midsommar\/08.jpg\"\n               title=\"Midsommarmiddag hos Jonas f\u00f6r\u00e4ldrar.\"\n               data-src=\"https:\/\/ulliso.se\/blog\/wp-content\/gallery\/midsommar\/08.jpg\"\n               data-thumbnail=\"https:\/\/ulliso.se\/blog\/wp-content\/gallery\/midsommar\/thumbs\/thumbs_08.jpg\"\n               data-image-id=\"771\"\n               data-title=\"08\"\n               data-description=\"Midsommarmiddag hos Jonas f\u00f6r\u00e4ldrar.\"\n               data-image-slug=\"08-6\"\n               class=\"shutterset_961e75e9f5ae0b9d8fa6abc49697266f\">\n                <img\n                    title=\"08\"\n                    alt=\"08\"\n                    src=\"https:\/\/ulliso.se\/blog\/wp-content\/gallery\/midsommar\/thumbs\/thumbs_08.jpg\"\n                    width=\"100\"\n                    height=\"75\"\n                    style=\"max-width:100%;\"\n                \/>\n            <\/a>\n        <\/div>\n\t\t\t\t\t\t\t<\/div> \n\t\t\t\n        \n\t\t\t\t<div id=\"ngg-image-8\" class=\"ngg-gallery-thumbnail-box\" >\n\t\t\t\t        <div class=\"ngg-gallery-thumbnail\">\n            <a href=\"https:\/\/ulliso.se\/blog\/wp-content\/gallery\/midsommar\/09.jpg\"\n               title=\"Blommor hos Jonas f\u00f6r\u00e4ldrar.\"\n               data-src=\"https:\/\/ulliso.se\/blog\/wp-content\/gallery\/midsommar\/09.jpg\"\n               data-thumbnail=\"https:\/\/ulliso.se\/blog\/wp-content\/gallery\/midsommar\/thumbs\/thumbs_09.jpg\"\n               data-image-id=\"772\"\n               data-title=\"09\"\n               data-description=\"Blommor hos Jonas f\u00f6r\u00e4ldrar.\"\n               data-image-slug=\"09-5\"\n               class=\"shutterset_961e75e9f5ae0b9d8fa6abc49697266f\">\n                <img\n                    title=\"09\"\n                    alt=\"09\"\n                    src=\"https:\/\/ulliso.se\/blog\/wp-content\/gallery\/midsommar\/thumbs\/thumbs_09.jpg\"\n                    width=\"100\"\n                    height=\"75\"\n                    style=\"max-width:100%;\"\n                \/>\n            <\/a>\n        <\/div>\n\t\t\t\t\t\t\t<\/div> \n\t\t\t\n        \n\t\t\t\t<div id=\"ngg-image-9\" class=\"ngg-gallery-thumbnail-box\" >\n\t\t\t\t        <div class=\"ngg-gallery-thumbnail\">\n            <a href=\"https:\/\/ulliso.se\/blog\/wp-content\/gallery\/midsommar\/10.jpg\"\n               title=\"Midsommarmiddag hos Jonas f\u00f6r\u00e4ldrar.\"\n               data-src=\"https:\/\/ulliso.se\/blog\/wp-content\/gallery\/midsommar\/10.jpg\"\n               data-thumbnail=\"https:\/\/ulliso.se\/blog\/wp-content\/gallery\/midsommar\/thumbs\/thumbs_10.jpg\"\n               data-image-id=\"773\"\n               data-title=\"10\"\n               data-description=\"Midsommarmiddag hos Jonas f\u00f6r\u00e4ldrar.\"\n               data-image-slug=\"10-7\"\n               class=\"shutterset_961e75e9f5ae0b9d8fa6abc49697266f\">\n                <img\n                    title=\"10\"\n                    alt=\"10\"\n                    src=\"https:\/\/ulliso.se\/blog\/wp-content\/gallery\/midsommar\/thumbs\/thumbs_10.jpg\"\n                    width=\"100\"\n                    height=\"75\"\n                    style=\"max-width:100%;\"\n                \/>\n            <\/a>\n        <\/div>\n\t\t\t\t\t\t\t<\/div> \n\t\t\t\n        \n\t\t\t\t<div id=\"ngg-image-10\" class=\"ngg-gallery-thumbnail-box\" >\n\t\t\t\t        <div class=\"ngg-gallery-thumbnail\">\n            <a href=\"https:\/\/ulliso.se\/blog\/wp-content\/gallery\/midsommar\/11.jpg\"\n               title=\"Midsommarmiddag hos Jonas f\u00f6r\u00e4ldrar. Glutenfri t\u00e5rta. Jag uppskattar s\u00e5 mycket att det t\u00e4nks p\u00e5 mig som inte kan \u00e4ta gluten. &lt;3\"\n               data-src=\"https:\/\/ulliso.se\/blog\/wp-content\/gallery\/midsommar\/11.jpg\"\n               data-thumbnail=\"https:\/\/ulliso.se\/blog\/wp-content\/gallery\/midsommar\/thumbs\/thumbs_11.jpg\"\n               data-image-id=\"774\"\n               data-title=\"11\"\n               data-description=\"Midsommarmiddag hos Jonas f\u00f6r\u00e4ldrar. Glutenfri t\u00e5rta. Jag uppskattar s\u00e5 mycket att det t\u00e4nks p\u00e5 mig som inte kan \u00e4ta gluten. &lt;3\"\n               data-image-slug=\"11-12\"\n               class=\"shutterset_961e75e9f5ae0b9d8fa6abc49697266f\">\n                <img\n                    title=\"11\"\n                    alt=\"11\"\n                    src=\"https:\/\/ulliso.se\/blog\/wp-content\/gallery\/midsommar\/thumbs\/thumbs_11.jpg\"\n                    width=\"100\"\n                    height=\"75\"\n                    style=\"max-width:100%;\"\n                \/>\n            <\/a>\n        <\/div>\n\t\t\t\t\t\t\t<\/div> \n\t\t\t\n        \n\t\t\t\t<div id=\"ngg-image-11\" class=\"ngg-gallery-thumbnail-box\" >\n\t\t\t\t        <div class=\"ngg-gallery-thumbnail\">\n            <a href=\"https:\/\/ulliso.se\/blog\/wp-content\/gallery\/midsommar\/12.jpg\"\n               title=\"Vackert med dropparna p\u00e5 bladet.\"\n               data-src=\"https:\/\/ulliso.se\/blog\/wp-content\/gallery\/midsommar\/12.jpg\"\n               data-thumbnail=\"https:\/\/ulliso.se\/blog\/wp-content\/gallery\/midsommar\/thumbs\/thumbs_12.jpg\"\n               data-image-id=\"775\"\n               data-title=\"12\"\n               data-description=\"Vackert med dropparna p\u00e5 bladet.\"\n               data-image-slug=\"12-10\"\n               class=\"shutterset_961e75e9f5ae0b9d8fa6abc49697266f\">\n                <img\n                    title=\"12\"\n                    alt=\"12\"\n                    src=\"https:\/\/ulliso.se\/blog\/wp-content\/gallery\/midsommar\/thumbs\/thumbs_12.jpg\"\n                    width=\"100\"\n                    height=\"75\"\n                    style=\"max-width:100%;\"\n                \/>\n            <\/a>\n        <\/div>\n\t\t\t\t\t\t\t<\/div> \n\t\t\t\n        \n\t\t\t\t<div id=\"ngg-image-12\" class=\"ngg-gallery-thumbnail-box\" >\n\t\t\t\t        <div class=\"ngg-gallery-thumbnail\">\n            <a href=\"https:\/\/ulliso.se\/blog\/wp-content\/gallery\/midsommar\/13.jpg\"\n               title=\"Svanpar med unge.\"\n               data-src=\"https:\/\/ulliso.se\/blog\/wp-content\/gallery\/midsommar\/13.jpg\"\n               data-thumbnail=\"https:\/\/ulliso.se\/blog\/wp-content\/gallery\/midsommar\/thumbs\/thumbs_13.jpg\"\n               data-image-id=\"776\"\n               data-title=\"13\"\n               data-description=\"Svanpar med unge.\"\n               data-image-slug=\"13-12\"\n               class=\"shutterset_961e75e9f5ae0b9d8fa6abc49697266f\">\n                <img\n                    title=\"13\"\n                    alt=\"13\"\n                    src=\"https:\/\/ulliso.se\/blog\/wp-content\/gallery\/midsommar\/thumbs\/thumbs_13.jpg\"\n                    width=\"100\"\n                    height=\"75\"\n                    style=\"max-width:100%;\"\n                \/>\n            <\/a>\n        <\/div>\n\t\t\t\t\t\t\t<\/div> \n\t\t\t\n        \n\t\t\t\t<div id=\"ngg-image-13\" class=\"ngg-gallery-thumbnail-box\" >\n\t\t\t\t        <div class=\"ngg-gallery-thumbnail\">\n            <a href=\"https:\/\/ulliso.se\/blog\/wp-content\/gallery\/midsommar\/14.jpg\"\n               title=\"Emmy doppar f\u00f6tterna i Hamnviken.\"\n               data-src=\"https:\/\/ulliso.se\/blog\/wp-content\/gallery\/midsommar\/14.jpg\"\n               data-thumbnail=\"https:\/\/ulliso.se\/blog\/wp-content\/gallery\/midsommar\/thumbs\/thumbs_14.jpg\"\n               data-image-id=\"777\"\n               data-title=\"14\"\n               data-description=\"Emmy doppar f\u00f6tterna i Hamnviken.\"\n               data-image-slug=\"14-11\"\n               class=\"shutterset_961e75e9f5ae0b9d8fa6abc49697266f\">\n                <img\n                    title=\"14\"\n                    alt=\"14\"\n                    src=\"https:\/\/ulliso.se\/blog\/wp-content\/gallery\/midsommar\/thumbs\/thumbs_14.jpg\"\n                    width=\"100\"\n                    height=\"75\"\n                    style=\"max-width:100%;\"\n                \/>\n            <\/a>\n        <\/div>\n\t\t\t\t\t\t\t<\/div> \n\t\t\t\n        \n\t\t\t\t<div id=\"ngg-image-14\" class=\"ngg-gallery-thumbnail-box\" >\n\t\t\t\t        <div class=\"ngg-gallery-thumbnail\">\n            <a href=\"https:\/\/ulliso.se\/blog\/wp-content\/gallery\/midsommar\/15.jpg\"\n               title=\"Emmys f\u00f6tter.\"\n               data-src=\"https:\/\/ulliso.se\/blog\/wp-content\/gallery\/midsommar\/15.jpg\"\n               data-thumbnail=\"https:\/\/ulliso.se\/blog\/wp-content\/gallery\/midsommar\/thumbs\/thumbs_15.jpg\"\n               data-image-id=\"778\"\n               data-title=\"15\"\n               data-description=\"Emmys f\u00f6tter.\"\n               data-image-slug=\"15-15\"\n               class=\"shutterset_961e75e9f5ae0b9d8fa6abc49697266f\">\n                <img\n                    title=\"15\"\n                    alt=\"15\"\n                    src=\"https:\/\/ulliso.se\/blog\/wp-content\/gallery\/midsommar\/thumbs\/thumbs_15.jpg\"\n                    width=\"100\"\n                    height=\"75\"\n                    style=\"max-width:100%;\"\n                \/>\n            <\/a>\n        <\/div>\n\t\t\t\t\t\t\t<\/div> \n\t\t\t\n        \n\t\t\t\t<div id=\"ngg-image-15\" class=\"ngg-gallery-thumbnail-box\" >\n\t\t\t\t        <div class=\"ngg-gallery-thumbnail\">\n            <a href=\"https:\/\/ulliso.se\/blog\/wp-content\/gallery\/midsommar\/16.jpg\"\n               title=\"Gr\u00f6nan. Ett gammalt sandtag som numera \u00e4r vattenfyllt.\"\n               data-src=\"https:\/\/ulliso.se\/blog\/wp-content\/gallery\/midsommar\/16.jpg\"\n               data-thumbnail=\"https:\/\/ulliso.se\/blog\/wp-content\/gallery\/midsommar\/thumbs\/thumbs_16.jpg\"\n               data-image-id=\"779\"\n               data-title=\"16\"\n               data-description=\"Gr\u00f6nan. Ett gammalt sandtag som numera \u00e4r vattenfyllt.\"\n               data-image-slug=\"16-13\"\n               class=\"shutterset_961e75e9f5ae0b9d8fa6abc49697266f\">\n                <img\n                    title=\"16\"\n                    alt=\"16\"\n                    src=\"https:\/\/ulliso.se\/blog\/wp-content\/gallery\/midsommar\/thumbs\/thumbs_16.jpg\"\n                    width=\"100\"\n                    height=\"75\"\n                    style=\"max-width:100%;\"\n                \/>\n            <\/a>\n        <\/div>\n\t\t\t\t\t\t\t<\/div> \n\t\t\t\n        \n\t\t\t\t<div id=\"ngg-image-16\" class=\"ngg-gallery-thumbnail-box\" >\n\t\t\t\t        <div class=\"ngg-gallery-thumbnail\">\n            <a href=\"https:\/\/ulliso.se\/blog\/wp-content\/gallery\/midsommar\/17.jpg\"\n               title=\"Tjejerna uppe p\u00e5 en stor grush\u00f6g.\"\n               data-src=\"https:\/\/ulliso.se\/blog\/wp-content\/gallery\/midsommar\/17.jpg\"\n               data-thumbnail=\"https:\/\/ulliso.se\/blog\/wp-content\/gallery\/midsommar\/thumbs\/thumbs_17.jpg\"\n               data-image-id=\"780\"\n               data-title=\"17\"\n               data-description=\"Tjejerna uppe p\u00e5 en stor grush\u00f6g.\"\n               data-image-slug=\"17-12\"\n               class=\"shutterset_961e75e9f5ae0b9d8fa6abc49697266f\">\n                <img\n                    title=\"17\"\n                    alt=\"17\"\n                    src=\"https:\/\/ulliso.se\/blog\/wp-content\/gallery\/midsommar\/thumbs\/thumbs_17.jpg\"\n                    width=\"100\"\n                    height=\"75\"\n                    style=\"max-width:100%;\"\n                \/>\n            <\/a>\n        <\/div>\n\t\t\t\t\t\t\t<\/div> \n\t\t\t\n        \n\t\t\t\t<div id=\"ngg-image-17\" class=\"ngg-gallery-thumbnail-box\" >\n\t\t\t\t        <div class=\"ngg-gallery-thumbnail\">\n            <a href=\"https:\/\/ulliso.se\/blog\/wp-content\/gallery\/midsommar\/18.jpg\"\n               title=\"Mygga. Det \u00e4r mycket mygg i \u00e5r.\"\n               data-src=\"https:\/\/ulliso.se\/blog\/wp-content\/gallery\/midsommar\/18.jpg\"\n               data-thumbnail=\"https:\/\/ulliso.se\/blog\/wp-content\/gallery\/midsommar\/thumbs\/thumbs_18.jpg\"\n               data-image-id=\"781\"\n               data-title=\"18\"\n               data-description=\"Mygga. Det \u00e4r mycket mygg i \u00e5r.\"\n               data-image-slug=\"18-10\"\n               class=\"shutterset_961e75e9f5ae0b9d8fa6abc49697266f\">\n                <img\n                    title=\"18\"\n                    alt=\"18\"\n                    src=\"https:\/\/ulliso.se\/blog\/wp-content\/gallery\/midsommar\/thumbs\/thumbs_18.jpg\"\n                    width=\"100\"\n                    height=\"75\"\n                    style=\"max-width:100%;\"\n                \/>\n            <\/a>\n        <\/div>\n\t\t\t\t\t\t\t<\/div> \n\t\t\t\n        \n\t\t\t\t<div id=\"ngg-image-18\" class=\"ngg-gallery-thumbnail-box\" >\n\t\t\t\t        <div class=\"ngg-gallery-thumbnail\">\n            <a href=\"https:\/\/ulliso.se\/blog\/wp-content\/gallery\/midsommar\/19.jpg\"\n               title=\"J\u00e4rnv\u00e4gen.\"\n               data-src=\"https:\/\/ulliso.se\/blog\/wp-content\/gallery\/midsommar\/19.jpg\"\n               data-thumbnail=\"https:\/\/ulliso.se\/blog\/wp-content\/gallery\/midsommar\/thumbs\/thumbs_19.jpg\"\n               data-image-id=\"782\"\n               data-title=\"19\"\n               data-description=\"J\u00e4rnv\u00e4gen.\"\n               data-image-slug=\"19-12\"\n               class=\"shutterset_961e75e9f5ae0b9d8fa6abc49697266f\">\n                <img\n                    title=\"19\"\n                    alt=\"19\"\n                    src=\"https:\/\/ulliso.se\/blog\/wp-content\/gallery\/midsommar\/thumbs\/thumbs_19.jpg\"\n                    width=\"100\"\n                    height=\"75\"\n                    style=\"max-width:100%;\"\n                \/>\n            <\/a>\n        <\/div>\n\t\t\t\t\t\t\t<\/div> \n\t\t\t\n        \n\t\t\t\t<div id=\"ngg-image-19\" class=\"ngg-gallery-thumbnail-box\" >\n\t\t\t\t        <div class=\"ngg-gallery-thumbnail\">\n            <a href=\"https:\/\/ulliso.se\/blog\/wp-content\/gallery\/midsommar\/20.jpg\"\n               title=\"Rallarblomma.\"\n               data-src=\"https:\/\/ulliso.se\/blog\/wp-content\/gallery\/midsommar\/20.jpg\"\n               data-thumbnail=\"https:\/\/ulliso.se\/blog\/wp-content\/gallery\/midsommar\/thumbs\/thumbs_20.jpg\"\n               data-image-id=\"783\"\n               data-title=\"20\"\n               data-description=\"Rallarblomma.\"\n               data-image-slug=\"20-8\"\n               class=\"shutterset_961e75e9f5ae0b9d8fa6abc49697266f\">\n                <img\n                    title=\"20\"\n                    alt=\"20\"\n                    src=\"https:\/\/ulliso.se\/blog\/wp-content\/gallery\/midsommar\/thumbs\/thumbs_20.jpg\"\n                    width=\"100\"\n                    height=\"75\"\n                    style=\"max-width:100%;\"\n                \/>\n            <\/a>\n        <\/div>\n\t\t\t\t\t\t\t<\/div> \n\t\t\t\n        \n\t\t\n\t\t<!-- Pagination -->\n\t<div class='ngg-navigation'><span class='current'>1<\/span>\n<a class='page-numbers' data-pageid='2' href='https:\/\/ulliso.se\/blog\/index.php\/nggallery\/page\/2?p=4742'>2<\/a>\n<a class='prev' href='https:\/\/ulliso.se\/blog\/index.php\/nggallery\/page\/2?p=4742' data-pageid=2>&#9658;<\/a><\/div>\t<\/div>\n\n<p>&nbsp;<\/p>\n","protected":false},"excerpt":{"rendered":"<p>Midsommarafton firade vi f\u00f6rst p\u00e5 Svensbylida. Jag gillar deras tradition med att b\u00e4ra in midsommarst\u00e5ngen under musik. Jag har ingen bild p\u00e5 midsommarst\u00e5ngen i mitt bildspel, men det beror p\u00e5 att den bilden ska komma som ett 365-tema snart. Efter Svensbylida s\u00e5 var det middag hemma hos Jonas f\u00f6r\u00e4ldrar, d\u00e4r \u00e4ven Jonas bror M med [&hellip;]<\/p>\n","protected":false},"author":1,"featured_media":0,"comment_status":"open","ping_status":"open","sticky":false,"template":"","format":"standard","meta":{"ngg_post_thumbnail":0},"categories":[6],"tags":[],"_links":{"self":[{"href":"https:\/\/ulliso.se\/blog\/index.php?rest_route=\/wp\/v2\/posts\/4742"}],"collection":[{"href":"https:\/\/ulliso.se\/blog\/index.php?rest_route=\/wp\/v2\/posts"}],"about":[{"href":"https:\/\/ulliso.se\/blog\/index.php?rest_route=\/wp\/v2\/types\/post"}],"author":[{"embeddable":true,"href":"https:\/\/ulliso.se\/blog\/index.php?rest_route=\/wp\/v2\/users\/1"}],"replies":[{"embeddable":true,"href":"https:\/\/ulliso.se\/blog\/index.php?rest_route=%2Fwp%2Fv2%2Fcomments&post=4742"}],"version-history":[{"count":3,"href":"https:\/\/ulliso.se\/blog\/index.php?rest_route=\/wp\/v2\/posts\/4742\/revisions"}],"predecessor-version":[{"id":4745,"href":"https:\/\/ulliso.se\/blog\/index.php?rest_route=\/wp\/v2\/posts\/4742\/revisions\/4745"}],"wp:attachment":[{"href":"https:\/\/ulliso.se\/blog\/index.php?rest_route=%2Fwp%2Fv2%2Fmedia&parent=4742"}],"wp:term":[{"taxonomy":"category","embeddable":true,"href":"https:\/\/ulliso.se\/blog\/index.php?rest_route=%2Fwp%2Fv2%2Fcategories&post=4742"},{"taxonomy":"post_tag","embeddable":true,"href":"https:\/\/ulliso.se\/blog\/index.php?rest_route=%2Fwp%2Fv2%2Ftags&post=4742"}],"curies":[{"name":"wp","href":"https:\/\/api.w.org\/{rel}","templated":true}]}}