{"id":4816,"date":"2013-07-05T23:17:43","date_gmt":"2013-07-05T21:17:43","guid":{"rendered":"http:\/\/ulliso.se\/blog\/?p=4816"},"modified":"2013-07-05T23:17:43","modified_gmt":"2013-07-05T21:17:43","slug":"hant-i-veckan-2","status":"publish","type":"post","link":"https:\/\/ulliso.se\/blog\/?p=4816","title":{"rendered":"H\u00e4nt i veckan!"},"content":{"rendered":"<p>Ska f\u00f6rs\u00f6ka mig p\u00e5 en sammanfattning av veckan. Det \u00e4r alltid kul att ha saker man gjort p\u00e5 pr\u00e4nt.<\/p>\n<p><em>I m\u00e5ndags<\/em>\u00a0hade Jonas sin f\u00f6rsta semesterdag. Jag hade mest huvudv\u00e4rk hela dagen, s\u00e5 d\u00e4rf\u00f6r blev det dessv\u00e4rre ingen tr\u00e4ning f\u00f6r mig och I.<\/p>\n<p><em>I tisdags<\/em> l\u00e4rde jag mig <a href=\"http:\/\/www.youtube.com\/watch?v=ZbEnh-Q2KAI\" target=\"_blank\">HLR<\/a> (hj\u00e4rt-lungr\u00e4ddning) i skolan. S\u00e5 nu har jag den r\u00e4tta kompetensen till det. P\u00e5 eftermiddagen var jag och familjen p\u00e5 biblioteket. Det blev en hel del b\u00f6cker l\u00e5nade f\u00f6r mig och tjejerna. Grabbarna i denna familjen l\u00e5nar inte i n\u00e4rheten s\u00e5 mycket b\u00f6cker som vi g\u00f6r.<\/p>\n<p><em>I onsdags <\/em>hade jag tr\u00e4ningsv\u00e4rk i magen efter HLR:en ig\u00e5r. Konstigt st\u00e4lle att ha tr\u00e4ningsv\u00e4rk p\u00e5 d\u00e5 man gjort det. M\u00e5nga i klassen hade tr\u00e4ningsv\u00e4rk i armar och i handleder. P\u00e5 eftermiddagen\u00a0var vi och bes\u00f6kte\u00a0<a href=\"http:\/\/www.grans.naturbruksgymn.se\/MeromGran\/Granparken\/tabid\/159\/Default.aspx\" target=\"_blank\">Granparken<\/a>. Det \u00e4r s\u00e5 kul att komma dit och kolla in djuren. De har bl.a. kor, grisar, f\u00e5r, lamm, marsvin, kaniner, h\u00e4star, getter.<\/p>\n<p><em>Ig\u00e5r, torsdag,<\/em> var vi p\u00e5 Peugeot-verkstaden och best\u00e4llde nya doftampuller till bilen. Vi har vanilj d\u00e4r nu och den lukten \u00e4r verkligen <em>vederv\u00e4rdig<\/em>, s\u00e5 d\u00e4rf\u00f6r vill jag ha en annan doft. Det blev havsdoft. Hoppas att den ska dofta b\u00e4ttre. De hade inte den inne nu, tyv\u00e4rr. Vi tittade \u00e4ven lite p\u00e5 nya bilar n\u00e4r vi var d\u00e4r. Det \u00e4r alltid kul att kolla p\u00e5 nya bilar, men vi ska dock <em>inte<\/em> byta. Det fanns dock en superfin bil d\u00e4r, en svart\u00a0<a href=\"http:\/\/www.peugeot.se\/showroom\/3008\/crossover\/#!\" target=\"_blank\">Peugeot 3008<\/a>\u00a0som jag inte skulle tacka nej till. P\u00e5 kv\u00e4llen bringade vi ordning bland en del irriterande sladdh\u00e4rvor, s\u00e5 nu ser det fint ut h\u00e4r. Jag hatar sladdh\u00e4rvor!<\/p>\n<p><em>Idag, fredag,<\/em> har jag och mina tre studiegruppskompisar tr\u00e4ffats hemma hos Linda och gjort klart v\u00e5ra b\u00e5da bed\u00f6mningsuppgifter i psykologi. S\u00e5 sk\u00f6nt att ha det gjort! Nu ska det bara renskrivas, men det g\u00f6r Therese denna g\u00e5ngen (jag renskrev alla bed\u00f6mningsuppgifterna i medicin). N\u00e4r vi var klara s\u00e5 kom Jonas och h\u00e4mtade mig. Vi \u00e5kte hem och \u00e5t lite lunch, f\u00f6r att sedan \u00e5ka vidare till biblioteket f\u00f6r andra g\u00e5ngen denna vecka. Vi skulle l\u00e4mna igen lite b\u00f6cker och jag skulle h\u00e4mta ut b\u00f6cker som jag reserverat.<\/p>\n<p>Efter det \u00e5kte vi till D\u00e4ckia d\u00e4r Jonas k\u00f6pte nya sommard\u00e4ck till bilen. Efter det blev det en runda till Granng\u00e5rden f\u00f6r att inf\u00f6rskaffa &#8221;lite&#8221; (25 kg) sp\u00e5n till marsvinsburen. Sedan \u00e5kte vi hem till Jonas f\u00f6r\u00e4ldrar d\u00e4r jag damms\u00f6g bilen. Vi skulle tv\u00e4tta den ocks\u00e5, men det b\u00f6rjade regna. Vi f\u00e5r tv\u00e4tta den i helgen ist\u00e4llet.<\/p>\n<p><em>I helgen<\/em> blir det jobb igen f\u00f6r min del, s\u00e5 jag ska strax g\u00e5 och l\u00e4gga mig. Jag b\u00e4var f\u00f6r denna jobbhelgen, det \u00e4r n\u00e4mligen\u00a0<a href=\"https:\/\/www.pitea.se\/sv\/Turism-och-Noje\/Evenemang\/?TLl=sv&amp;TLp=631589\" target=\"_blank\">dragracing<\/a> h\u00e4r i stan och d\u00e5 \u00e4r det alltid mycket att g\u00f6ra. Dessutom upptr\u00e4der Brolle i Badhusparken ikv\u00e4ll.<\/p>\n<p>Nu v\u00e4ntar s\u00e4ngen som sagt. \u00a0Avslutar med att l\u00e4gga upp lite bilder som jag inte hunnit visa h\u00e4r p\u00e5 bloggen \u00e4nnu:<\/p>\n<!-- index.php -->\n<div\n\tclass=\"ngg-galleryoverview ngg-ajax-pagination-none\"\n\tid=\"ngg-gallery-3b60f40e1aa0dd5da3f63f2486e4d497-1\">\n\n    \t<div class=\"slideshowlink\">\n        <a href='https:\/\/ulliso.se\/blog\/index.php\/nggallery\/slideshow?p=4816'>[Show as slideshow]<\/a>\n\t\t\n\t<\/div>\n\t\t\t<!-- Thumbnails -->\n\t\t\t\t<div id=\"ngg-image-0\" class=\"ngg-gallery-thumbnail-box\" >\n\t\t\t\t        <div class=\"ngg-gallery-thumbnail\">\n            <a href=\"https:\/\/ulliso.se\/blog\/wp-content\/gallery\/5juli\/01.jpg\"\n               title=\"Lule\u00e5 en dag i maj.\"\n               data-src=\"https:\/\/ulliso.se\/blog\/wp-content\/gallery\/5juli\/01.jpg\"\n               data-thumbnail=\"https:\/\/ulliso.se\/blog\/wp-content\/gallery\/5juli\/thumbs\/thumbs_01.jpg\"\n               data-image-id=\"791\"\n               data-title=\"01\"\n               data-description=\"Lule\u00e5 en dag i maj.\"\n               data-image-slug=\"01-9\"\n               class=\"shutterset_3b60f40e1aa0dd5da3f63f2486e4d497\">\n                <img\n                    title=\"01\"\n                    alt=\"01\"\n                    src=\"https:\/\/ulliso.se\/blog\/wp-content\/gallery\/5juli\/thumbs\/thumbs_01.jpg\"\n                    width=\"100\"\n                    height=\"75\"\n                    style=\"max-width:100%;\"\n                \/>\n            <\/a>\n        <\/div>\n\t\t\t\t\t\t\t<\/div> \n\t\t\t\n        \n\t\t\t\t<div id=\"ngg-image-1\" class=\"ngg-gallery-thumbnail-box\" >\n\t\t\t\t        <div class=\"ngg-gallery-thumbnail\">\n            <a href=\"https:\/\/ulliso.se\/blog\/wp-content\/gallery\/5juli\/02.jpg\"\n               title=\"Svensbylida.\"\n               data-src=\"https:\/\/ulliso.se\/blog\/wp-content\/gallery\/5juli\/02.jpg\"\n               data-thumbnail=\"https:\/\/ulliso.se\/blog\/wp-content\/gallery\/5juli\/thumbs\/thumbs_02.jpg\"\n               data-image-id=\"792\"\n               data-title=\"02\"\n               data-description=\"Svensbylida.\"\n               data-image-slug=\"02-9\"\n               class=\"shutterset_3b60f40e1aa0dd5da3f63f2486e4d497\">\n                <img\n                    title=\"02\"\n                    alt=\"02\"\n                    src=\"https:\/\/ulliso.se\/blog\/wp-content\/gallery\/5juli\/thumbs\/thumbs_02.jpg\"\n                    width=\"100\"\n                    height=\"75\"\n                    style=\"max-width:100%;\"\n                \/>\n            <\/a>\n        <\/div>\n\t\t\t\t\t\t\t<\/div> \n\t\t\t\n        \n\t\t\t\t<div id=\"ngg-image-2\" class=\"ngg-gallery-thumbnail-box\" >\n\t\t\t\t        <div class=\"ngg-gallery-thumbnail\">\n            <a href=\"https:\/\/ulliso.se\/blog\/wp-content\/gallery\/5juli\/03.jpg\"\n               title=\"Svensbylida. &lt;3\"\n               data-src=\"https:\/\/ulliso.se\/blog\/wp-content\/gallery\/5juli\/03.jpg\"\n               data-thumbnail=\"https:\/\/ulliso.se\/blog\/wp-content\/gallery\/5juli\/thumbs\/thumbs_03.jpg\"\n               data-image-id=\"793\"\n               data-title=\"03\"\n               data-description=\"Svensbylida. &lt;3\"\n               data-image-slug=\"03-9\"\n               class=\"shutterset_3b60f40e1aa0dd5da3f63f2486e4d497\">\n                <img\n                    title=\"03\"\n                    alt=\"03\"\n                    src=\"https:\/\/ulliso.se\/blog\/wp-content\/gallery\/5juli\/thumbs\/thumbs_03.jpg\"\n                    width=\"100\"\n                    height=\"75\"\n                    style=\"max-width:100%;\"\n                \/>\n            <\/a>\n        <\/div>\n\t\t\t\t\t\t\t<\/div> \n\t\t\t\n        \n\t\t\t\t<div id=\"ngg-image-3\" class=\"ngg-gallery-thumbnail-box\" >\n\t\t\t\t        <div class=\"ngg-gallery-thumbnail\">\n            <a href=\"https:\/\/ulliso.se\/blog\/wp-content\/gallery\/5juli\/04.jpg\"\n               title=\"Kyrkstaden i \u00d6jebyn.\"\n               data-src=\"https:\/\/ulliso.se\/blog\/wp-content\/gallery\/5juli\/04.jpg\"\n               data-thumbnail=\"https:\/\/ulliso.se\/blog\/wp-content\/gallery\/5juli\/thumbs\/thumbs_04.jpg\"\n               data-image-id=\"794\"\n               data-title=\"04\"\n               data-description=\"Kyrkstaden i \u00d6jebyn.\"\n               data-image-slug=\"04-6\"\n               class=\"shutterset_3b60f40e1aa0dd5da3f63f2486e4d497\">\n                <img\n                    title=\"04\"\n                    alt=\"04\"\n                    src=\"https:\/\/ulliso.se\/blog\/wp-content\/gallery\/5juli\/thumbs\/thumbs_04.jpg\"\n                    width=\"100\"\n                    height=\"75\"\n                    style=\"max-width:100%;\"\n                \/>\n            <\/a>\n        <\/div>\n\t\t\t\t\t\t\t<\/div> \n\t\t\t\n        \n\t\t\t\t<div id=\"ngg-image-4\" class=\"ngg-gallery-thumbnail-box\" >\n\t\t\t\t        <div class=\"ngg-gallery-thumbnail\">\n            <a href=\"https:\/\/ulliso.se\/blog\/wp-content\/gallery\/5juli\/05.jpg\"\n               title=\"Vackert.\"\n               data-src=\"https:\/\/ulliso.se\/blog\/wp-content\/gallery\/5juli\/05.jpg\"\n               data-thumbnail=\"https:\/\/ulliso.se\/blog\/wp-content\/gallery\/5juli\/thumbs\/thumbs_05.jpg\"\n               data-image-id=\"795\"\n               data-title=\"05\"\n               data-description=\"Vackert.\"\n               data-image-slug=\"05-8\"\n               class=\"shutterset_3b60f40e1aa0dd5da3f63f2486e4d497\">\n                <img\n                    title=\"05\"\n                    alt=\"05\"\n                    src=\"https:\/\/ulliso.se\/blog\/wp-content\/gallery\/5juli\/thumbs\/thumbs_05.jpg\"\n                    width=\"100\"\n                    height=\"75\"\n                    style=\"max-width:100%;\"\n                \/>\n            <\/a>\n        <\/div>\n\t\t\t\t\t\t\t<\/div> \n\t\t\t\n        \n\t\t\t\t<div id=\"ngg-image-5\" class=\"ngg-gallery-thumbnail-box\" >\n\t\t\t\t        <div class=\"ngg-gallery-thumbnail\">\n            <a href=\"https:\/\/ulliso.se\/blog\/wp-content\/gallery\/5juli\/06.jpg\"\n               title=\"Granparken.\"\n               data-src=\"https:\/\/ulliso.se\/blog\/wp-content\/gallery\/5juli\/06.jpg\"\n               data-thumbnail=\"https:\/\/ulliso.se\/blog\/wp-content\/gallery\/5juli\/thumbs\/thumbs_06.jpg\"\n               data-image-id=\"796\"\n               data-title=\"06\"\n               data-description=\"Granparken.\"\n               data-image-slug=\"06-8\"\n               class=\"shutterset_3b60f40e1aa0dd5da3f63f2486e4d497\">\n                <img\n                    title=\"06\"\n                    alt=\"06\"\n                    src=\"https:\/\/ulliso.se\/blog\/wp-content\/gallery\/5juli\/thumbs\/thumbs_06.jpg\"\n                    width=\"100\"\n                    height=\"75\"\n                    style=\"max-width:100%;\"\n                \/>\n            <\/a>\n        <\/div>\n\t\t\t\t\t\t\t<\/div> \n\t\t\t\n        \n\t\t\t\t<div id=\"ngg-image-6\" class=\"ngg-gallery-thumbnail-box\" >\n\t\t\t\t        <div class=\"ngg-gallery-thumbnail\">\n            <a href=\"https:\/\/ulliso.se\/blog\/wp-content\/gallery\/5juli\/07.jpg\"\n               title=\"Granparken.\"\n               data-src=\"https:\/\/ulliso.se\/blog\/wp-content\/gallery\/5juli\/07.jpg\"\n               data-thumbnail=\"https:\/\/ulliso.se\/blog\/wp-content\/gallery\/5juli\/thumbs\/thumbs_07.jpg\"\n               data-image-id=\"797\"\n               data-title=\"07\"\n               data-description=\"Granparken.\"\n               data-image-slug=\"07-7\"\n               class=\"shutterset_3b60f40e1aa0dd5da3f63f2486e4d497\">\n                <img\n                    title=\"07\"\n                    alt=\"07\"\n                    src=\"https:\/\/ulliso.se\/blog\/wp-content\/gallery\/5juli\/thumbs\/thumbs_07.jpg\"\n                    width=\"100\"\n                    height=\"75\"\n                    style=\"max-width:100%;\"\n                \/>\n            <\/a>\n        <\/div>\n\t\t\t\t\t\t\t<\/div> \n\t\t\t\n        \n\t\t\t\t<div id=\"ngg-image-7\" class=\"ngg-gallery-thumbnail-box\" >\n\t\t\t\t        <div class=\"ngg-gallery-thumbnail\">\n            <a href=\"https:\/\/ulliso.se\/blog\/wp-content\/gallery\/5juli\/08.jpg\"\n               title=\"Granparken.\"\n               data-src=\"https:\/\/ulliso.se\/blog\/wp-content\/gallery\/5juli\/08.jpg\"\n               data-thumbnail=\"https:\/\/ulliso.se\/blog\/wp-content\/gallery\/5juli\/thumbs\/thumbs_08.jpg\"\n               data-image-id=\"798\"\n               data-title=\"08\"\n               data-description=\"Granparken.\"\n               data-image-slug=\"08-7\"\n               class=\"shutterset_3b60f40e1aa0dd5da3f63f2486e4d497\">\n                <img\n                    title=\"08\"\n                    alt=\"08\"\n                    src=\"https:\/\/ulliso.se\/blog\/wp-content\/gallery\/5juli\/thumbs\/thumbs_08.jpg\"\n                    width=\"100\"\n                    height=\"75\"\n                    style=\"max-width:100%;\"\n                \/>\n            <\/a>\n        <\/div>\n\t\t\t\t\t\t\t<\/div> \n\t\t\t\n        \n\t\t\t\t<div id=\"ngg-image-8\" class=\"ngg-gallery-thumbnail-box\" >\n\t\t\t\t        <div class=\"ngg-gallery-thumbnail\">\n            <a href=\"https:\/\/ulliso.se\/blog\/wp-content\/gallery\/5juli\/09.jpg\"\n               title=\"Granparken.\"\n               data-src=\"https:\/\/ulliso.se\/blog\/wp-content\/gallery\/5juli\/09.jpg\"\n               data-thumbnail=\"https:\/\/ulliso.se\/blog\/wp-content\/gallery\/5juli\/thumbs\/thumbs_09.jpg\"\n               data-image-id=\"799\"\n               data-title=\"09\"\n               data-description=\"Granparken.\"\n               data-image-slug=\"09-6\"\n               class=\"shutterset_3b60f40e1aa0dd5da3f63f2486e4d497\">\n                <img\n                    title=\"09\"\n                    alt=\"09\"\n                    src=\"https:\/\/ulliso.se\/blog\/wp-content\/gallery\/5juli\/thumbs\/thumbs_09.jpg\"\n                    width=\"100\"\n                    height=\"75\"\n                    style=\"max-width:100%;\"\n                \/>\n            <\/a>\n        <\/div>\n\t\t\t\t\t\t\t<\/div> \n\t\t\t\n        \n\t\t\t\t<div id=\"ngg-image-9\" class=\"ngg-gallery-thumbnail-box\" >\n\t\t\t\t        <div class=\"ngg-gallery-thumbnail\">\n            <a href=\"https:\/\/ulliso.se\/blog\/wp-content\/gallery\/5juli\/10.jpg\"\n               title=\"MiniAnne, hlr-dockor.\"\n               data-src=\"https:\/\/ulliso.se\/blog\/wp-content\/gallery\/5juli\/10.jpg\"\n               data-thumbnail=\"https:\/\/ulliso.se\/blog\/wp-content\/gallery\/5juli\/thumbs\/thumbs_10.jpg\"\n               data-image-id=\"800\"\n               data-title=\"10\"\n               data-description=\"MiniAnne, hlr-dockor.\"\n               data-image-slug=\"10-8\"\n               class=\"shutterset_3b60f40e1aa0dd5da3f63f2486e4d497\">\n                <img\n                    title=\"10\"\n                    alt=\"10\"\n                    src=\"https:\/\/ulliso.se\/blog\/wp-content\/gallery\/5juli\/thumbs\/thumbs_10.jpg\"\n                    width=\"100\"\n                    height=\"75\"\n                    style=\"max-width:100%;\"\n                \/>\n            <\/a>\n        <\/div>\n\t\t\t\t\t\t\t<\/div> \n\t\t\t\n        \n\t\t\n\t\t<!-- Pagination -->\n\t<div class='ngg-clear'><\/div>\t<\/div>\n\n","protected":false},"excerpt":{"rendered":"<p>Ska f\u00f6rs\u00f6ka mig p\u00e5 en sammanfattning av veckan. Det \u00e4r alltid kul att ha saker man gjort p\u00e5 pr\u00e4nt. I m\u00e5ndags\u00a0hade Jonas sin f\u00f6rsta semesterdag. Jag hade mest huvudv\u00e4rk hela dagen, s\u00e5 d\u00e4rf\u00f6r blev det dessv\u00e4rre ingen tr\u00e4ning f\u00f6r mig och I. I tisdags l\u00e4rde jag mig HLR (hj\u00e4rt-lungr\u00e4ddning) i skolan. S\u00e5 nu har jag [&hellip;]<\/p>\n","protected":false},"author":1,"featured_media":0,"comment_status":"open","ping_status":"open","sticky":false,"template":"","format":"standard","meta":{"ngg_post_thumbnail":0},"categories":[6],"tags":[],"_links":{"self":[{"href":"https:\/\/ulliso.se\/blog\/index.php?rest_route=\/wp\/v2\/posts\/4816"}],"collection":[{"href":"https:\/\/ulliso.se\/blog\/index.php?rest_route=\/wp\/v2\/posts"}],"about":[{"href":"https:\/\/ulliso.se\/blog\/index.php?rest_route=\/wp\/v2\/types\/post"}],"author":[{"embeddable":true,"href":"https:\/\/ulliso.se\/blog\/index.php?rest_route=\/wp\/v2\/users\/1"}],"replies":[{"embeddable":true,"href":"https:\/\/ulliso.se\/blog\/index.php?rest_route=%2Fwp%2Fv2%2Fcomments&post=4816"}],"version-history":[{"count":2,"href":"https:\/\/ulliso.se\/blog\/index.php?rest_route=\/wp\/v2\/posts\/4816\/revisions"}],"predecessor-version":[{"id":4818,"href":"https:\/\/ulliso.se\/blog\/index.php?rest_route=\/wp\/v2\/posts\/4816\/revisions\/4818"}],"wp:attachment":[{"href":"https:\/\/ulliso.se\/blog\/index.php?rest_route=%2Fwp%2Fv2%2Fmedia&parent=4816"}],"wp:term":[{"taxonomy":"category","embeddable":true,"href":"https:\/\/ulliso.se\/blog\/index.php?rest_route=%2Fwp%2Fv2%2Fcategories&post=4816"},{"taxonomy":"post_tag","embeddable":true,"href":"https:\/\/ulliso.se\/blog\/index.php?rest_route=%2Fwp%2Fv2%2Ftags&post=4816"}],"curies":[{"name":"wp","href":"https:\/\/api.w.org\/{rel}","templated":true}]}}