{"id":5003,"date":"2013-09-06T14:49:24","date_gmt":"2013-09-06T12:49:24","guid":{"rendered":"http:\/\/ulliso.se\/blog\/?p=5003"},"modified":"2013-09-06T14:49:24","modified_gmt":"2013-09-06T12:49:24","slug":"tgif-3","status":"publish","type":"post","link":"https:\/\/ulliso.se\/blog\/?p=5003","title":{"rendered":"TGIF"},"content":{"rendered":"<p>Ja, idag \u00e4r det d\u00e5 \u00e4ntligen fredag. Det ska bli sk\u00f6nt att f\u00e5 sova ut imorgon. Just nu \u00e4r jag genomf\u00f6rkyld. :(<\/p>\n<p>Har inte skrivit n\u00e5got &#8221;vardagligt&#8221; inl\u00e4gg p\u00e5 l\u00e4nge, eftersom jag har s\u00e5 hemskt mycket att g\u00f6ra hela tiden.\u00a0B\u00e5de jag och barnen har b\u00f6rjat om p\u00e5 v\u00e5ra skolor f\u00f6r tre veckor sedan. Sedan ska det hinnas med tr\u00e4ning f\u00f6r mig och I, dans f\u00f6r E, osv.<\/p>\n<p>P\u00e5 min skola \u00e4r det ganska kaotiskt just nu. V\u00e5r ena l\u00e4rare \u00e4r lite snurrig och stressad, och nu i m\u00e5ndags b\u00f6rjade det en ny omg\u00e5ng med blivande undersk\u00f6terskor. Sedan har det varit lite snurrigt med v\u00e5r utbildning: blir det fyra valbara kurser eller ej, blir det v\u00e5rd- och omsorgscollege eller ej&#8230; Nu \u00e4r det dock klart att b\u00e5da sakerna <em>blir<\/em> av. Men <em>n\u00e4r<\/em> VO-college kommer att bli vet de dock inte. Det \u00e4r en hel del andra snurrigheter ocks\u00e5, men det ger sig v\u00e4l.<\/p>\n<p>P\u00e5 m\u00e5ndag ska min klass ut p\u00e5 praktik i fyra veckor, s\u00e5 f\u00f6rhoppningsvis har kaoset lagt sig d\u00e5. Jag ska vara p\u00e5 ett \u00e4ldreboende h\u00e4r i stan. Har inte jobbat s\u00e5 mycket inne p\u00e5 boende, s\u00e5 jag vill testa det. I f\u00f6rmiddags var jag p\u00e5 bes\u00f6k p\u00e5 boendet, det var mycket trevligt. Jag ser verkligen fram emot att f\u00e5 vara d\u00e4r. F\u00f6rhoppningsvis kan jag f\u00e5 jobba extra d\u00e4r sedan, och d\u00e5 avs\u00e4ga mig det andra jobbet som jag nu har varannan helg.<\/p>\n<p><a href=\"https:\/\/ulliso.se\/blog\/wp-content\/uploads\/2013\/09\/mattsund.jpg\"><img loading=\"lazy\" class=\"alignnone size-medium wp-image-5004\" alt=\"mattsund\" src=\"https:\/\/ulliso.se\/blog\/wp-content\/uploads\/2013\/09\/mattsund-300x191.jpg\" width=\"300\" height=\"191\" srcset=\"https:\/\/ulliso.se\/blog\/wp-content\/uploads\/2013\/09\/mattsund-300x191.jpg 300w, https:\/\/ulliso.se\/blog\/wp-content\/uploads\/2013\/09\/mattsund.jpg 800w\" sizes=\"(max-width: 300px) 100vw, 300px\" \/><br \/>\n<\/a><em>Utsikt fr\u00e5n M\u00e5ttsundsbacken, d\u00e4r vi var f\u00f6rra helgen.<\/em><\/p>\n","protected":false},"excerpt":{"rendered":"<p>Ja, idag \u00e4r det d\u00e5 \u00e4ntligen fredag. Det ska bli sk\u00f6nt att f\u00e5 sova ut imorgon. Just nu \u00e4r jag genomf\u00f6rkyld. :( Har inte skrivit n\u00e5got &#8221;vardagligt&#8221; inl\u00e4gg p\u00e5 l\u00e4nge, eftersom jag har s\u00e5 hemskt mycket att g\u00f6ra hela tiden.\u00a0B\u00e5de jag och barnen har b\u00f6rjat om p\u00e5 v\u00e5ra skolor f\u00f6r tre veckor sedan. Sedan ska [&hellip;]<\/p>\n","protected":false},"author":1,"featured_media":0,"comment_status":"open","ping_status":"open","sticky":false,"template":"","format":"standard","meta":{"ngg_post_thumbnail":0},"categories":[6],"tags":[],"_links":{"self":[{"href":"https:\/\/ulliso.se\/blog\/index.php?rest_route=\/wp\/v2\/posts\/5003"}],"collection":[{"href":"https:\/\/ulliso.se\/blog\/index.php?rest_route=\/wp\/v2\/posts"}],"about":[{"href":"https:\/\/ulliso.se\/blog\/index.php?rest_route=\/wp\/v2\/types\/post"}],"author":[{"embeddable":true,"href":"https:\/\/ulliso.se\/blog\/index.php?rest_route=\/wp\/v2\/users\/1"}],"replies":[{"embeddable":true,"href":"https:\/\/ulliso.se\/blog\/index.php?rest_route=%2Fwp%2Fv2%2Fcomments&post=5003"}],"version-history":[{"count":1,"href":"https:\/\/ulliso.se\/blog\/index.php?rest_route=\/wp\/v2\/posts\/5003\/revisions"}],"predecessor-version":[{"id":5005,"href":"https:\/\/ulliso.se\/blog\/index.php?rest_route=\/wp\/v2\/posts\/5003\/revisions\/5005"}],"wp:attachment":[{"href":"https:\/\/ulliso.se\/blog\/index.php?rest_route=%2Fwp%2Fv2%2Fmedia&parent=5003"}],"wp:term":[{"taxonomy":"category","embeddable":true,"href":"https:\/\/ulliso.se\/blog\/index.php?rest_route=%2Fwp%2Fv2%2Fcategories&post=5003"},{"taxonomy":"post_tag","embeddable":true,"href":"https:\/\/ulliso.se\/blog\/index.php?rest_route=%2Fwp%2Fv2%2Ftags&post=5003"}],"curies":[{"name":"wp","href":"https:\/\/api.w.org\/{rel}","templated":true}]}}