{"id":5052,"date":"2013-09-22T23:20:43","date_gmt":"2013-09-22T21:20:43","guid":{"rendered":"http:\/\/ulliso.se\/blog\/?p=5052"},"modified":"2013-09-22T23:20:43","modified_gmt":"2013-09-22T21:20:43","slug":"livstecken","status":"publish","type":"post","link":"https:\/\/ulliso.se\/blog\/?p=5052","title":{"rendered":"Livstecken!"},"content":{"rendered":"<p>Jod\u00e5, jag lever faktiskt! Det har ju varit d\u00e5ligt p\u00e5 uppdateringsfronten nu ett tag.<\/p>\n<p>Jag har haft en 48-timmarsvecka p\u00e5 praktiken. Har varit d\u00e4r 6 dagar denna vecka (hela denna vecka utom i torsdags). F\u00f6rra helgen jobbade jag dessutom p\u00e5 hotellet. Jag \u00e4r ledig imorgon. Men sedan blir det full vecka igen, ska vara p\u00e5 praktiken 4 dagar denna kommande vecka (39) och sedan v\u00e4ntar jobb p\u00e5 hotellet till helgen. Puuuuhhhh!<\/p>\n<p>Det \u00e4r tur att min familj st\u00e4ller upp dessa hektiska veckorna.<\/p>\n<p>Men jag trivs verkligen superbra p\u00e5 min praktikplats. Jag \u00e4r faktiskt rent <em>lyrisk<\/em> n\u00e4r jag kommer hem efter att ha varit en dag d\u00e4r. Har j\u00e4tteh\u00e4rliga boenden och underbara arbetskamrater. Mitt intresse f\u00f6r att arbeta med dementa har vuxit sig <strong>stor<\/strong>! Jag kommer absolut att plugga p\u00e5 mer om demens. Detta kommer jag att g\u00f6ra p\u00e5 distans.<\/p>\n<p>Nu ikv\u00e4ll har Jonas f\u00f6r\u00e4ldrar och syster varit h\u00e4r och grattat Emmy som fyllde 8 \u00e5r \u00a0den 15:e. Jonas f\u00f6r\u00e4ldrar var i Turkiet d\u00e5, s\u00e5 d\u00e4rf\u00f6r blev hon firad s\u00e5 h\u00e4r i efterskott. Jag hade best\u00e4llt morotskaka av Ida. Hon bakade i skolan och tog hem. Det kostade 150 kr att best\u00e4lla dessa morotskakor.<\/p>\n<p>P\u00e5 fredag ska Emmy ha sitt &#8221;barnkalas&#8221;. Hon har bjudit in sina tjejkompisar i klassen p\u00e5 ett pyjamasparty.<\/p>\n<p>Nu \u00e4r det dags f\u00f6r s\u00e4ngen f\u00f6r min del.<\/p>\n","protected":false},"excerpt":{"rendered":"<p>Jod\u00e5, jag lever faktiskt! Det har ju varit d\u00e5ligt p\u00e5 uppdateringsfronten nu ett tag. Jag har haft en 48-timmarsvecka p\u00e5 praktiken. Har varit d\u00e4r 6 dagar denna vecka (hela denna vecka utom i torsdags). F\u00f6rra helgen jobbade jag dessutom p\u00e5 hotellet. Jag \u00e4r ledig imorgon. Men sedan blir det full vecka igen, ska vara p\u00e5 [&hellip;]<\/p>\n","protected":false},"author":1,"featured_media":0,"comment_status":"open","ping_status":"open","sticky":false,"template":"","format":"standard","meta":{"ngg_post_thumbnail":0},"categories":[6],"tags":[],"_links":{"self":[{"href":"https:\/\/ulliso.se\/blog\/index.php?rest_route=\/wp\/v2\/posts\/5052"}],"collection":[{"href":"https:\/\/ulliso.se\/blog\/index.php?rest_route=\/wp\/v2\/posts"}],"about":[{"href":"https:\/\/ulliso.se\/blog\/index.php?rest_route=\/wp\/v2\/types\/post"}],"author":[{"embeddable":true,"href":"https:\/\/ulliso.se\/blog\/index.php?rest_route=\/wp\/v2\/users\/1"}],"replies":[{"embeddable":true,"href":"https:\/\/ulliso.se\/blog\/index.php?rest_route=%2Fwp%2Fv2%2Fcomments&post=5052"}],"version-history":[{"count":1,"href":"https:\/\/ulliso.se\/blog\/index.php?rest_route=\/wp\/v2\/posts\/5052\/revisions"}],"predecessor-version":[{"id":5053,"href":"https:\/\/ulliso.se\/blog\/index.php?rest_route=\/wp\/v2\/posts\/5052\/revisions\/5053"}],"wp:attachment":[{"href":"https:\/\/ulliso.se\/blog\/index.php?rest_route=%2Fwp%2Fv2%2Fmedia&parent=5052"}],"wp:term":[{"taxonomy":"category","embeddable":true,"href":"https:\/\/ulliso.se\/blog\/index.php?rest_route=%2Fwp%2Fv2%2Fcategories&post=5052"},{"taxonomy":"post_tag","embeddable":true,"href":"https:\/\/ulliso.se\/blog\/index.php?rest_route=%2Fwp%2Fv2%2Ftags&post=5052"}],"curies":[{"name":"wp","href":"https:\/\/api.w.org\/{rel}","templated":true}]}}