{"id":516,"date":"2009-12-07T01:21:40","date_gmt":"2009-12-07T00:21:40","guid":{"rendered":"http:\/\/ulliso.se\/blog\/?p=516"},"modified":"2009-12-22T23:44:25","modified_gmt":"2009-12-22T22:44:25","slug":"516","status":"publish","type":"post","link":"https:\/\/ulliso.se\/blog\/?p=516","title":{"rendered":"&#8221;Jag kan inte leva utan dig&#8221;"},"content":{"rendered":"<p><object classid=\"clsid:d27cdb6e-ae6d-11cf-96b8-444553540000\" width=\"624\" height=\"380\" codebase=\"http:\/\/download.macromedia.com\/pub\/shockwave\/cabs\/flash\/swflash.cab#version=6,0,40,0\"><param name=\"wmode\" value=\"transparent\" \/><param name=\"allowfullscreen\" value=\"true\" \/><param name=\"allowScriptAccess\" value=\"sameDomain\" \/><param name=\"src\" value=\"http:\/\/svt.se\/embededflash\/1795916\/play.swf\" \/><embed type=\"application\/x-shockwave-flash\" width=\"624\" height=\"380\" src=\"http:\/\/svt.se\/embededflash\/1795916\/play.swf\" allowscriptaccess=\"sameDomain\" allowfullscreen=\"true\" wmode=\"transparent\"><\/embed><\/object><\/p>\n<p><em>Om du en g\u00e5ng mig \u00f6verger, s\u00e5 finns det ingen f\u00f6r mig mer.<br \/>\nJag kan inte t\u00e4nka mig ett liv f\u00f6rutan dig f\u00f6r mig, oh nej. <\/em><\/p>\n<p><em>Mitt hj\u00e4rta bultar och sl\u00e5r och som i feber jag g\u00e5r.<br \/>\nJag kan inte leva utan dig.<br \/>\nOch n\u00e4r du mig kyssar mig ger, s\u00e5 vill jag bara ha mer.<br \/>\nJag kan inte leva utan dig.<\/em><\/p>\n<p><em>Min dag blir gr\u00e5 och monoton, om du for h\u00e4rifr\u00e5n en dag.<br \/>\nMen allt betyder ingenting, om blott du tar emot min ring en dag. <\/em><\/p>\n<p><em>Mitt hj\u00e4rta bultar och sl\u00e5r och som i feber jag g\u00e5r.<br \/>\nJag kan inte leva utan dig.<br \/>\nOch n\u00e4r du mig kyssar mig ger, s\u00e5 vill jag bara ha mer.<br \/>\nJag kan inte leva utan dig. (x2)<\/em><\/p>\n","protected":false},"excerpt":{"rendered":"<p>Om du en g\u00e5ng mig \u00f6verger, s\u00e5 finns det ingen f\u00f6r mig mer. Jag kan inte t\u00e4nka mig ett liv f\u00f6rutan dig f\u00f6r mig, oh nej. Mitt hj\u00e4rta bultar och sl\u00e5r och som i feber jag g\u00e5r. Jag kan inte leva utan dig. Och n\u00e4r du mig kyssar mig ger, s\u00e5 vill jag bara ha [&hellip;]<\/p>\n","protected":false},"author":1,"featured_media":0,"comment_status":"open","ping_status":"open","sticky":false,"template":"","format":"standard","meta":{"ngg_post_thumbnail":0},"categories":[14,12],"tags":[],"_links":{"self":[{"href":"https:\/\/ulliso.se\/blog\/index.php?rest_route=\/wp\/v2\/posts\/516"}],"collection":[{"href":"https:\/\/ulliso.se\/blog\/index.php?rest_route=\/wp\/v2\/posts"}],"about":[{"href":"https:\/\/ulliso.se\/blog\/index.php?rest_route=\/wp\/v2\/types\/post"}],"author":[{"embeddable":true,"href":"https:\/\/ulliso.se\/blog\/index.php?rest_route=\/wp\/v2\/users\/1"}],"replies":[{"embeddable":true,"href":"https:\/\/ulliso.se\/blog\/index.php?rest_route=%2Fwp%2Fv2%2Fcomments&post=516"}],"version-history":[{"count":12,"href":"https:\/\/ulliso.se\/blog\/index.php?rest_route=\/wp\/v2\/posts\/516\/revisions"}],"predecessor-version":[{"id":596,"href":"https:\/\/ulliso.se\/blog\/index.php?rest_route=\/wp\/v2\/posts\/516\/revisions\/596"}],"wp:attachment":[{"href":"https:\/\/ulliso.se\/blog\/index.php?rest_route=%2Fwp%2Fv2%2Fmedia&parent=516"}],"wp:term":[{"taxonomy":"category","embeddable":true,"href":"https:\/\/ulliso.se\/blog\/index.php?rest_route=%2Fwp%2Fv2%2Fcategories&post=516"},{"taxonomy":"post_tag","embeddable":true,"href":"https:\/\/ulliso.se\/blog\/index.php?rest_route=%2Fwp%2Fv2%2Ftags&post=516"}],"curies":[{"name":"wp","href":"https:\/\/api.w.org\/{rel}","templated":true}]}}