{"id":5226,"date":"2013-10-29T22:36:19","date_gmt":"2013-10-29T21:36:19","guid":{"rendered":"http:\/\/ulliso.se\/blog\/?p=5226"},"modified":"2013-10-29T22:40:24","modified_gmt":"2013-10-29T21:40:24","slug":"det-ar-dagarna-som-gar","status":"publish","type":"post","link":"https:\/\/ulliso.se\/blog\/?p=5226","title":{"rendered":"&#8221;Det \u00e4r dagarna som g\u00e5r&#8230;"},"content":{"rendered":"<p><em>&#8230; som \u00e4r livet<\/em>&#8221;, f\u00f6r att citera en <a href=\"http:\/\/open.spotify.com\/track\/5Ak1KQux007ZbLDRlmKYYX\" target=\"_blank\">l\u00e5t<\/a> med Carola. Och det har hon ju alldeles r\u00e4tt i!<\/p>\n<p>Dagarna rullar p\u00e5 f\u00f6r fullt h\u00e4r. Jag hinner inte blogga mer \u00e4n att l\u00e4gga upp bilderna till 365-foton.<\/p>\n<p>Det \u00e4r ju skola f\u00f6r fyra av oss fem h\u00e4r hemma, \u00e4ven om barnen har h\u00f6stlov just denna veckan.<\/p>\n<p>Jag f\u00e5r d\u00e5 inget h\u00f6stlov fr\u00e5n min skola. Inget jullov heller f\u00f6r den delen. Vi l\u00e4ser just nu v\u00e5r fj\u00e4rde och sista vecka med \u00e4mnet <em>specialpedagogik<\/em>. Vi har \u00e4ntligen f\u00e5tt komma p\u00e5 studiebes\u00f6k! F\u00f6rra veckan bes\u00f6kte vi <a href=\"http:\/\/www.pitea.se\/sv\/Pitea-kommun\/Kommun-och-Politik\/Forvaltningar\/Socialkontoret\/Vara-verksamheter\/Individ-och-familjeomsorgen\/Sysselsattning\/\" target=\"_blank\">Onyxen<\/a>, och idag bes\u00f6kte vi <a href=\"http:\/\/www.pitea.se\/sv\/Pitea-kommun\/Kommun-och-Politik\/Forvaltningar\/Socialkontoret\/Vara-verksamheter\/Individ-och-familjeomsorgen\/Sysselsattning\/SAVO\/\" target=\"_blank\">SAVO<\/a>. J\u00e4tteintressanta bes\u00f6k!<\/p>\n<p>P\u00e5 torsdag ska vi ha prov i specialpedagogik. Jag hade t\u00e4nkt plugga ikv\u00e4ll, men har jag gjort det? N\u00c4, just det. *host*<\/p>\n<p>N\u00e4sta vecka b\u00f6rjar vi l\u00e4sa <em>psykiatri<\/em>. Den kursen p\u00e5g\u00e5r ocks\u00e5 i fyra veckor. I \u00f6vrigt \u00e4r det fortfarande strul och kaos med mycket i skolan, orkar inte ens skriva om det. Jag blir bara irriterad d\u00e5. Men jag t\u00e4nker att vi snart \u00e4r f\u00e4rdigutbildade och d\u00e5 slipper vi strulet\/gn\u00e4llet\/kaoset. Den 24 januari kan jag titulera mig <em>undersk\u00f6terska<\/em>.<\/p>\n<p>Nog om detta nu! \u00d6ver till lite roligare saker!<\/p>\n<p>* Jag blev moster f\u00f6r sjunde g\u00e5ngen den 24 oktober. Ytterligare en kille f\u00f6ddes. S\u00e5 nu \u00e4r jag moster till 2 tjejer och 5 killar.<\/p>\n<p>* Jag, Jonas, Jonas f\u00f6r\u00e4ldrar samt Jonas syster med man var p\u00e5 ost- och vinprovning p\u00e5 Stadshotellet f\u00f6rra fredagen. Jonas mamma fick bl.a. detta i 60-\u00e5rspresent fr\u00e5n oss tidigare i h\u00f6stas. Jag blev positivt \u00f6verraskad \u00f6ver hur bra provningen var! Det var verkligen trevligt att f\u00e5 smaka p\u00e5 bra och d\u00e5liga kombinationer till vin! \u00a0Ett vin gillade jag j\u00e4ttemycket.<\/p>\n<p>* Imorgon ska jag \u00e4ntligen klippa mig. Det \u00e4r verkligen p\u00e5 tiden nu. Senast jag klippte mig var innan sommaren. Min ordinarie fris\u00f6r \u00e4r mammaledig just nu, s\u00e5 imorgon ska jag g\u00e5 hos en elev. Men det ska v\u00e4l bra det ocks\u00e5. Denna tjejen har varit elev d\u00e4r i s\u00e4kert 2-3 \u00e5r.<\/p>\n<p>* Jag h\u00e5ller p\u00e5 att tillfriskna fr\u00e5n min tredje f\u00f6rkylning p\u00e5 tv\u00e5 m\u00e5nader. F\u00f6rkylningen har bara g\u00e5tt runt, runt h\u00e4r hemma under denna tid. :(<\/p>\n<p>* P\u00e5 l\u00f6rdag ska vi ha klassfest. Jag kommer inte att bli s\u00e4rskilt l\u00e5ngvarig d\u00e4r. Trivs trots allt b\u00e4st att bara vara h\u00e4r hemma.<\/p>\n<p>* Min \u00e4ldsta dotter fyller 16 \u00e5r n\u00e4sta vecka, s\u00e5 idag har jag varit och k\u00f6pt tv\u00e5 presenter till henne. Jonas har ocks\u00e5 fixat en present till henne idag. Ska alldeles strax sl\u00e5 in dem, s\u00e5 hon inte hinner se vad jag\/vi k\u00f6pt. Det \u00e4r n\u00e4mligen begr\u00e4nsat med g\u00f6mst\u00e4llen h\u00e4r hemma.<\/p>\n<p>&nbsp;<\/p>\n<p>Nu ska jag bara se ett inslag om <a href=\"http:\/\/www.tv4.se\/nyhetsmorgon\/klipp\/glutenintolerans-en-tickande-bomb-2462739\" target=\"_blank\">glutenintolerans<\/a>, sen blir det som sagt lite paketinslagning h\u00e4r.<\/p>\n<p>&nbsp;<\/p>\n<p>&nbsp;<\/p>\n","protected":false},"excerpt":{"rendered":"<p>&#8230; som \u00e4r livet&#8221;, f\u00f6r att citera en l\u00e5t med Carola. Och det har hon ju alldeles r\u00e4tt i! Dagarna rullar p\u00e5 f\u00f6r fullt h\u00e4r. Jag hinner inte blogga mer \u00e4n att l\u00e4gga upp bilderna till 365-foton. Det \u00e4r ju skola f\u00f6r fyra av oss fem h\u00e4r hemma, \u00e4ven om barnen har h\u00f6stlov just denna [&hellip;]<\/p>\n","protected":false},"author":1,"featured_media":0,"comment_status":"open","ping_status":"open","sticky":false,"template":"","format":"standard","meta":{"ngg_post_thumbnail":0},"categories":[6],"tags":[],"_links":{"self":[{"href":"https:\/\/ulliso.se\/blog\/index.php?rest_route=\/wp\/v2\/posts\/5226"}],"collection":[{"href":"https:\/\/ulliso.se\/blog\/index.php?rest_route=\/wp\/v2\/posts"}],"about":[{"href":"https:\/\/ulliso.se\/blog\/index.php?rest_route=\/wp\/v2\/types\/post"}],"author":[{"embeddable":true,"href":"https:\/\/ulliso.se\/blog\/index.php?rest_route=\/wp\/v2\/users\/1"}],"replies":[{"embeddable":true,"href":"https:\/\/ulliso.se\/blog\/index.php?rest_route=%2Fwp%2Fv2%2Fcomments&post=5226"}],"version-history":[{"count":4,"href":"https:\/\/ulliso.se\/blog\/index.php?rest_route=\/wp\/v2\/posts\/5226\/revisions"}],"predecessor-version":[{"id":5230,"href":"https:\/\/ulliso.se\/blog\/index.php?rest_route=\/wp\/v2\/posts\/5226\/revisions\/5230"}],"wp:attachment":[{"href":"https:\/\/ulliso.se\/blog\/index.php?rest_route=%2Fwp%2Fv2%2Fmedia&parent=5226"}],"wp:term":[{"taxonomy":"category","embeddable":true,"href":"https:\/\/ulliso.se\/blog\/index.php?rest_route=%2Fwp%2Fv2%2Fcategories&post=5226"},{"taxonomy":"post_tag","embeddable":true,"href":"https:\/\/ulliso.se\/blog\/index.php?rest_route=%2Fwp%2Fv2%2Ftags&post=5226"}],"curies":[{"name":"wp","href":"https:\/\/api.w.org\/{rel}","templated":true}]}}