{"id":5283,"date":"2013-11-04T22:09:54","date_gmt":"2013-11-04T21:09:54","guid":{"rendered":"http:\/\/ulliso.se\/blog\/?p=5283"},"modified":"2013-11-04T22:09:54","modified_gmt":"2013-11-04T21:09:54","slug":"sokt","status":"publish","type":"post","link":"https:\/\/ulliso.se\/blog\/?p=5283","title":{"rendered":"S\u00f6kt!"},"content":{"rendered":"<p>Nu har jag s\u00f6kt tv\u00e5 jobb som undersk\u00f6terska p\u00e5 ett sjukhus. Nu g\u00e4ller det att h\u00e5lla tummarna! Jag \u00e4r ju inte riktigt f\u00e4rdigutbildad \u00e4n, men snart \u00e4r jag i hamn. Det vore verkligen kul att f\u00e5 jobba p\u00e5 ett sjukhus!<\/p>\n<p>Idag har vi b\u00f6rjat med den sista &#8221;obligatoriska&#8221; (eller hur jag nu ska uttrycka det) kursen, <em>psykiatri<\/em>. Den ska h\u00e5lla p\u00e5 i fyra veckor. Efter den kursen f\u00f6ljer v\u00e5r valbara kurs och sedan praktik i den kursen. I mitten av januari \u00e4r vi klara. D\u00e5 ska vi ha en avslutningsfest med klassen.<\/p>\n<p>P\u00e5 tal om fest med klassen s\u00e5 hade vi det i k\u00f6rdags kv\u00e4ll. Den var 11 av 17 som kom. Vi var bara tjejer. Vi har bara tv\u00e5 killar i klassen numera. Det var fler killar n\u00e4r vi b\u00f6rjade, men de har hoppat av en efter en. Fram tills f\u00f6rra veckan hade vi tre killar i klassen, men idag fick vi veta att en kille i klassen har slutat s\u00e5 h\u00e4r i slutspurten. Men det var inte s\u00e5 f\u00f6rv\u00e5nande&#8230;<\/p>\n<p>N\u00e5v\u00e4l, vi hade iallafall trevligt i l\u00f6rdags. Vi hade bl.a. ett film- och tv-serie-quiz. S\u00e5nt gillar jag! Jag \u00e5kte hem kl. 22.30. Jag var tyv\u00e4rr inte riktigt p\u00e5 festhum\u00f6r denna kv\u00e4llen. Men det m\u00e5ste bli \u00e4ndring till n\u00e4sta fest (avslutningsfesten allts\u00e5).<\/p>\n<p>Nu ska jag natta d\u00f6ttrarna!<\/p>\n","protected":false},"excerpt":{"rendered":"<p>Nu har jag s\u00f6kt tv\u00e5 jobb som undersk\u00f6terska p\u00e5 ett sjukhus. Nu g\u00e4ller det att h\u00e5lla tummarna! Jag \u00e4r ju inte riktigt f\u00e4rdigutbildad \u00e4n, men snart \u00e4r jag i hamn. Det vore verkligen kul att f\u00e5 jobba p\u00e5 ett sjukhus! Idag har vi b\u00f6rjat med den sista &#8221;obligatoriska&#8221; (eller hur jag nu ska uttrycka det) [&hellip;]<\/p>\n","protected":false},"author":1,"featured_media":0,"comment_status":"open","ping_status":"open","sticky":false,"template":"","format":"standard","meta":{"ngg_post_thumbnail":0},"categories":[6],"tags":[],"_links":{"self":[{"href":"https:\/\/ulliso.se\/blog\/index.php?rest_route=\/wp\/v2\/posts\/5283"}],"collection":[{"href":"https:\/\/ulliso.se\/blog\/index.php?rest_route=\/wp\/v2\/posts"}],"about":[{"href":"https:\/\/ulliso.se\/blog\/index.php?rest_route=\/wp\/v2\/types\/post"}],"author":[{"embeddable":true,"href":"https:\/\/ulliso.se\/blog\/index.php?rest_route=\/wp\/v2\/users\/1"}],"replies":[{"embeddable":true,"href":"https:\/\/ulliso.se\/blog\/index.php?rest_route=%2Fwp%2Fv2%2Fcomments&post=5283"}],"version-history":[{"count":1,"href":"https:\/\/ulliso.se\/blog\/index.php?rest_route=\/wp\/v2\/posts\/5283\/revisions"}],"predecessor-version":[{"id":5284,"href":"https:\/\/ulliso.se\/blog\/index.php?rest_route=\/wp\/v2\/posts\/5283\/revisions\/5284"}],"wp:attachment":[{"href":"https:\/\/ulliso.se\/blog\/index.php?rest_route=%2Fwp%2Fv2%2Fmedia&parent=5283"}],"wp:term":[{"taxonomy":"category","embeddable":true,"href":"https:\/\/ulliso.se\/blog\/index.php?rest_route=%2Fwp%2Fv2%2Fcategories&post=5283"},{"taxonomy":"post_tag","embeddable":true,"href":"https:\/\/ulliso.se\/blog\/index.php?rest_route=%2Fwp%2Fv2%2Ftags&post=5283"}],"curies":[{"name":"wp","href":"https:\/\/api.w.org\/{rel}","templated":true}]}}