{"id":5357,"date":"2013-11-24T22:55:33","date_gmt":"2013-11-24T21:55:33","guid":{"rendered":"http:\/\/ulliso.se\/blog\/?p=5357"},"modified":"2013-11-24T22:59:53","modified_gmt":"2013-11-24T21:59:53","slug":"kudden-och-armen","status":"publish","type":"post","link":"https:\/\/ulliso.se\/blog\/?p=5357","title":{"rendered":"Kudden och armen!"},"content":{"rendered":"<p>Jag har haft ont i min axel en l\u00e4ngre tid nu. Nu de senaste tv\u00e5 m\u00e5naderna har det varit hemskt fr\u00e5n och till. De senaste tv\u00e5 veckorna har varit fruktansv\u00e4rda. Var tvungen att till slut upps\u00f6ka en sjukgymnast. Jag har tydligen ont i nyckelbensf\u00e4stet enligt honom. S\u00e5 nu h\u00e5ller jag p\u00e5 med en st\u00f6tv\u00e5gsbehandling hos honom. Imorgon \u00e4r det dags f\u00f6r behandling 3 av 4. Sen f\u00e5r vi se om det hj\u00e4lper. Annars f\u00e5r vi g\u00e5 vidare med annan behandling. <\/p>\n<p>Jag skulle egentligen jobbat nu denna helgen, men jag var faktiskt tvungen att sjukanm\u00e4la mig fr\u00e5n jobbet. Det har annars bara h\u00e4nt en g\u00e5ng tidigare under dessa \u00e5ren jag jobbat d\u00e4r. Annars har jag g\u00e5tt och jobbat \u00e4ven om jag k\u00e4nt mig krasslig. Men jag hade inte kunnat arbeta med denna armen. <\/p>\n<p>N\u00e5v\u00e4l! I rubriken skrev jag om en kudde. Det \u00e4r en liten kudde som i normala fall finns i soffan, men just nu \u00e4r den min st\u00f6ttepelare h\u00e4r i s\u00e4ngen. Kudden st\u00f6ttar upp min arm n\u00e4r jag ligger p\u00e5 rygg. M\u00e5ste ha armen j\u00e4msides med kroppen n\u00e4mligen. Annars g\u00f6r det ont. <\/p>\n<p>Jag gillar i normala fall inte att ligga p\u00e5 rygg n\u00e4r jag ska sova, men jag kan inte ligga p\u00e5 v\u00e4nster arm nu, f\u00f6r d\u00e5 g\u00f6r det ont. Jag somnar annars helst p\u00e5 h\u00f6ger sida och \u00e4ven d\u00e5 m\u00e5ste jag ha kudden till hj\u00e4lp att st\u00f6tta upp armen s\u00e5 att den ligger j\u00e4msides med kroppen. <\/p>\n<p>Snart hoppas jag att kudden kan \u00e5terf\u00e5 sin plats i soffan och att jag ska kunna ligga och sova p\u00e5 de s\u00e4tt jag \u00e4r van. <\/p>\n<p><a href=\"https:\/\/ulliso.se\/blog\/wp-content\/uploads\/2013\/11\/20131124-225517.jpg\"><img src=\"https:\/\/ulliso.se\/blog\/wp-content\/uploads\/2013\/11\/20131124-225517.jpg\" alt=\"20131124-225517.jpg\" class=\"alignnone size-full\" \/><\/a><\/p>\n","protected":false},"excerpt":{"rendered":"<p>Jag har haft ont i min axel en l\u00e4ngre tid nu. Nu de senaste tv\u00e5 m\u00e5naderna har det varit hemskt fr\u00e5n och till. De senaste tv\u00e5 veckorna har varit fruktansv\u00e4rda. Var tvungen att till slut upps\u00f6ka en sjukgymnast. Jag har tydligen ont i nyckelbensf\u00e4stet enligt honom. S\u00e5 nu h\u00e5ller jag p\u00e5 med en st\u00f6tv\u00e5gsbehandling hos [&hellip;]<\/p>\n","protected":false},"author":1,"featured_media":0,"comment_status":"open","ping_status":"open","sticky":false,"template":"","format":"standard","meta":{"ngg_post_thumbnail":0},"categories":[6],"tags":[],"_links":{"self":[{"href":"https:\/\/ulliso.se\/blog\/index.php?rest_route=\/wp\/v2\/posts\/5357"}],"collection":[{"href":"https:\/\/ulliso.se\/blog\/index.php?rest_route=\/wp\/v2\/posts"}],"about":[{"href":"https:\/\/ulliso.se\/blog\/index.php?rest_route=\/wp\/v2\/types\/post"}],"author":[{"embeddable":true,"href":"https:\/\/ulliso.se\/blog\/index.php?rest_route=\/wp\/v2\/users\/1"}],"replies":[{"embeddable":true,"href":"https:\/\/ulliso.se\/blog\/index.php?rest_route=%2Fwp%2Fv2%2Fcomments&post=5357"}],"version-history":[{"count":2,"href":"https:\/\/ulliso.se\/blog\/index.php?rest_route=\/wp\/v2\/posts\/5357\/revisions"}],"predecessor-version":[{"id":5359,"href":"https:\/\/ulliso.se\/blog\/index.php?rest_route=\/wp\/v2\/posts\/5357\/revisions\/5359"}],"wp:attachment":[{"href":"https:\/\/ulliso.se\/blog\/index.php?rest_route=%2Fwp%2Fv2%2Fmedia&parent=5357"}],"wp:term":[{"taxonomy":"category","embeddable":true,"href":"https:\/\/ulliso.se\/blog\/index.php?rest_route=%2Fwp%2Fv2%2Fcategories&post=5357"},{"taxonomy":"post_tag","embeddable":true,"href":"https:\/\/ulliso.se\/blog\/index.php?rest_route=%2Fwp%2Fv2%2Ftags&post=5357"}],"curies":[{"name":"wp","href":"https:\/\/api.w.org\/{rel}","templated":true}]}}