{"id":5428,"date":"2013-12-06T11:00:52","date_gmt":"2013-12-06T10:00:52","guid":{"rendered":"http:\/\/ulliso.se\/blog\/?p=5428"},"modified":"2013-12-05T20:03:29","modified_gmt":"2013-12-05T19:03:29","slug":"isen-pa-fjarden","status":"publish","type":"post","link":"https:\/\/ulliso.se\/blog\/?p=5428","title":{"rendered":"Isen p\u00e5 fj\u00e4rden"},"content":{"rendered":"<p>Isen ligger nu p\u00e5 fj\u00e4rden h\u00e4r utanf\u00f6r. H\u00e4r kommer lite bilder.<\/p>\n<p><a href=\"https:\/\/ulliso.se\/blog\/wp-content\/uploads\/2013\/12\/is_1.jpg\"><img loading=\"lazy\" class=\"alignnone size-medium wp-image-5429\" alt=\"is_1\" src=\"https:\/\/ulliso.se\/blog\/wp-content\/uploads\/2013\/12\/is_1-300x216.jpg\" width=\"300\" height=\"216\" srcset=\"https:\/\/ulliso.se\/blog\/wp-content\/uploads\/2013\/12\/is_1-300x216.jpg 300w, https:\/\/ulliso.se\/blog\/wp-content\/uploads\/2013\/12\/is_1.jpg 850w\" sizes=\"(max-width: 300px) 100vw, 300px\" \/><br \/>\n<\/a><em>Bilden \u00e4r tagen nu i helgen som gick.\u00a0<\/em><\/p>\n<p><a href=\"https:\/\/ulliso.se\/blog\/wp-content\/uploads\/2013\/12\/is_2.jpg\"><img loading=\"lazy\" class=\"alignnone size-medium wp-image-5430\" alt=\"is_2\" src=\"https:\/\/ulliso.se\/blog\/wp-content\/uploads\/2013\/12\/is_2-300x215.jpg\" width=\"300\" height=\"215\" srcset=\"https:\/\/ulliso.se\/blog\/wp-content\/uploads\/2013\/12\/is_2-300x215.jpg 300w, https:\/\/ulliso.se\/blog\/wp-content\/uploads\/2013\/12\/is_2.jpg 850w\" sizes=\"(max-width: 300px) 100vw, 300px\" \/><br \/>\n<\/a><em>Isbanan har &#8221;ritats ut&#8221;.\u00a0<\/em><\/p>\n<p><a href=\"https:\/\/ulliso.se\/blog\/wp-content\/uploads\/2013\/12\/is_3.jpg\"><img loading=\"lazy\" class=\"alignnone size-medium wp-image-5431\" alt=\"is_3\" src=\"https:\/\/ulliso.se\/blog\/wp-content\/uploads\/2013\/12\/is_3-300x215.jpg\" width=\"300\" height=\"215\" srcset=\"https:\/\/ulliso.se\/blog\/wp-content\/uploads\/2013\/12\/is_3-300x215.jpg 300w, https:\/\/ulliso.se\/blog\/wp-content\/uploads\/2013\/12\/is_3.jpg 850w\" sizes=\"(max-width: 300px) 100vw, 300px\" \/><br \/>\n<\/a><em>En skoter &#8221;plogar&#8221; kanterna lite.\u00a0<\/em><\/p>\n","protected":false},"excerpt":{"rendered":"<p>Isen ligger nu p\u00e5 fj\u00e4rden h\u00e4r utanf\u00f6r. H\u00e4r kommer lite bilder. Bilden \u00e4r tagen nu i helgen som gick.\u00a0 Isbanan har &#8221;ritats ut&#8221;.\u00a0 En skoter &#8221;plogar&#8221; kanterna lite.\u00a0<\/p>\n","protected":false},"author":1,"featured_media":0,"comment_status":"open","ping_status":"open","sticky":false,"template":"","format":"standard","meta":{"ngg_post_thumbnail":0},"categories":[6],"tags":[],"_links":{"self":[{"href":"https:\/\/ulliso.se\/blog\/index.php?rest_route=\/wp\/v2\/posts\/5428"}],"collection":[{"href":"https:\/\/ulliso.se\/blog\/index.php?rest_route=\/wp\/v2\/posts"}],"about":[{"href":"https:\/\/ulliso.se\/blog\/index.php?rest_route=\/wp\/v2\/types\/post"}],"author":[{"embeddable":true,"href":"https:\/\/ulliso.se\/blog\/index.php?rest_route=\/wp\/v2\/users\/1"}],"replies":[{"embeddable":true,"href":"https:\/\/ulliso.se\/blog\/index.php?rest_route=%2Fwp%2Fv2%2Fcomments&post=5428"}],"version-history":[{"count":1,"href":"https:\/\/ulliso.se\/blog\/index.php?rest_route=\/wp\/v2\/posts\/5428\/revisions"}],"predecessor-version":[{"id":5432,"href":"https:\/\/ulliso.se\/blog\/index.php?rest_route=\/wp\/v2\/posts\/5428\/revisions\/5432"}],"wp:attachment":[{"href":"https:\/\/ulliso.se\/blog\/index.php?rest_route=%2Fwp%2Fv2%2Fmedia&parent=5428"}],"wp:term":[{"taxonomy":"category","embeddable":true,"href":"https:\/\/ulliso.se\/blog\/index.php?rest_route=%2Fwp%2Fv2%2Fcategories&post=5428"},{"taxonomy":"post_tag","embeddable":true,"href":"https:\/\/ulliso.se\/blog\/index.php?rest_route=%2Fwp%2Fv2%2Ftags&post=5428"}],"curies":[{"name":"wp","href":"https:\/\/api.w.org\/{rel}","templated":true}]}}