{"id":5632,"date":"2014-01-25T21:48:13","date_gmt":"2014-01-25T20:48:13","guid":{"rendered":"http:\/\/ulliso.se\/blog\/?p=5632"},"modified":"2014-01-25T21:50:56","modified_gmt":"2014-01-25T20:50:56","slug":"lordag-kvall","status":"publish","type":"post","link":"https:\/\/ulliso.se\/blog\/?p=5632","title":{"rendered":"L\u00f6rdag kv\u00e4ll"},"content":{"rendered":"<p>Jag har inte gl\u00f6mt bort denna blogg, men min <a href=\"http:\/\/ulliso.se\/365\/\" target=\"_blank\">365foto-blogg<\/a> prioriteras just nu. Vet inte ens om jag har n\u00e5gra l\u00e4sare h\u00e4r numera? Har jag det? Skriv g\u00e4rna en kommentar is\u00e5fall. :)<\/p>\n<p>Just nu \u00e4r 4 av 5 familjemedlemmar hemma. \u00c4ldsta dottern \u00e4r just nu hos en kompis tillsammans \u00a0med en annan kompis. \u00c4r s\u00e5 glad f\u00f6r att hon har hittat sig kompisar h\u00e4r sedan flytten hit f\u00f6r 1,5 \u00e5r sen. &lt;3<\/p>\n<p>Jag \u00e4r ocks\u00e5 glad f\u00f6r att jag \u00c4NTLIGEN g\u00e5tt klart min skola! Jag gjorde det ig\u00e5r, s\u00e5 nu \u00e4r jag \u00e4ntligen en\u00a0<strong>undersk\u00f6terska<\/strong>! Pluggandet \u00e4r dock inte \u00f6ver f\u00f6r mig. P\u00e5 m\u00e5ndag p\u00e5b\u00f6rjar jag min nya kurs, men helt p\u00e5 distans denna g\u00e5ng. Jag ska l\u00e4sa en kurs som heter &#8221;<em>V\u00e5rd och omsorg vid demenssjukdomar<\/em>&#8221;. Min dr\u00f6m \u00e4r att f\u00e5 ett fast jobb p\u00e5 det demensboende som jag praktiserade p\u00e5 nu dessa tre senaste veckor som g\u00e5tt. Det \u00e4r ett ganska sv\u00e5rt och tungt jobb psykiskt, MEN ett s\u00e5nt underbart jobb! S\u00e5 d\u00e4rf\u00f6r \u00e4r det bra att l\u00e4sa denna kursen. Det skadar aldrig att ha kunskap p\u00e5 papper, \u00e4ven om den<em> praktiska<\/em> kunskapen \u00e4r minst lika viktig!<\/p>\n<p>Eventuellt ska jag \u00e4ven l\u00e4sa en kurs i akutsjukv\u00e5rd som b\u00f6rjar i slutet av april, tillsammans med flera av mina numera fd. klasskamrater. Men det beror lite p\u00e5 hur uppl\u00e4gget p\u00e5 kursen blir. Jag och en fd klasskamrat ska iaf iv\u00e4g till V\u00e4gledningscentrum i n\u00e4sta vecka f\u00f6r att prata om saken med en studiev\u00e4gledare d\u00e4r. Om det <em>inte<\/em> blir den kursen f\u00f6r mig s\u00e5 blir det s\u00e4kert att jag l\u00e4ser &#8221;Medicin 2&#8221; p\u00e5 distans sen, och s\u00e4kert n\u00e5n mera kurs efter det. Det \u00e4r ju gratis att l\u00e4sa dessa kurser. Det enda som kostar \u00e4r min tid.<\/p>\n","protected":false},"excerpt":{"rendered":"<p>Jag har inte gl\u00f6mt bort denna blogg, men min 365foto-blogg prioriteras just nu. Vet inte ens om jag har n\u00e5gra l\u00e4sare h\u00e4r numera? Har jag det? Skriv g\u00e4rna en kommentar is\u00e5fall. :) Just nu \u00e4r 4 av 5 familjemedlemmar hemma. \u00c4ldsta dottern \u00e4r just nu hos en kompis tillsammans \u00a0med en annan kompis. \u00c4r s\u00e5 [&hellip;]<\/p>\n","protected":false},"author":1,"featured_media":0,"comment_status":"open","ping_status":"open","sticky":false,"template":"","format":"standard","meta":{"ngg_post_thumbnail":0},"categories":[6],"tags":[],"_links":{"self":[{"href":"https:\/\/ulliso.se\/blog\/index.php?rest_route=\/wp\/v2\/posts\/5632"}],"collection":[{"href":"https:\/\/ulliso.se\/blog\/index.php?rest_route=\/wp\/v2\/posts"}],"about":[{"href":"https:\/\/ulliso.se\/blog\/index.php?rest_route=\/wp\/v2\/types\/post"}],"author":[{"embeddable":true,"href":"https:\/\/ulliso.se\/blog\/index.php?rest_route=\/wp\/v2\/users\/1"}],"replies":[{"embeddable":true,"href":"https:\/\/ulliso.se\/blog\/index.php?rest_route=%2Fwp%2Fv2%2Fcomments&post=5632"}],"version-history":[{"count":6,"href":"https:\/\/ulliso.se\/blog\/index.php?rest_route=\/wp\/v2\/posts\/5632\/revisions"}],"predecessor-version":[{"id":5638,"href":"https:\/\/ulliso.se\/blog\/index.php?rest_route=\/wp\/v2\/posts\/5632\/revisions\/5638"}],"wp:attachment":[{"href":"https:\/\/ulliso.se\/blog\/index.php?rest_route=%2Fwp%2Fv2%2Fmedia&parent=5632"}],"wp:term":[{"taxonomy":"category","embeddable":true,"href":"https:\/\/ulliso.se\/blog\/index.php?rest_route=%2Fwp%2Fv2%2Fcategories&post=5632"},{"taxonomy":"post_tag","embeddable":true,"href":"https:\/\/ulliso.se\/blog\/index.php?rest_route=%2Fwp%2Fv2%2Ftags&post=5632"}],"curies":[{"name":"wp","href":"https:\/\/api.w.org\/{rel}","templated":true}]}}