{"id":5652,"date":"2014-01-29T22:04:18","date_gmt":"2014-01-29T21:04:18","guid":{"rendered":"http:\/\/ulliso.se\/blog\/?p=5652"},"modified":"2014-01-29T22:04:18","modified_gmt":"2014-01-29T21:04:18","slug":"man-blir-glad","status":"publish","type":"post","link":"https:\/\/ulliso.se\/blog\/?p=5652","title":{"rendered":"Man blir glad&#8230;"},"content":{"rendered":"<p>&#8230; n\u00e4r man f\u00e5r s\u00e5na h\u00e4r omd\u00f6men av sin praktikplats! &lt;3<\/p>\n<p><a href=\"https:\/\/ulliso.se\/blog\/wp-content\/uploads\/2014\/01\/IMG_0044.jpg\"><img loading=\"lazy\" class=\"alignnone size-medium wp-image-5653\" alt=\"IMG_0044\" src=\"https:\/\/ulliso.se\/blog\/wp-content\/uploads\/2014\/01\/IMG_0044-300x78.jpg\" width=\"300\" height=\"78\" srcset=\"https:\/\/ulliso.se\/blog\/wp-content\/uploads\/2014\/01\/IMG_0044-300x78.jpg 300w, https:\/\/ulliso.se\/blog\/wp-content\/uploads\/2014\/01\/IMG_0044-1024x266.jpg 1024w, https:\/\/ulliso.se\/blog\/wp-content\/uploads\/2014\/01\/IMG_0044.jpg 2000w\" sizes=\"(max-width: 300px) 100vw, 300px\" \/><\/a><\/p>\n<p>&nbsp;<\/p>\n<p>En i min klass tyckte att jag var &#8221;autistisk lagd&#8221;, bara f\u00f6r att jag inte pratade hela tiden och var h\u00f6gljudd av mig. (Hon k\u00e4nner d\u00e5 ingen person med autism IRL, det kan jag ju s\u00e4ga).<\/p>\n<p>Men ska man jobba med dementa s\u00e5 \u00e4r det iallafall en utm\u00e4rkt egenskap, att<em> inte<\/em> l\u00e5ta munnen g\u00e5 hela tiden och att vara lugn till s\u00e4ttet!<\/p>\n","protected":false},"excerpt":{"rendered":"<p>&#8230; n\u00e4r man f\u00e5r s\u00e5na h\u00e4r omd\u00f6men av sin praktikplats! &lt;3 &nbsp; En i min klass tyckte att jag var &#8221;autistisk lagd&#8221;, bara f\u00f6r att jag inte pratade hela tiden och var h\u00f6gljudd av mig. (Hon k\u00e4nner d\u00e5 ingen person med autism IRL, det kan jag ju s\u00e4ga). Men ska man jobba med dementa s\u00e5 [&hellip;]<\/p>\n","protected":false},"author":1,"featured_media":0,"comment_status":"open","ping_status":"open","sticky":false,"template":"","format":"standard","meta":{"ngg_post_thumbnail":0},"categories":[6],"tags":[],"_links":{"self":[{"href":"https:\/\/ulliso.se\/blog\/index.php?rest_route=\/wp\/v2\/posts\/5652"}],"collection":[{"href":"https:\/\/ulliso.se\/blog\/index.php?rest_route=\/wp\/v2\/posts"}],"about":[{"href":"https:\/\/ulliso.se\/blog\/index.php?rest_route=\/wp\/v2\/types\/post"}],"author":[{"embeddable":true,"href":"https:\/\/ulliso.se\/blog\/index.php?rest_route=\/wp\/v2\/users\/1"}],"replies":[{"embeddable":true,"href":"https:\/\/ulliso.se\/blog\/index.php?rest_route=%2Fwp%2Fv2%2Fcomments&post=5652"}],"version-history":[{"count":1,"href":"https:\/\/ulliso.se\/blog\/index.php?rest_route=\/wp\/v2\/posts\/5652\/revisions"}],"predecessor-version":[{"id":5654,"href":"https:\/\/ulliso.se\/blog\/index.php?rest_route=\/wp\/v2\/posts\/5652\/revisions\/5654"}],"wp:attachment":[{"href":"https:\/\/ulliso.se\/blog\/index.php?rest_route=%2Fwp%2Fv2%2Fmedia&parent=5652"}],"wp:term":[{"taxonomy":"category","embeddable":true,"href":"https:\/\/ulliso.se\/blog\/index.php?rest_route=%2Fwp%2Fv2%2Fcategories&post=5652"},{"taxonomy":"post_tag","embeddable":true,"href":"https:\/\/ulliso.se\/blog\/index.php?rest_route=%2Fwp%2Fv2%2Ftags&post=5652"}],"curies":[{"name":"wp","href":"https:\/\/api.w.org\/{rel}","templated":true}]}}