{"id":5655,"date":"2014-01-30T22:09:26","date_gmt":"2014-01-30T21:09:26","guid":{"rendered":"http:\/\/ulliso.se\/blog\/?p=5655"},"modified":"2014-01-30T22:22:17","modified_gmt":"2014-01-30T21:22:17","slug":"galen-i-agg-2","status":"publish","type":"post","link":"https:\/\/ulliso.se\/blog\/?p=5655","title":{"rendered":"Galen i \u00e4gg!"},"content":{"rendered":"<p>\u00c4r galen i kalla, kokta \u00e4gg just nu. \u00c5t 2 s\u00e5na \u00e4gg tidigare idag.<\/p>\n<p>Nu i kv\u00e4ll blev jag s\u00e5 j\u00e4ttesugen p\u00e5 en \u00e4ggmacka. S\u00e5 jag gjorde mig en! Jag la 2 \u00e4gg p\u00e5 glutenfritt br\u00f6d. Tog tv\u00e5 extra \u00e4gg och \u00a0gjorde \u00e4gghalvor av dem och hade vid sidan om. Jag har allts\u00e5 \u00e4tit totalt 6 \u00e4gg idag. \u00c4gg \u00e4r nyttigt att \u00e4ta. Det m\u00e4ttar v\u00e4ldigt bra. \u00c4gg inneh\u00e5ller alla nyttigheter utom vitamin C.<\/p>\n<p>Har nu kokt \u00e4nnu en laddning \u00e4gg tills imorgon. Jag gillar b\u00e4st \u00e4gg som f\u00e5tt koka upp i kallt vatten fr\u00e5n b\u00f6rjan, och sedan f\u00e5tt koka i ca 6,10 min. Sen ska de omedelbart sk\u00f6ljas med kallt vatten och sedan ligga i detta kalla vatten en bra stund.<\/p>\n<p>Det v\u00e4rsta som finns \u00e4r varma, kokta \u00e4gg. S\u00e4rskilt om de har l\u00f6s, rinnade \u00e4ggula ocks\u00e5. Brrrrr! D\u00f6ttrarna gillar dock s\u00e5na \u00e4gg, s\u00e5 de brukar koka sig n\u00e5gra och \u00e4ta.<\/p>\n<p><a href=\"https:\/\/ulliso.se\/blog\/wp-content\/uploads\/2014\/01\/IMG_0092.jpg\"><img loading=\"lazy\" class=\"alignnone size-medium wp-image-5656\" alt=\"IMG_0092\" src=\"https:\/\/ulliso.se\/blog\/wp-content\/uploads\/2014\/01\/IMG_0092-300x276.jpg\" width=\"300\" height=\"276\" srcset=\"https:\/\/ulliso.se\/blog\/wp-content\/uploads\/2014\/01\/IMG_0092-300x276.jpg 300w, https:\/\/ulliso.se\/blog\/wp-content\/uploads\/2014\/01\/IMG_0092.jpg 850w\" sizes=\"(max-width: 300px) 100vw, 300px\" \/><\/a><\/p>\n<p>&nbsp;<\/p>\n<p>Det \u00e4r skrattretande att t\u00e4nka p\u00e5 att det f\u00f6r bara n\u00e5gra \u00e5r sen var faaaaaarligt att \u00e4ta \u00e4gg pga kolesterolet! Eller vissa h\u00e5ller iofs fast vid det fortfarande. Vilken j\u00e4kla hysteri f\u00f6r n\u00e5got som inte ens var\/\u00e4r sant!<\/p>\n","protected":false},"excerpt":{"rendered":"<p>\u00c4r galen i kalla, kokta \u00e4gg just nu. \u00c5t 2 s\u00e5na \u00e4gg tidigare idag. Nu i kv\u00e4ll blev jag s\u00e5 j\u00e4ttesugen p\u00e5 en \u00e4ggmacka. S\u00e5 jag gjorde mig en! Jag la 2 \u00e4gg p\u00e5 glutenfritt br\u00f6d. Tog tv\u00e5 extra \u00e4gg och \u00a0gjorde \u00e4gghalvor av dem och hade vid sidan om. Jag har allts\u00e5 \u00e4tit totalt [&hellip;]<\/p>\n","protected":false},"author":1,"featured_media":0,"comment_status":"open","ping_status":"open","sticky":false,"template":"","format":"standard","meta":{"ngg_post_thumbnail":0},"categories":[6],"tags":[],"_links":{"self":[{"href":"https:\/\/ulliso.se\/blog\/index.php?rest_route=\/wp\/v2\/posts\/5655"}],"collection":[{"href":"https:\/\/ulliso.se\/blog\/index.php?rest_route=\/wp\/v2\/posts"}],"about":[{"href":"https:\/\/ulliso.se\/blog\/index.php?rest_route=\/wp\/v2\/types\/post"}],"author":[{"embeddable":true,"href":"https:\/\/ulliso.se\/blog\/index.php?rest_route=\/wp\/v2\/users\/1"}],"replies":[{"embeddable":true,"href":"https:\/\/ulliso.se\/blog\/index.php?rest_route=%2Fwp%2Fv2%2Fcomments&post=5655"}],"version-history":[{"count":7,"href":"https:\/\/ulliso.se\/blog\/index.php?rest_route=\/wp\/v2\/posts\/5655\/revisions"}],"predecessor-version":[{"id":5663,"href":"https:\/\/ulliso.se\/blog\/index.php?rest_route=\/wp\/v2\/posts\/5655\/revisions\/5663"}],"wp:attachment":[{"href":"https:\/\/ulliso.se\/blog\/index.php?rest_route=%2Fwp%2Fv2%2Fmedia&parent=5655"}],"wp:term":[{"taxonomy":"category","embeddable":true,"href":"https:\/\/ulliso.se\/blog\/index.php?rest_route=%2Fwp%2Fv2%2Fcategories&post=5655"},{"taxonomy":"post_tag","embeddable":true,"href":"https:\/\/ulliso.se\/blog\/index.php?rest_route=%2Fwp%2Fv2%2Ftags&post=5655"}],"curies":[{"name":"wp","href":"https:\/\/api.w.org\/{rel}","templated":true}]}}