{"id":5670,"date":"2014-02-16T20:53:35","date_gmt":"2014-02-16T19:53:35","guid":{"rendered":"http:\/\/ulliso.se\/blog\/?p=5670"},"modified":"2014-02-16T20:58:58","modified_gmt":"2014-02-16T19:58:58","slug":"en-inne-sondag","status":"publish","type":"post","link":"https:\/\/ulliso.se\/blog\/?p=5670","title":{"rendered":"En inne-s\u00f6ndag"},"content":{"rendered":"<p>Idag har vi bara varit inomhus (med undantag f\u00f6r Jonas som var till Coop en sv\u00e4ng nu ikv\u00e4ll). Det \u00e4r s\u00e5 trist v\u00e4der ute nu. Gr\u00e5tt och sn\u00f6igt, allts\u00e5 inget vidare fotov\u00e4der, tyv\u00e4rr. Sn\u00f6n f\u00e5r j\u00e4tteg\u00e4rna t\u00f6a bort nu.<\/p>\n<p>Jag har pluggat lite om demenssjukdomar nu i eftermiddag och jag har ocks\u00e5 skickat in mitt f\u00f6rsta uppdrag i kursen. Min l\u00e4rare var snabb att r\u00e4tta, s\u00e5 jag har redan f\u00e5tt veta mitt resultat. Jag blev som v\u00e4ntat godk\u00e4nd och fick ett E i betyg p\u00e5 uppdraget. Men jag str\u00e4var inte efter n\u00e5got h\u00f6gre betyg \u00e4n E i hela denna kursen.<\/p>\n<p>N\u00e4r denna kursen \u00e4r slut den 4:e april, s\u00e5 ska jag l\u00e4sa en ny kurs. Det blir en kurs i <em>palliativ v\u00e5rd<\/em>. S\u00e5nt \u00e4r alltid nyttigt att l\u00e4sa n\u00e4r man jobbar med \u00e4ldre.<\/p>\n<p>Till middag idag hade vi hemlagat fr\u00e5n grunden. Det blev hemmagjorda biffar med hemmagjord gr\u00e4dds\u00e5s. Potatis, stekt l\u00f6k och lingonsylt till det. Fast iofs, lingonsylten var ju dock fabrikslagad.\u00a0Inget g\u00e5r upp mot hemlagat!<\/p>\n<p><a href=\"https:\/\/ulliso.se\/blog\/wp-content\/uploads\/2014\/02\/IMG_0295.jpg\"><img loading=\"lazy\" class=\"alignnone size-medium wp-image-5671\" alt=\"IMG_0295\" src=\"https:\/\/ulliso.se\/blog\/wp-content\/uploads\/2014\/02\/IMG_0295-300x213.jpg\" width=\"300\" height=\"213\" srcset=\"https:\/\/ulliso.se\/blog\/wp-content\/uploads\/2014\/02\/IMG_0295-300x213.jpg 300w, https:\/\/ulliso.se\/blog\/wp-content\/uploads\/2014\/02\/IMG_0295.jpg 1000w\" sizes=\"(max-width: 300px) 100vw, 300px\" \/><\/a><\/p>\n<p>&nbsp;<\/p>\n<p>Vi har ocks\u00e5 \u00e4gnat oss \u00e5t lite st\u00e4dning idag. Marsvinsburen samt de b\u00e4gge toaletterna h\u00e4r hemma \u00e4r st\u00e4dade. Jag tog t.o.m bort ett stopp som var i handfatet p\u00e5 lilla toaletten. Jonas har dessutom dammsugat. Och som vanligt s\u00e5 har vi b\u00e5de tv\u00e4ttat och diskat. Men de b\u00e5da sysslorna g\u00f6r man ju varje dag.<\/p>\n","protected":false},"excerpt":{"rendered":"<p>Idag har vi bara varit inomhus (med undantag f\u00f6r Jonas som var till Coop en sv\u00e4ng nu ikv\u00e4ll). Det \u00e4r s\u00e5 trist v\u00e4der ute nu. Gr\u00e5tt och sn\u00f6igt, allts\u00e5 inget vidare fotov\u00e4der, tyv\u00e4rr. Sn\u00f6n f\u00e5r j\u00e4tteg\u00e4rna t\u00f6a bort nu. Jag har pluggat lite om demenssjukdomar nu i eftermiddag och jag har ocks\u00e5 skickat in mitt [&hellip;]<\/p>\n","protected":false},"author":1,"featured_media":0,"comment_status":"open","ping_status":"open","sticky":false,"template":"","format":"standard","meta":{"ngg_post_thumbnail":0},"categories":[6],"tags":[],"_links":{"self":[{"href":"https:\/\/ulliso.se\/blog\/index.php?rest_route=\/wp\/v2\/posts\/5670"}],"collection":[{"href":"https:\/\/ulliso.se\/blog\/index.php?rest_route=\/wp\/v2\/posts"}],"about":[{"href":"https:\/\/ulliso.se\/blog\/index.php?rest_route=\/wp\/v2\/types\/post"}],"author":[{"embeddable":true,"href":"https:\/\/ulliso.se\/blog\/index.php?rest_route=\/wp\/v2\/users\/1"}],"replies":[{"embeddable":true,"href":"https:\/\/ulliso.se\/blog\/index.php?rest_route=%2Fwp%2Fv2%2Fcomments&post=5670"}],"version-history":[{"count":4,"href":"https:\/\/ulliso.se\/blog\/index.php?rest_route=\/wp\/v2\/posts\/5670\/revisions"}],"predecessor-version":[{"id":5675,"href":"https:\/\/ulliso.se\/blog\/index.php?rest_route=\/wp\/v2\/posts\/5670\/revisions\/5675"}],"wp:attachment":[{"href":"https:\/\/ulliso.se\/blog\/index.php?rest_route=%2Fwp%2Fv2%2Fmedia&parent=5670"}],"wp:term":[{"taxonomy":"category","embeddable":true,"href":"https:\/\/ulliso.se\/blog\/index.php?rest_route=%2Fwp%2Fv2%2Fcategories&post=5670"},{"taxonomy":"post_tag","embeddable":true,"href":"https:\/\/ulliso.se\/blog\/index.php?rest_route=%2Fwp%2Fv2%2Ftags&post=5670"}],"curies":[{"name":"wp","href":"https:\/\/api.w.org\/{rel}","templated":true}]}}