{"id":5687,"date":"2014-02-18T22:29:57","date_gmt":"2014-02-18T21:29:57","guid":{"rendered":"http:\/\/ulliso.se\/blog\/?p=5687"},"modified":"2014-02-18T23:00:07","modified_gmt":"2014-02-18T22:00:07","slug":"tuesday","status":"publish","type":"post","link":"https:\/\/ulliso.se\/blog\/?p=5687","title":{"rendered":"Tuesday!"},"content":{"rendered":"<p>Idag var b\u00e5de L &amp; I hemma fr\u00e5n skolan. De m\u00e5dde inget bra.<\/p>\n<p>Mina betyg kom hem idag. Jag har verkligen v\u00e4ntat ett tag p\u00e5 att f\u00e5 hem dem. Vi slutade ju den 24\/1 och skulle f\u00e5 hem dem veckan efter. Men de kom som sagt f\u00f6rst idag.<\/p>\n<p>Sj\u00e4lv har jag haft en fruktansv\u00e4rd tr\u00e4ningsv\u00e4rk fr\u00e5n <a href=\"http:\/\/www.youtube.com\/watch?v=QWQA0MLoOPw\" target=\"_blank\">bodyviven<\/a> ig\u00e5r. Vi h\u00e4ngde iallafall med bra ig\u00e5r, f\u00f6r att vara med f\u00f6r f\u00f6rsta g\u00e5ngen i denna releasen (nr 29). De andra deltagarna har ju redan k\u00f6rt denna releasen ett tag. Men det \u00e4r ju m\u00e5nga &#8221;<a href=\"http:\/\/w3.lesmills.com\/sweden\/en\/classes\/bodyvive\/learn-the-moves\/\" target=\"_blank\">grundsteg<\/a>&#8221;, och de stegen kan vi ju sen de tidigare releaserna. N\u00e4r vi kom hem s\u00e5 kom jag att t\u00e4nka p\u00e5 att vive-bollen inte var med i denna release. M\u00e5ste fr\u00e5ga instrukt\u00f6ren om den n\u00e4sta g\u00e5ng.<\/p>\n<p>Vi t\u00e4nkte k\u00f6ra Sh&#8217;Bam ikv\u00e4ll, men eftersom I inte m\u00e5dde bra s\u00e5 hoppade vi det. Jag vet i katten om jag sj\u00e4lv ens hade klarat att tr\u00e4na det idag, f\u00f6r min tr\u00e4ningsv\u00e4rk \u00e4r inte n\u00e5dig!<\/p>\n<p>Jag var och handlade innan jag h\u00e4mtade E fr\u00e5n skolan. Sen var det bara att k\u00f6ra ig\u00e5ng med middagen. Idag lagade jag fiskgrat\u00e4ng. Den \u00e4r verkligen supergod!<\/p>\n<p>I vanligt ordning har jag \u00e4gnat mig \u00e5t disk och tv\u00e4tt. Har \u00e4ven b\u00e4ddat rent i E:s s\u00e4ng. Sen fick jag ett ryck att hj\u00e4lpa till med att st\u00e4da hennes rum. Det d\u00e4r rummet har verkligen en f\u00f6rm\u00e5ga att snabbt bli st\u00f6kigt. Hon vill inte heller kasta n\u00e5got. Hade jag f\u00e5tt best\u00e4mma s\u00e5 hade jag sl\u00e4ngt massor.<\/p>\n<p><!-- index.php -->\n<div\n\tclass=\"ngg-galleryoverview ngg-ajax-pagination-none\"\n\tid=\"ngg-gallery-5688-1\">\n\n    \t<div class=\"slideshowlink\">\n        <a href='https:\/\/ulliso.se\/blog\/index.php\/nggallery\/slideshow?p=5687'>[Show as slideshow]<\/a>\n\t\t\n\t<\/div>\n\t\t\t<!-- Thumbnails -->\n\t\t\t\t<div id=\"ngg-image-0\" class=\"ngg-gallery-thumbnail-box\" >\n\t\t\t\t        <div class=\"ngg-gallery-thumbnail\">\n            <a href=\"https:\/\/ulliso.se\/blog\/wp-content\/gallery\/feb14\/img_0314.jpg\"\n               title=\"Mina betyg kom idag. Jag \u00e4r n\u00f6jd!\"\n               data-src=\"https:\/\/ulliso.se\/blog\/wp-content\/gallery\/feb14\/img_0314.jpg\"\n               data-thumbnail=\"https:\/\/ulliso.se\/blog\/wp-content\/gallery\/feb14\/thumbs\/thumbs_img_0314.jpg\"\n               data-image-id=\"883\"\n               data-title=\"img_0314\"\n               data-description=\"Mina betyg kom idag. Jag \u00e4r n\u00f6jd!\"\n               data-image-slug=\"image-8\"\n               class=\"shutterset_5688\">\n                <img\n                    title=\"img_0314\"\n                    alt=\"img_0314\"\n                    src=\"https:\/\/ulliso.se\/blog\/wp-content\/gallery\/feb14\/thumbs\/thumbs_img_0314.jpg\"\n                    width=\"100\"\n                    height=\"75\"\n                    style=\"max-width:100%;\"\n                \/>\n            <\/a>\n        <\/div>\n\t\t\t\t\t\t\t<\/div> \n\t\t\t\n        \n\t\t\t\t<div id=\"ngg-image-1\" class=\"ngg-gallery-thumbnail-box\" >\n\t\t\t\t        <div class=\"ngg-gallery-thumbnail\">\n            <a href=\"https:\/\/ulliso.se\/blog\/wp-content\/gallery\/feb14\/img_0322.jpg\"\n               title=\"F\u00f6rbereder dagens middag: fiskgrat\u00e4ng. \r\n\r\nI sk\u00e5len har jag 2 dl creme fraiche och 400 gr r\u00e4kost (en stor ask fr\u00e5n Milko). Det blandar jag med 1 dl ekologisk vispgr\u00e4dde, 2 msk hummerfond, salt och peppar. H\u00e4ll r\u00f6ran \u00f6ver fisken (torsk) och in i ugnen (200 \u00b0) i 40 minuter. Ingen mat f\u00f6r den som har fettskr\u00e4ck. ;)\"\n               data-src=\"https:\/\/ulliso.se\/blog\/wp-content\/gallery\/feb14\/img_0322.jpg\"\n               data-thumbnail=\"https:\/\/ulliso.se\/blog\/wp-content\/gallery\/feb14\/thumbs\/thumbs_img_0322.jpg\"\n               data-image-id=\"884\"\n               data-title=\"\"\n               data-description=\"F\u00f6rbereder dagens middag: fiskgrat\u00e4ng. \r\n\r\nI sk\u00e5len har jag 2 dl creme fraiche och 400 gr r\u00e4kost (en stor ask fr\u00e5n Milko). Det blandar jag med 1 dl ekologisk vispgr\u00e4dde, 2 msk hummerfond, salt och peppar. H\u00e4ll r\u00f6ran \u00f6ver fisken (torsk) och in i ugnen (200 \u00b0) i 40 minuter. Ingen mat f\u00f6r den som har fettskr\u00e4ck. ;)\"\n               data-image-slug=\"image-9\"\n               class=\"shutterset_5688\">\n                <img\n                    title=\"\"\n                    alt=\"\"\n                    src=\"https:\/\/ulliso.se\/blog\/wp-content\/gallery\/feb14\/thumbs\/thumbs_img_0322.jpg\"\n                    width=\"100\"\n                    height=\"75\"\n                    style=\"max-width:100%;\"\n                \/>\n            <\/a>\n        <\/div>\n\t\t\t\t\t\t\t<\/div> \n\t\t\t\n        \n\t\t\t\t<div id=\"ngg-image-2\" class=\"ngg-gallery-thumbnail-box\" >\n\t\t\t\t        <div class=\"ngg-gallery-thumbnail\">\n            <a href=\"https:\/\/ulliso.se\/blog\/wp-content\/gallery\/feb14\/img_0333.jpg\"\n               title=\"Klart! Serverade med kokt potatis och rivna mor\u00f6tter. Jag tycker att fisk och rivna mor\u00f6tter \u00e4r ljuvligt ihop!\"\n               data-src=\"https:\/\/ulliso.se\/blog\/wp-content\/gallery\/feb14\/img_0333.jpg\"\n               data-thumbnail=\"https:\/\/ulliso.se\/blog\/wp-content\/gallery\/feb14\/thumbs\/thumbs_img_0333.jpg\"\n               data-image-id=\"885\"\n               data-title=\"\"\n               data-description=\"Klart! Serverade med kokt potatis och rivna mor\u00f6tter. Jag tycker att fisk och rivna mor\u00f6tter \u00e4r ljuvligt ihop!\"\n               data-image-slug=\"image-10\"\n               class=\"shutterset_5688\">\n                <img\n                    title=\"\"\n                    alt=\"\"\n                    src=\"https:\/\/ulliso.se\/blog\/wp-content\/gallery\/feb14\/thumbs\/thumbs_img_0333.jpg\"\n                    width=\"100\"\n                    height=\"75\"\n                    style=\"max-width:100%;\"\n                \/>\n            <\/a>\n        <\/div>\n\t\t\t\t\t\t\t<\/div> \n\t\t\t\n        \n\t\t\t\t<div id=\"ngg-image-3\" class=\"ngg-gallery-thumbnail-box\" >\n\t\t\t\t        <div class=\"ngg-gallery-thumbnail\">\n            <a href=\"https:\/\/ulliso.se\/blog\/wp-content\/gallery\/feb14\/img_0354.jpg\"\n               title=\"Emmys nyst\u00e4dade rum.\"\n               data-src=\"https:\/\/ulliso.se\/blog\/wp-content\/gallery\/feb14\/img_0354.jpg\"\n               data-thumbnail=\"https:\/\/ulliso.se\/blog\/wp-content\/gallery\/feb14\/thumbs\/thumbs_img_0354.jpg\"\n               data-image-id=\"886\"\n               data-title=\"\"\n               data-description=\"Emmys nyst\u00e4dade rum.\"\n               data-image-slug=\"image-11\"\n               class=\"shutterset_5688\">\n                <img\n                    title=\"\"\n                    alt=\"\"\n                    src=\"https:\/\/ulliso.se\/blog\/wp-content\/gallery\/feb14\/thumbs\/thumbs_img_0354.jpg\"\n                    width=\"100\"\n                    height=\"75\"\n                    style=\"max-width:100%;\"\n                \/>\n            <\/a>\n        <\/div>\n\t\t\t\t\t\t\t<\/div> \n\t\t\t\n        \n\t\t\n\t\t<!-- Pagination -->\n\t<div class='ngg-clear'><\/div>\t<\/div>\n<\/p>\n","protected":false},"excerpt":{"rendered":"<p>Idag var b\u00e5de L &amp; I hemma fr\u00e5n skolan. De m\u00e5dde inget bra. Mina betyg kom hem idag. Jag har verkligen v\u00e4ntat ett tag p\u00e5 att f\u00e5 hem dem. Vi slutade ju den 24\/1 och skulle f\u00e5 hem dem veckan efter. Men de kom som sagt f\u00f6rst idag. Sj\u00e4lv har jag haft en fruktansv\u00e4rd tr\u00e4ningsv\u00e4rk [&hellip;]<\/p>\n","protected":false},"author":1,"featured_media":0,"comment_status":"open","ping_status":"open","sticky":false,"template":"","format":"standard","meta":{"ngg_post_thumbnail":0},"categories":[6],"tags":[],"_links":{"self":[{"href":"https:\/\/ulliso.se\/blog\/index.php?rest_route=\/wp\/v2\/posts\/5687"}],"collection":[{"href":"https:\/\/ulliso.se\/blog\/index.php?rest_route=\/wp\/v2\/posts"}],"about":[{"href":"https:\/\/ulliso.se\/blog\/index.php?rest_route=\/wp\/v2\/types\/post"}],"author":[{"embeddable":true,"href":"https:\/\/ulliso.se\/blog\/index.php?rest_route=\/wp\/v2\/users\/1"}],"replies":[{"embeddable":true,"href":"https:\/\/ulliso.se\/blog\/index.php?rest_route=%2Fwp%2Fv2%2Fcomments&post=5687"}],"version-history":[{"count":6,"href":"https:\/\/ulliso.se\/blog\/index.php?rest_route=\/wp\/v2\/posts\/5687\/revisions"}],"predecessor-version":[{"id":5694,"href":"https:\/\/ulliso.se\/blog\/index.php?rest_route=\/wp\/v2\/posts\/5687\/revisions\/5694"}],"wp:attachment":[{"href":"https:\/\/ulliso.se\/blog\/index.php?rest_route=%2Fwp%2Fv2%2Fmedia&parent=5687"}],"wp:term":[{"taxonomy":"category","embeddable":true,"href":"https:\/\/ulliso.se\/blog\/index.php?rest_route=%2Fwp%2Fv2%2Fcategories&post=5687"},{"taxonomy":"post_tag","embeddable":true,"href":"https:\/\/ulliso.se\/blog\/index.php?rest_route=%2Fwp%2Fv2%2Ftags&post=5687"}],"curies":[{"name":"wp","href":"https:\/\/api.w.org\/{rel}","templated":true}]}}